{"id":18490,"date":"2023-10-04T17:53:28","date_gmt":"2023-10-04T17:53:28","guid":{"rendered":"https:\/\/adcap.org.br\/?p=18490"},"modified":"2023-10-04T17:53:29","modified_gmt":"2023-10-04T17:53:29","slug":"outubro-rosa","status":"publish","type":"post","link":"https:\/\/adcap.org.br\/index.php\/outubro-rosa\/","title":{"rendered":"Outubro Rosa"},"content":{"rendered":"<div class=\"wp-block-image\">\n<figure class=\"aligncenter size-large is-resized\"><img decoding=\"async\" loading=\"lazy\" src=\"https:\/\/adcap.org.br\/wp-content\/uploads\/WhatsApp-Image-2023-10-04-at-12.27.00-1024x1024.jpeg\" alt=\"\" class=\"wp-image-18491\" style=\"width:434px;height:434px\" width=\"434\" height=\"434\" srcset=\"https:\/\/adcap.org.br\/wp-content\/uploads\/WhatsApp-Image-2023-10-04-at-12.27.00-1024x1024.jpeg 1024w, https:\/\/adcap.org.br\/wp-content\/uploads\/WhatsApp-Image-2023-10-04-at-12.27.00-300x300.jpeg 300w, https:\/\/adcap.org.br\/wp-content\/uploads\/WhatsApp-Image-2023-10-04-at-12.27.00-150x150.jpeg 150w, https:\/\/adcap.org.br\/wp-content\/uploads\/WhatsApp-Image-2023-10-04-at-12.27.00-768x768.jpeg 768w, https:\/\/adcap.org.br\/wp-content\/uploads\/WhatsApp-Image-2023-10-04-at-12.27.00-1536x1536.jpeg 1536w, https:\/\/adcap.org.br\/wp-content\/uploads\/WhatsApp-Image-2023-10-04-at-12.27.00-1170x1170.jpeg 1170w, https:\/\/adcap.org.br\/wp-content\/uploads\/WhatsApp-Image-2023-10-04-at-12.27.00-585x585.jpeg 585w, https:\/\/adcap.org.br\/wp-content\/uploads\/WhatsApp-Image-2023-10-04-at-12.27.00.jpeg 1600w\" sizes=\"(max-width: 434px) 100vw, 434px\" \/><\/figure><\/div>\n\n\n<p><\/p>\n\n\n\n<p>&#8220;O per\u00edodo \u00e9 celebrado no Brasil e no exterior com o objetivo de compartilhar informa\u00e7\u00f5es e promover a conscientiza\u00e7\u00e3o sobre o c\u00e2ncer de mama, a fim de contribuir para a redu\u00e7\u00e3o da incid\u00eancia e da mortalidade pela doen\u00e7a.<\/p>\n\n\n\n<p>O objetivo do Outubro Rosa 2023 \u00e9 divulgar informa\u00e7\u00f5es sobre o c\u00e2ncer de mama e fortalecer as recomenda\u00e7\u00f5es do Minist\u00e9rio da Sa\u00fade para preven\u00e7\u00e3o, diagn\u00f3stico precoce e rastreamento da doen\u00e7a&#8221;. (Fonte INCA)<\/p>\n\n\n\n<p>&#x1f4cd; Fique por dentro de tudo sobre o tema no: <a href=\"https:\/\/www.gov.br\/inca\/pt-br\/assuntos\/campanhas\/2023\/outubro-rosa\" class=\"ek-link\">https:\/\/www.gov.br\/inca\/pt-br\/assuntos\/campanhas\/2023\/outubro-rosa<\/a><\/p>\n\n\n\n<p><\/p>\n\n\n\n<p class=\"has-text-align-right\"><strong>ADCAP Nacional.<\/strong><\/p>\n","protected":false},"excerpt":{"rendered":"<p>&#8220;O per\u00edodo \u00e9 celebrado no Brasil e no exterior com o objetivo de compartilhar informa\u00e7\u00f5es e promover a conscientiza\u00e7\u00e3o sobre o c\u00e2ncer de mama, a fim de contribuir para a&hellip;<\/p>\n","protected":false},"author":1,"featured_media":0,"comment_status":"closed","ping_status":"closed","sticky":false,"template":"","format":"standard","meta":{"_editorskit_title_hidden":false,"_editorskit_reading_time":0,"_editorskit_is_block_options_detached":false,"_editorskit_block_options_position":"{}","footnotes":""},"categories":[5,44],"tags":[],"aioseo_notices":[],"_links":{"self":[{"href":"https:\/\/adcap.org.br\/index.php\/wp-json\/wp\/v2\/posts\/18490"}],"collection":[{"href":"https:\/\/adcap.org.br\/index.php\/wp-json\/wp\/v2\/posts"}],"about":[{"href":"https:\/\/adcap.org.br\/index.php\/wp-json\/wp\/v2\/types\/post"}],"author":[{"embeddable":true,"href":"https:\/\/adcap.org.br\/index.php\/wp-json\/wp\/v2\/users\/1"}],"replies":[{"embeddable":true,"href":"https:\/\/adcap.org.br\/index.php\/wp-json\/wp\/v2\/comments?post=18490"}],"version-history":[{"count":0,"href":"https:\/\/adcap.org.br\/index.php\/wp-json\/wp\/v2\/posts\/18490\/revisions"}],"wp:attachment":[{"href":"https:\/\/adcap.org.br\/index.php\/wp-json\/wp\/v2\/media?parent=18490"}],"wp:term":[{"taxonomy":"category","embeddable":true,"href":"https:\/\/adcap.org.br\/index.php\/wp-json\/wp\/v2\/categories?post=18490"},{"taxonomy":"post_tag","embeddable":true,"href":"https:\/\/adcap.org.br\/index.php\/wp-json\/wp\/v2\/tags?post=18490"}],"curies":[{"name":"wp","href":"https:\/\/api.w.org\/{rel}","templated":true}]}}