{"id":18156,"date":"2023-07-18T13:43:45","date_gmt":"2023-07-18T13:43:45","guid":{"rendered":"https:\/\/adcap.org.br\/?p=18156"},"modified":"2023-07-18T13:43:45","modified_gmt":"2023-07-18T13:43:45","slug":"lista-de-associados-na-malha-fina","status":"publish","type":"post","link":"https:\/\/adcap.org.br\/index.php\/lista-de-associados-na-malha-fina\/","title":{"rendered":"Lista de associados na malha fina"},"content":{"rendered":"<div style=\"text-align: right;\">N\u00ba 212 &#8211; 18\/07\/2023<\/div>\n<div><\/div>\n<div><\/div>\n<p style=\"text-align: justify;\">Conforme divulgado no Informativo N\u00ba 211 de 30\/06\/2023, a remessa de dados solicitados dos associados com declara\u00e7\u00e3o na malha fina, teve seu prazo encerrado no \u00faltimo dia 16\/07\/2023.<\/p>\n<p style=\"text-align: justify;\">\n<p style=\"text-align: justify;\">Assim, a lista foi conclu\u00edda e encaminhada para os Advogados da ADCAP, em 17\/07\/2023, que far\u00e3o o devido envio para a Receita Federal do Brasil.<\/p>\n<p style=\"text-align: justify;\">\n<p style=\"text-align: justify;\">A partir de agora vamos aguardar as providencias da RFB, para iniciar a libera\u00e7\u00e3o gradativa das declara\u00e7\u00f5es retidas.<\/p>\n<p style=\"text-align: justify;\">\n<p style=\"text-align: justify;\">A libera\u00e7\u00e3o das declara\u00e7\u00f5es depende das providencias adotadas pela RFB e, portanto, a ADCAP, n\u00e3o tem conhecimento de como s\u00e3o executadas essas rotinas nem controle de quando as declara\u00e7\u00f5es ser\u00e3o liberadas.<\/p>\n<p style=\"text-align: justify;\">\n<p style=\"text-align: justify;\">Orientamos que consultem o e-CAC, periodicamente, para constatar se a sua declara\u00e7\u00e3o j\u00e1 foi liberada.<\/p>\n<p style=\"text-align: justify;\">\n<p style=\"text-align: justify;\">As d\u00favidas dever\u00e3o ser encaminhadas para o e-mail: <a href=\"mailto:apoioimpostoderenda@adcap.org.br\">apoioimpostoderenda@adcap.org.br<\/a><\/p>\n<div><\/div>\n<div><\/div>\n<div><\/div>\n<div style=\"text-align: right;\"><strong>Dire\u00e7\u00e3o Nacional da ADCAP.<\/strong><\/div>\n","protected":false},"excerpt":{"rendered":"<p>N\u00ba 212 &#8211; 18\/07\/2023 Conforme divulgado no Informativo N\u00ba 211 de 30\/06\/2023, a remessa de dados solicitados dos associados com declara\u00e7\u00e3o na malha fina, teve seu prazo encerrado no \u00faltimo&hellip;<\/p>\n","protected":false},"author":1,"featured_media":0,"comment_status":"closed","ping_status":"closed","sticky":false,"template":"","format":"standard","meta":{"_editorskit_title_hidden":false,"_editorskit_reading_time":0,"_editorskit_is_block_options_detached":false,"_editorskit_block_options_position":"{}","footnotes":""},"categories":[5,44,150],"tags":[],"aioseo_notices":[],"_links":{"self":[{"href":"https:\/\/adcap.org.br\/index.php\/wp-json\/wp\/v2\/posts\/18156"}],"collection":[{"href":"https:\/\/adcap.org.br\/index.php\/wp-json\/wp\/v2\/posts"}],"about":[{"href":"https:\/\/adcap.org.br\/index.php\/wp-json\/wp\/v2\/types\/post"}],"author":[{"embeddable":true,"href":"https:\/\/adcap.org.br\/index.php\/wp-json\/wp\/v2\/users\/1"}],"replies":[{"embeddable":true,"href":"https:\/\/adcap.org.br\/index.php\/wp-json\/wp\/v2\/comments?post=18156"}],"version-history":[{"count":0,"href":"https:\/\/adcap.org.br\/index.php\/wp-json\/wp\/v2\/posts\/18156\/revisions"}],"wp:attachment":[{"href":"https:\/\/adcap.org.br\/index.php\/wp-json\/wp\/v2\/media?parent=18156"}],"wp:term":[{"taxonomy":"category","embeddable":true,"href":"https:\/\/adcap.org.br\/index.php\/wp-json\/wp\/v2\/categories?post=18156"},{"taxonomy":"post_tag","embeddable":true,"href":"https:\/\/adcap.org.br\/index.php\/wp-json\/wp\/v2\/tags?post=18156"}],"curies":[{"name":"wp","href":"https:\/\/api.w.org\/{rel}","templated":true}]}}