{"id":17920,"date":"2023-04-27T14:19:21","date_gmt":"2023-04-27T14:19:21","guid":{"rendered":"https:\/\/adcap.org.br\/?p=17920"},"modified":"2023-04-27T14:53:14","modified_gmt":"2023-04-27T14:53:14","slug":"votacao-em-curso-para-o-conselho-de-administracao-dos-correios","status":"publish","type":"post","link":"https:\/\/adcap.org.br\/index.php\/votacao-em-curso-para-o-conselho-de-administracao-dos-correios\/","title":{"rendered":"Vota\u00e7\u00e3o em curso para o conselho de administra\u00e7\u00e3o dos Correios"},"content":{"rendered":"<div style=\"text-align: justify;\">Como \u00e9 do conhecimento geral, estamos em per\u00edodo de vota\u00e7\u00e3o nas elei\u00e7\u00f5es para o membro do conselho de administra\u00e7\u00e3o dos Correios escolhido pelos trabalhadores.<\/div>\n<div style=\"text-align: justify;\"><\/div>\n<div style=\"text-align: justify;\">Nesse ano, como em oportunidades anteriores, a ADCAP realizou pr\u00e9vias, para escolher o candidato que receberia o apoio da associa\u00e7\u00e3o nesse pleito. T\u00c2NIA REGINA TEIXEIRA MUNARI logrou \u00eaxito e \u00e9 a candidata apoiada pela ADCAP.<\/div>\n<div style=\"text-align: justify;\"><\/div>\n<div style=\"text-align: justify;\">Como \u00e9 salutar que ocorra em qualquer processo democr\u00e1tico, T\u00e2nia conta tamb\u00e9m com o apoio dos demais candidatos que participaram da pr\u00e9via: JO\u00c3O PINHEIRO DE BARROS NETO e CARLOS EDUARDO GUEDES VALENTE. (Foto)<\/div>\n<div style=\"text-align: justify;\"><\/div>\n<div style=\"text-align: justify;\">No contexto dos Correios, os votos dos associados da ADCAP s\u00e3o extremamente importantes para eleger o membro do Conselho de Administra\u00e7\u00e3o; por esta raz\u00e3o, pedimos a todos os que ainda n\u00e3o votaram que o fa\u00e7am, para assegurar a representatividade do pleito e a elei\u00e7\u00e3o da candidata apoiada. Al\u00e9m de votarem na Tania 44, pedimos tamb\u00e9m que pe\u00e7am o voto para a mesma candidata para seus colegas e contatos que ainda est\u00e3o na ativa, mesmo os que n\u00e3o s\u00e3o associados da ADCAP, pois a elei\u00e7\u00e3o dela \u00e9 muito importante para todos!<\/div>\n<div style=\"text-align: justify;\"><\/div>\n<div style=\"text-align: justify;\">Ent\u00e3o, se voc\u00ea est\u00e1 na ATIVA, exer\u00e7a seu direito de votar!<\/div>\n<div style=\"text-align: justify;\"><\/div>\n<div style=\"text-align: justify;\">&#x27a1;&#xfe0f; Acesse o site <a href=\"https:\/\/ca.eleja.com.br\/\">https:\/\/ca.eleja.com.br\/<\/a> e clique no \u00edcone acesso e vota\u00e7\u00e3o, destacado na cor laranja.<\/div>\n<div style=\"text-align: justify;\"><\/div>\n<div style=\"text-align: justify;\">Contamos com a sua efetiva participa\u00e7\u00e3o, para termos uma representa\u00e7\u00e3o forte no conselho de administra\u00e7\u00e3o dos Correios. Juntos somos mais fortes!!!<\/div>\n<div><\/div>\n<div><\/div>\n<div><a href=\"https:\/\/adcap.org.br\/wp-content\/uploads\/WhatsApp-Image-2023-04-27-at-09.27.56-1.jpeg\" data-rel=\"penci-gallery-image-content\" ><img decoding=\"async\" loading=\"lazy\" class=\"aligncenter size-full wp-image-17921\" src=\"https:\/\/adcap.org.br\/wp-content\/uploads\/WhatsApp-Image-2023-04-27-at-09.27.56-1.jpeg\" alt=\"\" width=\"955\" height=\"734\" srcset=\"https:\/\/adcap.org.br\/wp-content\/uploads\/WhatsApp-Image-2023-04-27-at-09.27.56-1.jpeg 955w, https:\/\/adcap.org.br\/wp-content\/uploads\/WhatsApp-Image-2023-04-27-at-09.27.56-1-300x231.jpeg 300w, https:\/\/adcap.org.br\/wp-content\/uploads\/WhatsApp-Image-2023-04-27-at-09.27.56-1-768x590.jpeg 768w, https:\/\/adcap.org.br\/wp-content\/uploads\/WhatsApp-Image-2023-04-27-at-09.27.56-1-585x450.jpeg 585w\" sizes=\"(max-width: 955px) 100vw, 955px\" \/><\/a><\/div>\n<div style=\"text-align: center;\">Candidata T\u00e2nia com Carlos Eduardo Guedes Valente e<br \/>\nJo\u00e3o Pinheiro de Barros Neto<\/div>\n<div><\/div>\n<div><\/div>\n<div><\/div>\n<div><\/div>\n<div style=\"text-align: right;\"><strong>Dire\u00e7\u00e3o Nacional da ADCAP.<\/strong><\/div>\n","protected":false},"excerpt":{"rendered":"<p>Como \u00e9 do conhecimento geral, estamos em per\u00edodo de vota\u00e7\u00e3o nas elei\u00e7\u00f5es para o membro do conselho de administra\u00e7\u00e3o dos Correios escolhido pelos trabalhadores. Nesse ano, como em oportunidades anteriores,&hellip;<\/p>\n","protected":false},"author":1,"featured_media":0,"comment_status":"closed","ping_status":"closed","sticky":false,"template":"","format":"standard","meta":{"_editorskit_title_hidden":false,"_editorskit_reading_time":0,"_editorskit_is_block_options_detached":false,"_editorskit_block_options_position":"{}","footnotes":""},"categories":[5,44],"tags":[],"aioseo_notices":[],"_links":{"self":[{"href":"https:\/\/adcap.org.br\/index.php\/wp-json\/wp\/v2\/posts\/17920"}],"collection":[{"href":"https:\/\/adcap.org.br\/index.php\/wp-json\/wp\/v2\/posts"}],"about":[{"href":"https:\/\/adcap.org.br\/index.php\/wp-json\/wp\/v2\/types\/post"}],"author":[{"embeddable":true,"href":"https:\/\/adcap.org.br\/index.php\/wp-json\/wp\/v2\/users\/1"}],"replies":[{"embeddable":true,"href":"https:\/\/adcap.org.br\/index.php\/wp-json\/wp\/v2\/comments?post=17920"}],"version-history":[{"count":0,"href":"https:\/\/adcap.org.br\/index.php\/wp-json\/wp\/v2\/posts\/17920\/revisions"}],"wp:attachment":[{"href":"https:\/\/adcap.org.br\/index.php\/wp-json\/wp\/v2\/media?parent=17920"}],"wp:term":[{"taxonomy":"category","embeddable":true,"href":"https:\/\/adcap.org.br\/index.php\/wp-json\/wp\/v2\/categories?post=17920"},{"taxonomy":"post_tag","embeddable":true,"href":"https:\/\/adcap.org.br\/index.php\/wp-json\/wp\/v2\/tags?post=17920"}],"curies":[{"name":"wp","href":"https:\/\/api.w.org\/{rel}","templated":true}]}}