{"id":17902,"date":"2023-04-24T13:18:27","date_gmt":"2023-04-24T13:18:27","guid":{"rendered":"https:\/\/adcap.org.br\/?p=17902"},"modified":"2023-04-24T13:19:41","modified_gmt":"2023-04-24T13:19:41","slug":"mensagem-da-candidata-tania-munari","status":"publish","type":"post","link":"https:\/\/adcap.org.br\/index.php\/mensagem-da-candidata-tania-munari\/","title":{"rendered":"Mensagem da Candidata T\u00e2nia Munari"},"content":{"rendered":"<p style=\"text-align: justify;\">Prezados Colegas, trabalhadoras e trabalhadores dos Correios,<\/p>\n<p style=\"text-align: justify;\">Chegou o momento!<\/p>\n<p style=\"text-align: justify;\">\u00c9 hora de escolher uma representante digna, que ser\u00e1 a nossa voz no Conselho de Administra\u00e7\u00e3o dos Correios.<\/p>\n<p style=\"text-align: justify;\">As elei\u00e7\u00f5es come\u00e7am dia 25\/04\/2023 e se estendem at\u00e9 o dia 02\/05\/2023, por meio do site <a href=\"https:\/\/ca.eleja.com.br\/\">https:\/\/ca.eleja.com.br\/<\/a><\/p>\n<p style=\"text-align: justify;\">Queremos um CA que esteja alinhado aos valores dos Correios, que observe o bem-estar de seus empregados, a sustentabilidade financeira, ambiental e social para a perenidade da empresa, p\u00fablica e da confian\u00e7a do povo brasileiro.<\/p>\n<p style=\"text-align: justify;\">O seu voto permitir\u00e1 que possamos construir juntos uma empresa mais forte e inovadora.<\/p>\n<p style=\"text-align: justify;\">Estou comprometida em ouvir as demandas e buscar solu\u00e7\u00f5es que beneficiem a todos os empregados, do administrativo e do operacional, e, dos aposentados.<\/p>\n<p style=\"text-align: justify;\">Estou convencida de que a experi\u00eancia de meus 25 anos de atua\u00e7\u00e3o nas diversas atividades, \u00e1reas e fun\u00e7\u00f5es, contribuir\u00e3o para a tomada de decis\u00f5es estrat\u00e9gicas e assertivas nos Correios.<\/p>\n<p style=\"text-align: justify;\">Conto com seu voto para fazer a diferen\u00e7a.<\/p>\n<p style=\"text-align: justify;\">Me conhe\u00e7a melhor. Siga no Instagram: @taniamunaricacorreios2023<\/p>\n<p style=\"text-align: justify;\">No link a seguir o curr\u00edculo da candidata e sua plataforma de trabalho na \u00edntegra. Clique e conhe\u00e7a tudo sobre T\u00e2nia Munari:<a href=\"https:\/\/adcap.org.br\/wp-content\/uploads\/Sobre-a-Tania.pdf\"> https:\/\/adcap.org.br\/wp-content\/uploads\/Sobre-a-Tania.pdf<\/a><\/p>\n<div><\/div>\n<div><\/div>\n<div><\/div>\n<div><strong>T\u00e2nia Munari<\/strong><\/div>\n<div><strong>Candidata ao CA.<\/strong><\/div>\n<div><\/div>\n<div><\/div>\n<div><\/div>\n<div style=\"text-align: center;\"><a href=\"https:\/\/adcap.org.br\/wp-content\/uploads\/WhatsApp-Image-2023-04-20-at-10.07.00-1.jpeg\" data-rel=\"penci-gallery-image-content\" ><img decoding=\"async\" loading=\"lazy\" class=\"aligncenter size-full wp-image-17897\" src=\"https:\/\/adcap.org.br\/wp-content\/uploads\/WhatsApp-Image-2023-04-20-at-10.07.00-1.jpeg\" alt=\"\" width=\"1024\" height=\"1024\" srcset=\"https:\/\/adcap.org.br\/wp-content\/uploads\/WhatsApp-Image-2023-04-20-at-10.07.00-1.jpeg 1024w, https:\/\/adcap.org.br\/wp-content\/uploads\/WhatsApp-Image-2023-04-20-at-10.07.00-1-150x150.jpeg 150w, https:\/\/adcap.org.br\/wp-content\/uploads\/WhatsApp-Image-2023-04-20-at-10.07.00-1-300x300.jpeg 300w, https:\/\/adcap.org.br\/wp-content\/uploads\/WhatsApp-Image-2023-04-20-at-10.07.00-1-768x768.jpeg 768w, https:\/\/adcap.org.br\/wp-content\/uploads\/WhatsApp-Image-2023-04-20-at-10.07.00-1-585x585.jpeg 585w\" sizes=\"(max-width: 1024px) 100vw, 1024px\" \/><\/a><\/div>\n","protected":false},"excerpt":{"rendered":"<p>Prezados Colegas, trabalhadoras e trabalhadores dos Correios, Chegou o momento! \u00c9 hora de escolher uma representante digna, que ser\u00e1 a nossa voz no Conselho de Administra\u00e7\u00e3o dos Correios. As elei\u00e7\u00f5es&hellip;<\/p>\n","protected":false},"author":1,"featured_media":0,"comment_status":"closed","ping_status":"closed","sticky":false,"template":"","format":"standard","meta":{"_editorskit_title_hidden":false,"_editorskit_reading_time":0,"_editorskit_is_block_options_detached":false,"_editorskit_block_options_position":"{}","footnotes":""},"categories":[5,44],"tags":[],"aioseo_notices":[],"_links":{"self":[{"href":"https:\/\/adcap.org.br\/index.php\/wp-json\/wp\/v2\/posts\/17902"}],"collection":[{"href":"https:\/\/adcap.org.br\/index.php\/wp-json\/wp\/v2\/posts"}],"about":[{"href":"https:\/\/adcap.org.br\/index.php\/wp-json\/wp\/v2\/types\/post"}],"author":[{"embeddable":true,"href":"https:\/\/adcap.org.br\/index.php\/wp-json\/wp\/v2\/users\/1"}],"replies":[{"embeddable":true,"href":"https:\/\/adcap.org.br\/index.php\/wp-json\/wp\/v2\/comments?post=17902"}],"version-history":[{"count":0,"href":"https:\/\/adcap.org.br\/index.php\/wp-json\/wp\/v2\/posts\/17902\/revisions"}],"wp:attachment":[{"href":"https:\/\/adcap.org.br\/index.php\/wp-json\/wp\/v2\/media?parent=17902"}],"wp:term":[{"taxonomy":"category","embeddable":true,"href":"https:\/\/adcap.org.br\/index.php\/wp-json\/wp\/v2\/categories?post=17902"},{"taxonomy":"post_tag","embeddable":true,"href":"https:\/\/adcap.org.br\/index.php\/wp-json\/wp\/v2\/tags?post=17902"}],"curies":[{"name":"wp","href":"https:\/\/api.w.org\/{rel}","templated":true}]}}