{"id":17776,"date":"2023-03-31T20:40:18","date_gmt":"2023-03-31T20:40:18","guid":{"rendered":"https:\/\/adcap.org.br\/?p=17776"},"modified":"2023-03-31T20:40:18","modified_gmt":"2023-03-31T20:40:18","slug":"previas-da-adcap-eleicoes-ao-conselho-de-administracao-dos-correios-2","status":"publish","type":"post","link":"https:\/\/adcap.org.br\/index.php\/previas-da-adcap-eleicoes-ao-conselho-de-administracao-dos-correios-2\/","title":{"rendered":"Pr\u00e9vias da ADCAP &#8211; Elei\u00e7\u00f5es ao Conselho de Administra\u00e7\u00e3o dos Correios"},"content":{"rendered":"<div style=\"text-align: center;\">Homologa\u00e7\u00e3o de resultado<\/p>\n<\/div>\n<div><\/div>\n<p style=\"text-align: justify;\">Conforme Edital das Elei\u00e7\u00f5es Pr\u00e9vias para a escolha do candidato a ser apoiado pela ADCAP nas elei\u00e7\u00f5es para o Conselho Administra\u00e7\u00e3o da ECT, a Comiss\u00e3o Eleitoral, homologou nesta data, 31\/03\/23, o resultado das candidaturas, j\u00e1 que n\u00e3o houve nenhuma apresenta\u00e7\u00e3o de recurso.<\/p>\n<p style=\"text-align: justify;\">\n<p style=\"text-align: justify;\">Divulgamos novamente, os candidatos homologados:<\/p>\n<p style=\"text-align: justify;\">\n<p style=\"text-align: justify;\"><strong>Carlos Eduardo Guedes Valente \u2013 RJ<\/strong><\/p>\n<p style=\"text-align: justify;\"><strong>Jo\u00e3o Pinheiro de Barros Neto \u2013 SPM<\/strong><\/p>\n<p style=\"text-align: justify;\"><strong>T\u00e2nia Regina Teixeira Munari \u2013 DF<\/strong><\/p>\n<p style=\"text-align: justify;\">\n<p style=\"text-align: justify;\">J\u00e1 est\u00e1 dispon\u00edvel a p\u00e1gina da Elei\u00e7\u00e3o, com todas as fotos, curr\u00edculos e plataformas de campanha dos candidatos. Acesse e acompanhe todo o processo pelo link: <a href=\"https:\/\/sis.adcap.org.br\/votacao\/previas-adcap-eleicao-conselho-de-administracao-dos-correios-2023\">https:\/\/sis.adcap.org.br\/votacao\/previas-adcap-eleicao-conselho-de-administracao-dos-correios-2023\u00a0<\/a><\/p>\n<p style=\"text-align: justify;\">\n<p style=\"text-align: justify;\">\n<p style=\"text-align: right;\"><strong>Comiss\u00e3o Eleitoral das Pr\u00e9vias<\/strong><\/p>\n","protected":false},"excerpt":{"rendered":"<p>Homologa\u00e7\u00e3o de resultado Conforme Edital das Elei\u00e7\u00f5es Pr\u00e9vias para a escolha do candidato a ser apoiado pela ADCAP nas elei\u00e7\u00f5es para o Conselho Administra\u00e7\u00e3o da ECT, a Comiss\u00e3o Eleitoral, homologou&hellip;<\/p>\n","protected":false},"author":1,"featured_media":0,"comment_status":"closed","ping_status":"closed","sticky":false,"template":"","format":"standard","meta":{"_editorskit_title_hidden":false,"_editorskit_reading_time":0,"_editorskit_is_block_options_detached":false,"_editorskit_block_options_position":"{}","footnotes":""},"categories":[5,44],"tags":[],"aioseo_notices":[],"_links":{"self":[{"href":"https:\/\/adcap.org.br\/index.php\/wp-json\/wp\/v2\/posts\/17776"}],"collection":[{"href":"https:\/\/adcap.org.br\/index.php\/wp-json\/wp\/v2\/posts"}],"about":[{"href":"https:\/\/adcap.org.br\/index.php\/wp-json\/wp\/v2\/types\/post"}],"author":[{"embeddable":true,"href":"https:\/\/adcap.org.br\/index.php\/wp-json\/wp\/v2\/users\/1"}],"replies":[{"embeddable":true,"href":"https:\/\/adcap.org.br\/index.php\/wp-json\/wp\/v2\/comments?post=17776"}],"version-history":[{"count":0,"href":"https:\/\/adcap.org.br\/index.php\/wp-json\/wp\/v2\/posts\/17776\/revisions"}],"wp:attachment":[{"href":"https:\/\/adcap.org.br\/index.php\/wp-json\/wp\/v2\/media?parent=17776"}],"wp:term":[{"taxonomy":"category","embeddable":true,"href":"https:\/\/adcap.org.br\/index.php\/wp-json\/wp\/v2\/categories?post=17776"},{"taxonomy":"post_tag","embeddable":true,"href":"https:\/\/adcap.org.br\/index.php\/wp-json\/wp\/v2\/tags?post=17776"}],"curies":[{"name":"wp","href":"https:\/\/api.w.org\/{rel}","templated":true}]}}