{"id":17737,"date":"2023-03-23T13:24:37","date_gmt":"2023-03-23T13:24:37","guid":{"rendered":"https:\/\/adcap.org.br\/?p=17737"},"modified":"2023-03-23T13:48:21","modified_gmt":"2023-03-23T13:48:21","slug":"adcap-cria-grupo-de-trabalho-para-tratar-das-relacoes-de-trabalho-dos-associados-com-os-correios","status":"publish","type":"post","link":"https:\/\/adcap.org.br\/index.php\/adcap-cria-grupo-de-trabalho-para-tratar-das-relacoes-de-trabalho-dos-associados-com-os-correios\/","title":{"rendered":"ADCAP cria Grupo de Trabalho para tratar das rela\u00e7\u00f5es de trabalho dos associados com os Correios"},"content":{"rendered":"<p style=\"text-align: justify;\">Considerando a import\u00e2ncia de avan\u00e7ar e melhorar as rela\u00e7\u00f5es de trabalho entre os associados da ADCAP e os Correios, a Associa\u00e7\u00e3o criou grupo de trabalho para coordenar as demandas dos associados e o relacionamento com parceiros e Correios sobre esse tema.<\/p>\n<p style=\"text-align: justify;\">O grupo ser\u00e1 coordenado pelo Diretor de Rela\u00e7\u00f5es Externas Jose Maria dos Santos. Dentre as primeiras atividades do grupo est\u00e1 o levantamento e an\u00e1lise dos temas de interesse dos associados relativos ao Acordo Coletivo de Trabalho 2023\/2024.<\/p>\n<p style=\"text-align: justify;\">Neste sentido, para receber as sugest\u00f5es dos associados foi disponibilizado o e-mail espec\u00edfico <a href=\"mailto:relacoestrabalho@adcap.org.br\">relacoestrabalho@adcap.org.br<\/a>\u00a0 para onde os associados podem enviar suas sugest\u00f5es de temas.<\/p>\n<p style=\"text-align: justify;\">Igualmente, situa\u00e7\u00f5es que envolvem as atividades e rela\u00e7\u00f5es nas Superintend\u00eancias e Departamentos que se refiram ao ambiente de trabalho, sa\u00fade no trabalho, urbanidade etc. poder\u00e3o ser enviadas para o e-mail indicado para an\u00e1lise e avalia\u00e7\u00e3o por parte do referido grupo de trabalho.<\/p>\n<p style=\"text-align: justify;\">A portaria de constitui\u00e7\u00e3o pode ser consultada pelo link: <a href=\"https:\/\/adcap.org.br\/wp-content\/uploads\/Portaria-Grupo-de-Trabalho-Correios.pdf\">https:\/\/adcap.org.br\/wp-content\/uploads\/Portaria-Grupo-de-Trabalho-Correios.pdf\u00a0<\/a><\/p>\n<div><\/div>\n<div><\/div>\n<div style=\"text-align: right;\"><strong>Dire\u00e7\u00e3o Nacional da ADCAP.<\/strong><\/div>\n","protected":false},"excerpt":{"rendered":"<p>Considerando a import\u00e2ncia de avan\u00e7ar e melhorar as rela\u00e7\u00f5es de trabalho entre os associados da ADCAP e os Correios, a Associa\u00e7\u00e3o criou grupo de trabalho para coordenar as demandas dos&hellip;<\/p>\n","protected":false},"author":1,"featured_media":0,"comment_status":"closed","ping_status":"closed","sticky":false,"template":"","format":"standard","meta":{"_editorskit_title_hidden":false,"_editorskit_reading_time":0,"_editorskit_is_block_options_detached":false,"_editorskit_block_options_position":"{}","footnotes":""},"categories":[5,44],"tags":[],"aioseo_notices":[],"_links":{"self":[{"href":"https:\/\/adcap.org.br\/index.php\/wp-json\/wp\/v2\/posts\/17737"}],"collection":[{"href":"https:\/\/adcap.org.br\/index.php\/wp-json\/wp\/v2\/posts"}],"about":[{"href":"https:\/\/adcap.org.br\/index.php\/wp-json\/wp\/v2\/types\/post"}],"author":[{"embeddable":true,"href":"https:\/\/adcap.org.br\/index.php\/wp-json\/wp\/v2\/users\/1"}],"replies":[{"embeddable":true,"href":"https:\/\/adcap.org.br\/index.php\/wp-json\/wp\/v2\/comments?post=17737"}],"version-history":[{"count":0,"href":"https:\/\/adcap.org.br\/index.php\/wp-json\/wp\/v2\/posts\/17737\/revisions"}],"wp:attachment":[{"href":"https:\/\/adcap.org.br\/index.php\/wp-json\/wp\/v2\/media?parent=17737"}],"wp:term":[{"taxonomy":"category","embeddable":true,"href":"https:\/\/adcap.org.br\/index.php\/wp-json\/wp\/v2\/categories?post=17737"},{"taxonomy":"post_tag","embeddable":true,"href":"https:\/\/adcap.org.br\/index.php\/wp-json\/wp\/v2\/tags?post=17737"}],"curies":[{"name":"wp","href":"https:\/\/api.w.org\/{rel}","templated":true}]}}