{"id":17604,"date":"2023-02-08T14:40:16","date_gmt":"2023-02-08T14:40:16","guid":{"rendered":"https:\/\/adcap.org.br\/?p=17604"},"modified":"2023-05-15T17:19:50","modified_gmt":"2023-05-15T17:19:50","slug":"ainda-sobre-a-reuniao-da-adcap-com-o-presidente-da-postal-saude-retificacao","status":"publish","type":"post","link":"https:\/\/adcap.org.br\/index.php\/ainda-sobre-a-reuniao-da-adcap-com-o-presidente-da-postal-saude-retificacao\/","title":{"rendered":"Ainda sobre a reuni\u00e3o da ADCAP com o presidente da Postal Sa\u00fade &#8211; Retifica\u00e7\u00e3o"},"content":{"rendered":"<p style=\"text-align: justify;\">Em recente publica\u00e7\u00e3o: REUNI\u00c3O DA ADCAP COM PRESIDENTE DA POSTAL SAUDE J\u00c1 PRODUZ RESULTADOS, foi informado que o prazo de perman\u00eancia dos desligados dos Correios pelo PDI 2020 no Plano de Sa\u00fade estaria prorrogado por no m\u00ednimo seis meses.<\/p>\n<p style=\"text-align: justify;\">\n<p style=\"text-align: justify;\">Em verdade, o Presidente da Postal Saude na reuni\u00e3o informou, que o tema est\u00e1 em estudo avan\u00e7ado juntos aos Correios, mantenedora da Postal Sa\u00fade, mas ainda sem decis\u00e3o.<\/p>\n<p style=\"text-align: justify;\">\n<div style=\"text-align: justify;\">\n<p>Sabemos da ansiedade dos aposentados sobre o tema, mas por dever de corre\u00e7\u00e3o e verdade, esclarecemos que na reuni\u00e3o a informa\u00e7\u00e3o prestada pelo Presidente Cristiano Say\u00e3o foi de o tema estar em estudo avan\u00e7ado, contar com a sua simpatia e empenho, mas, ainda, sem decis\u00e3o por parte dos Correios e Postal Sa\u00fade.<\/p>\n<\/div>\n<div><\/div>\n<div><\/div>\n<div style=\"text-align: right;\"><strong>Dire\u00e7\u00e3o Nacional da ADCAP.<\/strong><\/div>\n","protected":false},"excerpt":{"rendered":"<p>Em recente publica\u00e7\u00e3o: REUNI\u00c3O DA ADCAP COM PRESIDENTE DA POSTAL SAUDE J\u00c1 PRODUZ RESULTADOS, foi informado que o prazo de perman\u00eancia dos desligados dos Correios pelo PDI 2020 no Plano&hellip;<\/p>\n","protected":false},"author":1,"featured_media":0,"comment_status":"closed","ping_status":"closed","sticky":false,"template":"","format":"standard","meta":{"_editorskit_title_hidden":false,"_editorskit_reading_time":0,"_editorskit_is_block_options_detached":false,"_editorskit_block_options_position":"{}","footnotes":""},"categories":[5,44],"tags":[],"aioseo_notices":[],"_links":{"self":[{"href":"https:\/\/adcap.org.br\/index.php\/wp-json\/wp\/v2\/posts\/17604"}],"collection":[{"href":"https:\/\/adcap.org.br\/index.php\/wp-json\/wp\/v2\/posts"}],"about":[{"href":"https:\/\/adcap.org.br\/index.php\/wp-json\/wp\/v2\/types\/post"}],"author":[{"embeddable":true,"href":"https:\/\/adcap.org.br\/index.php\/wp-json\/wp\/v2\/users\/1"}],"replies":[{"embeddable":true,"href":"https:\/\/adcap.org.br\/index.php\/wp-json\/wp\/v2\/comments?post=17604"}],"version-history":[{"count":0,"href":"https:\/\/adcap.org.br\/index.php\/wp-json\/wp\/v2\/posts\/17604\/revisions"}],"wp:attachment":[{"href":"https:\/\/adcap.org.br\/index.php\/wp-json\/wp\/v2\/media?parent=17604"}],"wp:term":[{"taxonomy":"category","embeddable":true,"href":"https:\/\/adcap.org.br\/index.php\/wp-json\/wp\/v2\/categories?post=17604"},{"taxonomy":"post_tag","embeddable":true,"href":"https:\/\/adcap.org.br\/index.php\/wp-json\/wp\/v2\/tags?post=17604"}],"curies":[{"name":"wp","href":"https:\/\/api.w.org\/{rel}","templated":true}]}}