{"id":17565,"date":"2023-01-27T19:38:58","date_gmt":"2023-01-27T19:38:58","guid":{"rendered":"https:\/\/adcap.org.br\/?p=17565"},"modified":"2023-01-27T19:38:58","modified_gmt":"2023-01-27T19:38:58","slug":"ministro-das-comunicacoes-sauda-carteiros-e-profissionais-dos-correios","status":"publish","type":"post","link":"https:\/\/adcap.org.br\/index.php\/ministro-das-comunicacoes-sauda-carteiros-e-profissionais-dos-correios\/","title":{"rendered":"Ministro das Comunica\u00e7\u00f5es sa\u00fada carteiros e profissionais dos Correios"},"content":{"rendered":"<p style=\"text-align: center;\"><a href=\"https:\/\/adcap.org.br\/wp-content\/uploads\/Ministro-Comunica\u00e7\u00f5es.jpg\" data-rel=\"penci-gallery-image-content\" ><img decoding=\"async\" loading=\"lazy\" class=\"aligncenter wp-image-17566 size-medium\" src=\"https:\/\/adcap.org.br\/wp-content\/uploads\/Ministro-Comunica\u00e7\u00f5es-300x273.jpg\" alt=\"\" width=\"300\" height=\"273\" srcset=\"https:\/\/adcap.org.br\/wp-content\/uploads\/Ministro-Comunica\u00e7\u00f5es-300x273.jpg 300w, https:\/\/adcap.org.br\/wp-content\/uploads\/Ministro-Comunica\u00e7\u00f5es-585x533.jpg 585w, https:\/\/adcap.org.br\/wp-content\/uploads\/Ministro-Comunica\u00e7\u00f5es.jpg 745w\" sizes=\"(max-width: 300px) 100vw, 300px\" \/><\/a><\/p>\n<p>Ministro das Comunica\u00e7\u00f5es sa\u00fada carteiros e profissionais dos Correios por ocasi\u00e3o do dia do Carteiro e 360 anos dos Correios<\/p>\n<div><strong>Assista no link:<\/strong> <a href=\"https:\/\/www.youtube.com\/watch?v=_jfasTvSsEk\">https:\/\/www.youtube.com\/watch?v=_jfasTvSsEk<\/a><\/div>\n<div><\/div>\n<div><\/div>\n<div style=\"text-align: right;\"><strong>Dire\u00e7\u00e3o Nacional da ADCAP.<\/strong><\/div>\n","protected":false},"excerpt":{"rendered":"<p>Ministro das Comunica\u00e7\u00f5es sa\u00fada carteiros e profissionais dos Correios por ocasi\u00e3o do dia do Carteiro e 360 anos dos Correios Assista no link: https:\/\/www.youtube.com\/watch?v=_jfasTvSsEk Dire\u00e7\u00e3o Nacional da ADCAP.<\/p>\n","protected":false},"author":1,"featured_media":0,"comment_status":"closed","ping_status":"closed","sticky":false,"template":"","format":"standard","meta":{"_editorskit_title_hidden":false,"_editorskit_reading_time":0,"_editorskit_is_block_options_detached":false,"_editorskit_block_options_position":"{}","footnotes":""},"categories":[5,44],"tags":[],"aioseo_notices":[],"_links":{"self":[{"href":"https:\/\/adcap.org.br\/index.php\/wp-json\/wp\/v2\/posts\/17565"}],"collection":[{"href":"https:\/\/adcap.org.br\/index.php\/wp-json\/wp\/v2\/posts"}],"about":[{"href":"https:\/\/adcap.org.br\/index.php\/wp-json\/wp\/v2\/types\/post"}],"author":[{"embeddable":true,"href":"https:\/\/adcap.org.br\/index.php\/wp-json\/wp\/v2\/users\/1"}],"replies":[{"embeddable":true,"href":"https:\/\/adcap.org.br\/index.php\/wp-json\/wp\/v2\/comments?post=17565"}],"version-history":[{"count":0,"href":"https:\/\/adcap.org.br\/index.php\/wp-json\/wp\/v2\/posts\/17565\/revisions"}],"wp:attachment":[{"href":"https:\/\/adcap.org.br\/index.php\/wp-json\/wp\/v2\/media?parent=17565"}],"wp:term":[{"taxonomy":"category","embeddable":true,"href":"https:\/\/adcap.org.br\/index.php\/wp-json\/wp\/v2\/categories?post=17565"},{"taxonomy":"post_tag","embeddable":true,"href":"https:\/\/adcap.org.br\/index.php\/wp-json\/wp\/v2\/tags?post=17565"}],"curies":[{"name":"wp","href":"https:\/\/api.w.org\/{rel}","templated":true}]}}