{"id":17536,"date":"2023-01-18T13:42:05","date_gmt":"2023-01-18T13:42:05","guid":{"rendered":"https:\/\/adcap.org.br\/?p=17536"},"modified":"2023-05-26T15:19:58","modified_gmt":"2023-05-26T15:19:58","slug":"adcap-net-18-01-2023-saiu-na-midia-clipping-de-noticias-sobre-os-correios-leia","status":"publish","type":"post","link":"https:\/\/adcap.org.br\/index.php\/adcap-net-18-01-2023-saiu-na-midia-clipping-de-noticias-sobre-os-correios-leia\/","title":{"rendered":"Adcap Net 18\/01\/2023 &#8211; Saiu na m\u00eddia! Clipping de Not\u00edcias sobre os Correios &#8211; Leia!"},"content":{"rendered":"<h1 style=\"text-align: justify;\"><strong>Nome de Bolsonaro nos Correios faz nomea\u00e7\u00f5es j\u00e1 na gest\u00e3o Lula<\/strong><\/h1>\n<div style=\"text-align: justify;\"><\/div>\n<div style=\"text-align: justify;\">No governo Lula, presidente dos Correios desde o governo Bolsonaro segue fazendo mudan\u00e7as estrat\u00e9gicas<\/div>\n<div><\/div>\n<div style=\"text-align: center;\"><a href=\"https:\/\/adcap.org.br\/wp-content\/uploads\/Net-180123.jpg\" data-rel=\"penci-gallery-image-content\" ><img decoding=\"async\" loading=\"lazy\" class=\"aligncenter size-full wp-image-17538\" src=\"https:\/\/adcap.org.br\/wp-content\/uploads\/Net-180123.jpg\" alt=\"\" width=\"718\" height=\"490\" srcset=\"https:\/\/adcap.org.br\/wp-content\/uploads\/Net-180123.jpg 718w, https:\/\/adcap.org.br\/wp-content\/uploads\/Net-180123-300x205.jpg 300w, https:\/\/adcap.org.br\/wp-content\/uploads\/Net-180123-585x399.jpg 585w\" sizes=\"(max-width: 718px) 100vw, 718px\" \/><\/a><\/div>\n<div style=\"text-align: justify;\"><\/div>\n<div style=\"text-align: justify;\">Metr\u00f3poles<\/div>\n<div style=\"text-align: justify;\">16\/01\/2023<\/div>\n<div style=\"text-align: justify;\">Guilherme Amado<\/div>\n<div style=\"text-align: justify;\">Eduardo Barretto<\/div>\n<div style=\"text-align: justify;\"><\/div>\n<div style=\"text-align: justify;\">Nomeado no governo Bolsonaro, o presidente interino dos <strong>Correios<\/strong>, Heglehyschynton Val\u00e9rio Mar\u00e7al, segue fazendo mudan\u00e7as estrat\u00e9gicas na estatal j\u00e1 na gest\u00e3o Lula. Enquanto Lula n\u00e3o define o comando da empresa, Mar\u00e7al nomeou novos superintendentes nesta semana. Na segunda-feira (9\/1), Mar\u00e7al nomeou Jaqueline Costa como superintendente do Rio Grande do Norte. No dia seguinte, foi a vez de Carlos Eduardo Fidencio assumir a superintend\u00eancia em S\u00e3o Paulo. Na quarta-feira (11\/1), Osorio de Carvalho foi nomeado na superintend\u00eancia executiva de gest\u00e3o de produtos. O governo Bolsonaro tentou privatizar os Correios, sem sucesso. A gest\u00e3o Lula, por outro lado, tenta fortalecer a estatal e \u00e9 cr\u00edtica a privatiza\u00e7\u00f5es.<\/div>\n<div style=\"text-align: justify;\"><\/div>\n<div style=\"text-align: justify;\">Procurada, a estatal afirmou que as nomea\u00e7\u00f5es foram regulares: \u201cAs substitui\u00e7\u00f5es buscam manter a melhor performance da empresa e s\u00e3o decis\u00f5es de cunho unicamente administrativo\u201d.<\/div>\n<div style=\"text-align: justify;\"><\/div>\n<h1 style=\"text-align: justify;\"><strong>Sob PT, Correios exclui regra de meritocracia e derruba corregedor com mandato<\/strong><\/h1>\n<div style=\"text-align: justify;\"><\/div>\n<div style=\"text-align: justify;\">Jornal de Bras\u00edlia<\/div>\n<div style=\"text-align: justify;\">17\/01\/23<\/div>\n<div style=\"text-align: justify;\"><\/div>\n<div style=\"text-align: justify;\">O general Floriano Peixoto, que presidiu a estatal na gest\u00e3o de Jair Bolsonaro, instituiu nos <strong>Correios<\/strong> a sele\u00e7\u00e3o interna para vaga de diretores regionais. Cargos muito cobi\u00e7ados pelo poder de parcerias e contratos milion\u00e1rios. A medida j\u00e1 caiu no novo Governo: as regionais ser\u00e3o ocupadas agora por indica\u00e7\u00e3o do comando. A meritocracia foi para o espa\u00e7o, mas h\u00e1 tamb\u00e9m outro epis\u00f3dio gritante: um delegado federal que era corregedor com mandato at\u00e9 2025 j\u00e1 foi derrubado pela nova gest\u00e3o do PT. As articula\u00e7\u00f5es para a retomada dos Correios pelo antigo grupo petista est\u00e3o nas m\u00e3os da presidente do partido, Gleisi Hoffmann \u2013 aliada ao ex-marido Paulo Bernardo. Eles queriam emplacar o ex-deputado sindicalista Vicentinho (SP) na presid\u00eancia da estatal \u2013 que n\u00e3o ser\u00e1 mais privatizada e tem previs\u00e3o de faturar mais de R$ 30 bilh\u00f5es este ano. Um grupo de advogados ligado ao presidente Lula da Silva tamb\u00e9m j\u00e1 indicou outro nome.<\/div>\n<div><\/div>\n<div><\/div>\n<div style=\"text-align: right;\"><\/div>\n<div style=\"text-align: right;\"><strong>Dire\u00e7\u00e3o Nacional da ADCAP.<\/strong><\/div>\n","protected":false},"excerpt":{"rendered":"<p>Nome de Bolsonaro nos Correios faz nomea\u00e7\u00f5es j\u00e1 na gest\u00e3o Lula No governo Lula, presidente dos Correios desde o governo Bolsonaro segue fazendo mudan\u00e7as estrat\u00e9gicas Metr\u00f3poles 16\/01\/2023 Guilherme Amado Eduardo&hellip;<\/p>\n","protected":false},"author":1,"featured_media":0,"comment_status":"closed","ping_status":"closed","sticky":false,"template":"","format":"standard","meta":{"_editorskit_title_hidden":false,"_editorskit_reading_time":0,"_editorskit_is_block_options_detached":false,"_editorskit_block_options_position":"{}","footnotes":""},"categories":[3,43],"tags":[],"aioseo_notices":[],"_links":{"self":[{"href":"https:\/\/adcap.org.br\/index.php\/wp-json\/wp\/v2\/posts\/17536"}],"collection":[{"href":"https:\/\/adcap.org.br\/index.php\/wp-json\/wp\/v2\/posts"}],"about":[{"href":"https:\/\/adcap.org.br\/index.php\/wp-json\/wp\/v2\/types\/post"}],"author":[{"embeddable":true,"href":"https:\/\/adcap.org.br\/index.php\/wp-json\/wp\/v2\/users\/1"}],"replies":[{"embeddable":true,"href":"https:\/\/adcap.org.br\/index.php\/wp-json\/wp\/v2\/comments?post=17536"}],"version-history":[{"count":0,"href":"https:\/\/adcap.org.br\/index.php\/wp-json\/wp\/v2\/posts\/17536\/revisions"}],"wp:attachment":[{"href":"https:\/\/adcap.org.br\/index.php\/wp-json\/wp\/v2\/media?parent=17536"}],"wp:term":[{"taxonomy":"category","embeddable":true,"href":"https:\/\/adcap.org.br\/index.php\/wp-json\/wp\/v2\/categories?post=17536"},{"taxonomy":"post_tag","embeddable":true,"href":"https:\/\/adcap.org.br\/index.php\/wp-json\/wp\/v2\/tags?post=17536"}],"curies":[{"name":"wp","href":"https:\/\/api.w.org\/{rel}","templated":true}]}}