{"id":17418,"date":"2022-11-04T13:10:27","date_gmt":"2022-11-04T13:10:27","guid":{"rendered":"https:\/\/adcap.org.br\/?p=17418"},"modified":"2022-11-04T13:10:27","modified_gmt":"2022-11-04T13:10:27","slug":"adcap-questiona-direcao-dos-correios-sobre-intencao-de-retirar-patrocinio-do-postalis","status":"publish","type":"post","link":"https:\/\/adcap.org.br\/index.php\/adcap-questiona-direcao-dos-correios-sobre-intencao-de-retirar-patrocinio-do-postalis\/","title":{"rendered":"ADCAP questiona dire\u00e7\u00e3o dos Correios sobre inten\u00e7\u00e3o de retirar patroc\u00ednio do Postalis"},"content":{"rendered":"<p style=\"text-align: justify;\">A ADCAP recentemente fez live tratando da privatiza\u00e7\u00e3o dos Correios e suas consequ\u00eancias para os empregados e aposentados. Naquele momento foi discutido a atual situa\u00e7\u00e3o do Fundo BD e as implica\u00e7\u00f5es de uma poss\u00edvel retirada de patroc\u00ednio.<\/p>\n<p style=\"text-align: justify;\">A ADCAP questionou de modo direto a Presid\u00eancia dos Correios sobre tal inten\u00e7\u00e3o e recebeu resposta evasiva sobre o tema.<\/p>\n<p style=\"text-align: justify;\">A correspond\u00eancia da ADCAP e resposta dos Correios est\u00e3o nos links abaixo, para conhecimento de todos:<\/p>\n<p style=\"text-align: center;\"><strong>Carta da ADCAP<\/strong><\/p>\n<p><a href=\"https:\/\/adcap.org.br\/wp-content\/uploads\/Ct-053-1.jpg\" data-rel=\"penci-gallery-image-content\" ><img decoding=\"async\" loading=\"lazy\" class=\"aligncenter size-full wp-image-17419\" src=\"https:\/\/adcap.org.br\/wp-content\/uploads\/Ct-053-1.jpg\" alt=\"\" width=\"722\" height=\"888\" srcset=\"https:\/\/adcap.org.br\/wp-content\/uploads\/Ct-053-1.jpg 722w, https:\/\/adcap.org.br\/wp-content\/uploads\/Ct-053-1-244x300.jpg 244w, https:\/\/adcap.org.br\/wp-content\/uploads\/Ct-053-1-585x720.jpg 585w\" sizes=\"(max-width: 722px) 100vw, 722px\" \/><\/a><\/p>\n<p style=\"text-align: center;\">\n<strong>Resposta dos Correios<\/strong><\/p>\n<p>&nbsp;<\/p>\n<p style=\"text-align: center;\"><a href=\"https:\/\/adcap.org.br\/wp-content\/uploads\/Ct-053-2.jpg\" data-rel=\"penci-gallery-image-content\" ><img decoding=\"async\" loading=\"lazy\" class=\"aligncenter size-full wp-image-17420\" src=\"https:\/\/adcap.org.br\/wp-content\/uploads\/Ct-053-2.jpg\" alt=\"\" width=\"720\" height=\"881\" srcset=\"https:\/\/adcap.org.br\/wp-content\/uploads\/Ct-053-2.jpg 720w, https:\/\/adcap.org.br\/wp-content\/uploads\/Ct-053-2-245x300.jpg 245w, https:\/\/adcap.org.br\/wp-content\/uploads\/Ct-053-2-585x716.jpg 585w\" sizes=\"(max-width: 720px) 100vw, 720px\" \/><\/a><\/p>\n<p>&nbsp;<\/p>\n<p>&nbsp;<\/p>\n<p>&nbsp;<\/p>\n<p>&nbsp;<\/p>\n<p style=\"text-align: right;\">\n<strong>Dire\u00e7\u00e3o Nacional da ADCAP.<\/strong><\/p>\n<p>&nbsp;<\/p>\n","protected":false},"excerpt":{"rendered":"<p>A ADCAP recentemente fez live tratando da privatiza\u00e7\u00e3o dos Correios e suas consequ\u00eancias para os empregados e aposentados. Naquele momento foi discutido a atual situa\u00e7\u00e3o do Fundo BD e as&hellip;<\/p>\n","protected":false},"author":1,"featured_media":0,"comment_status":"closed","ping_status":"closed","sticky":false,"template":"","format":"standard","meta":{"_editorskit_title_hidden":false,"_editorskit_reading_time":0,"_editorskit_is_block_options_detached":false,"_editorskit_block_options_position":"{}","footnotes":""},"categories":[5,44],"tags":[],"aioseo_notices":[],"_links":{"self":[{"href":"https:\/\/adcap.org.br\/index.php\/wp-json\/wp\/v2\/posts\/17418"}],"collection":[{"href":"https:\/\/adcap.org.br\/index.php\/wp-json\/wp\/v2\/posts"}],"about":[{"href":"https:\/\/adcap.org.br\/index.php\/wp-json\/wp\/v2\/types\/post"}],"author":[{"embeddable":true,"href":"https:\/\/adcap.org.br\/index.php\/wp-json\/wp\/v2\/users\/1"}],"replies":[{"embeddable":true,"href":"https:\/\/adcap.org.br\/index.php\/wp-json\/wp\/v2\/comments?post=17418"}],"version-history":[{"count":0,"href":"https:\/\/adcap.org.br\/index.php\/wp-json\/wp\/v2\/posts\/17418\/revisions"}],"wp:attachment":[{"href":"https:\/\/adcap.org.br\/index.php\/wp-json\/wp\/v2\/media?parent=17418"}],"wp:term":[{"taxonomy":"category","embeddable":true,"href":"https:\/\/adcap.org.br\/index.php\/wp-json\/wp\/v2\/categories?post=17418"},{"taxonomy":"post_tag","embeddable":true,"href":"https:\/\/adcap.org.br\/index.php\/wp-json\/wp\/v2\/tags?post=17418"}],"curies":[{"name":"wp","href":"https:\/\/api.w.org\/{rel}","templated":true}]}}