{"id":17265,"date":"2022-10-05T22:02:29","date_gmt":"2022-10-05T22:02:29","guid":{"rendered":"https:\/\/adcap.org.br\/?p=17265"},"modified":"2022-10-05T22:03:56","modified_gmt":"2022-10-05T22:03:56","slug":"perda-de-funcao-ou-reducao-de-funcao-acoes-coletivas-da-adcap","status":"publish","type":"post","link":"https:\/\/adcap.org.br\/index.php\/perda-de-funcao-ou-reducao-de-funcao-acoes-coletivas-da-adcap\/","title":{"rendered":"Perda de Fun\u00e7\u00e3o ou Redu\u00e7\u00e3o de Fun\u00e7\u00e3o &#8211; A\u00e7\u00f5es Coletivas da ADCAP"},"content":{"rendered":"<p style=\"text-align: right;\">N\u00ba 178 \u2013 05\/10\/2022<\/p>\n<p style=\"text-align: justify;\">Devido a consulta de associados, informamos que a ADCAP possui a\u00e7\u00f5es coletivas exitosas no que se refere \u00e0 incorpora\u00e7\u00e3o de fun\u00e7\u00e3o por perda ou redu\u00e7\u00e3o do valor da fun\u00e7\u00e3o.<\/p>\n<p style=\"text-align: justify;\">Para analisar a situa\u00e7\u00e3o individual de cada associado foram disponibilizados os e-mails para consulta: adcapperdafuncao@adcap.org.br e adcapreducaofuncao@adcap.org.br<\/p>\n<p style=\"text-align: justify;\">Caso o associado tenha d\u00favida se possui ou n\u00e3o direito \u00e0 incorpora\u00e7\u00e3o sugerimos enviar seu questionamento para os endere\u00e7os citados acima.<\/p>\n<p style=\"text-align: right;\">Dire\u00e7\u00e3o Nacional da ADCAP.<\/p>\n","protected":false},"excerpt":{"rendered":"<p>N\u00ba 178 \u2013 05\/10\/2022 Devido a consulta de associados, informamos que a ADCAP possui a\u00e7\u00f5es coletivas exitosas no que se refere \u00e0 incorpora\u00e7\u00e3o de fun\u00e7\u00e3o por perda ou redu\u00e7\u00e3o do&hellip;<\/p>\n","protected":false},"author":1,"featured_media":0,"comment_status":"closed","ping_status":"closed","sticky":false,"template":"","format":"standard","meta":{"_editorskit_title_hidden":false,"_editorskit_reading_time":0,"_editorskit_is_block_options_detached":false,"_editorskit_block_options_position":"{}","footnotes":""},"categories":[5,44,150],"tags":[],"aioseo_notices":[],"_links":{"self":[{"href":"https:\/\/adcap.org.br\/index.php\/wp-json\/wp\/v2\/posts\/17265"}],"collection":[{"href":"https:\/\/adcap.org.br\/index.php\/wp-json\/wp\/v2\/posts"}],"about":[{"href":"https:\/\/adcap.org.br\/index.php\/wp-json\/wp\/v2\/types\/post"}],"author":[{"embeddable":true,"href":"https:\/\/adcap.org.br\/index.php\/wp-json\/wp\/v2\/users\/1"}],"replies":[{"embeddable":true,"href":"https:\/\/adcap.org.br\/index.php\/wp-json\/wp\/v2\/comments?post=17265"}],"version-history":[{"count":0,"href":"https:\/\/adcap.org.br\/index.php\/wp-json\/wp\/v2\/posts\/17265\/revisions"}],"wp:attachment":[{"href":"https:\/\/adcap.org.br\/index.php\/wp-json\/wp\/v2\/media?parent=17265"}],"wp:term":[{"taxonomy":"category","embeddable":true,"href":"https:\/\/adcap.org.br\/index.php\/wp-json\/wp\/v2\/categories?post=17265"},{"taxonomy":"post_tag","embeddable":true,"href":"https:\/\/adcap.org.br\/index.php\/wp-json\/wp\/v2\/tags?post=17265"}],"curies":[{"name":"wp","href":"https:\/\/api.w.org\/{rel}","templated":true}]}}