{"id":17180,"date":"2022-08-26T13:22:36","date_gmt":"2022-08-26T13:22:36","guid":{"rendered":"https:\/\/adcap.org.br\/?p=17180"},"modified":"2022-08-26T13:22:36","modified_gmt":"2022-08-26T13:22:36","slug":"acao-coletiva-do-vale-alimentacao","status":"publish","type":"post","link":"https:\/\/adcap.org.br\/index.php\/acao-coletiva-do-vale-alimentacao\/","title":{"rendered":"A\u00e7\u00e3o Coletiva do Vale Alimenta\u00e7\u00e3o"},"content":{"rendered":"<p class=\"selectable-text copyable-text\" style=\"text-align: center;\"><span class=\"selectable-text copyable-text\">\u201cADCAP possui a\u00e7\u00e3o coletiva que trata da inclus\u00e3o do valor recebido do vale alimenta\u00e7\u00e3o para fins de aposentadoria\u201d<\/span><\/p>\n<p class=\"selectable-text copyable-text\" style=\"text-align: right;\"><span class=\"selectable-text copyable-text\">N\u00ba 173\u00a0\u2013 26\/08\/2022<\/span><\/p>\n<p class=\"selectable-text copyable-text\" style=\"text-align: justify;\"><span class=\"selectable-text copyable-text\">Considerando consultas diversas, informamos que a ADCAP possui a\u00e7\u00e3o coletiva em nome de todos os associados, ativos e aposentados, para que seja inclu\u00eddo como verba remunerat\u00f3ria para fins previdenci\u00e1rios dos valores recebidos como vale alimenta\u00e7\u00e3o.<\/span><\/p>\n<p class=\"selectable-text copyable-text\" style=\"text-align: justify;\"><span class=\"selectable-text copyable-text\">A a\u00e7\u00e3o est\u00e1 em curso e t\u00e3o logo seja conclu\u00edda ser\u00e1 divulgada a todos. Essa situa\u00e7\u00e3o evita que os associados tenham que ingressar com a\u00e7\u00f5es individuais com o objetivo de ter esse direito reconhecido.<\/span><\/p>\n<p class=\"selectable-text copyable-text\" style=\"text-align: justify;\"><span class=\"selectable-text copyable-text\">Ao ingressar com a\u00e7\u00e3o individual o associado renuncia, implicitamente, sua participa\u00e7\u00e3o na a\u00e7\u00e3o coletiva.<\/span><\/p>\n<p>&nbsp;<\/p>\n<p class=\"selectable-text copyable-text\" style=\"text-align: right;\"><span class=\"selectable-text copyable-text\">Dire\u00e7\u00e3o Nacional da ADCAP.<\/span><\/p>\n","protected":false},"excerpt":{"rendered":"<p>\u201cADCAP possui a\u00e7\u00e3o coletiva que trata da inclus\u00e3o do valor recebido do vale alimenta\u00e7\u00e3o para fins de aposentadoria\u201d N\u00ba 173\u00a0\u2013 26\/08\/2022 Considerando consultas diversas, informamos que a ADCAP possui a\u00e7\u00e3o&hellip;<\/p>\n","protected":false},"author":1,"featured_media":0,"comment_status":"closed","ping_status":"closed","sticky":false,"template":"","format":"standard","meta":{"_editorskit_title_hidden":false,"_editorskit_reading_time":0,"_editorskit_is_block_options_detached":false,"_editorskit_block_options_position":"{}","footnotes":""},"categories":[5,44,150],"tags":[],"aioseo_notices":[],"_links":{"self":[{"href":"https:\/\/adcap.org.br\/index.php\/wp-json\/wp\/v2\/posts\/17180"}],"collection":[{"href":"https:\/\/adcap.org.br\/index.php\/wp-json\/wp\/v2\/posts"}],"about":[{"href":"https:\/\/adcap.org.br\/index.php\/wp-json\/wp\/v2\/types\/post"}],"author":[{"embeddable":true,"href":"https:\/\/adcap.org.br\/index.php\/wp-json\/wp\/v2\/users\/1"}],"replies":[{"embeddable":true,"href":"https:\/\/adcap.org.br\/index.php\/wp-json\/wp\/v2\/comments?post=17180"}],"version-history":[{"count":0,"href":"https:\/\/adcap.org.br\/index.php\/wp-json\/wp\/v2\/posts\/17180\/revisions"}],"wp:attachment":[{"href":"https:\/\/adcap.org.br\/index.php\/wp-json\/wp\/v2\/media?parent=17180"}],"wp:term":[{"taxonomy":"category","embeddable":true,"href":"https:\/\/adcap.org.br\/index.php\/wp-json\/wp\/v2\/categories?post=17180"},{"taxonomy":"post_tag","embeddable":true,"href":"https:\/\/adcap.org.br\/index.php\/wp-json\/wp\/v2\/tags?post=17180"}],"curies":[{"name":"wp","href":"https:\/\/api.w.org\/{rel}","templated":true}]}}