{"id":16616,"date":"2021-12-20T13:20:58","date_gmt":"2021-12-20T13:20:58","guid":{"rendered":"https:\/\/adcap.org.br\/?p=16616"},"modified":"2021-12-20T13:20:58","modified_gmt":"2021-12-20T13:20:58","slug":"carta-aos-senadores-pl-591-2021","status":"publish","type":"post","link":"https:\/\/adcap.org.br\/index.php\/carta-aos-senadores-pl-591-2021\/","title":{"rendered":"Carta aos Senadores &#8211; PL-591\/2021"},"content":{"rendered":"<p style=\"font-weight: 400; text-align: justify;\" data-original-attrs=\"{&quot;style&quot;:&quot;&quot;}\">Para conhecimento, carta enviada aos Senadores da Rep\u00fablica, sobre as fal\u00e1cias do Governo relacionadas \u00e0 Privatiza\u00e7\u00e3o dos Correios.<\/p>\n<p style=\"font-weight: 400; text-align: right;\" data-original-attrs=\"{&quot;style&quot;:&quot;&quot;}\"><strong>Dire\u00e7\u00e3o Nacional da ADCAP.<\/strong><\/p>\n<p style=\"font-weight: 400; text-align: center;\" data-original-attrs=\"{&quot;style&quot;:&quot;&quot;}\">\n&#8212;&#8212;&#8212;&#8212;&#8212;&#8212;&#8212;&#8212;&#8212;&#8212;&#8212;&#8212;&#8212;&#8212;&#8212;&#8212;&#8212;<\/p>\n<p style=\"font-weight: 400; text-align: justify;\">CT\/ADCAP \u2013 0147\/2021\u00a0 \u00a0 \u00a0 \u00a0 \u00a0 \u00a0 \u00a0 \u00a0 \u00a0 \u00a0 \u00a0 \u00a0 \u00a0 \u00a0 \u00a0 \u00a0 \u00a0 \u00a0 \u00a0 \u00a0 \u00a0 \u00a0 \u00a0 \u00a0 \u00a0 \u00a0 \u00a0 \u00a0 \u00a0 \u00a0 \u00a0 \u00a0 \u00a0 \u00a0 \u00a0 \u00a0 \u00a0 \u00a0 Bras\u00edlia\/DF, 17 de dezembro de 2021<\/p>\n<p style=\"font-weight: 400; text-align: justify;\"><span data-original-tag=\"O:P\">\u00a0<\/span><\/p>\n<p style=\"font-weight: 400; text-align: justify;\" data-original-attrs=\"{&quot;style&quot;:&quot;&quot;}\">Exmo. Senhor,<br \/>\nSenador da Rep\u00fablica<strong data-original-attrs=\"{&quot;style&quot;:&quot;&quot;}\"><span data-original-tag=\"O:P\">\u00a0<\/span><\/strong><\/p>\n<p style=\"font-weight: 400; text-align: justify;\"><strong><span data-original-tag=\"O:P\">\u00a0<\/span><\/strong><\/p>\n<p style=\"font-weight: 400; text-align: justify;\" data-original-attrs=\"{&quot;style&quot;:&quot;&quot;}\"><strong>Assunto:<\/strong>\u00a0\u00a0PL-591\/2021<\/p>\n<p style=\"font-weight: 400; text-align: justify;\" data-original-attrs=\"{&quot;style&quot;:&quot;&quot;}\"><span data-original-tag=\"O:P\">\u00a0<\/span><\/p>\n<p style=\"font-weight: 400; text-align: justify;\" data-original-attrs=\"{&quot;style&quot;:&quot;&quot;}\">Enquanto integrantes do governo federal divulgam argumentos falaciosos para tentar convencer a popula\u00e7\u00e3o e o Congresso Nacional de que \u00e9 necess\u00e1rio privatizar os Correios porque, se isso n\u00e3o for feito logo, a empresa perder\u00e1 valor, o que se v\u00ea \u00e9 o com\u00e9rcio eletr\u00f4nico alavancando fortemente os neg\u00f3cios das empresas postais mundo afora.<\/p>\n<p style=\"font-weight: 400; text-align: justify;\" data-original-attrs=\"{&quot;style&quot;:&quot;&quot;}\">A mat\u00e9ria intitulada \u201cCorreios dos EUA ficam &#8216;entupidos&#8217; com cat\u00e1logos varejistas\u201d &#8211;\u00a0<a href=\"https:\/\/www.blogger.com\/blog\/post\/edit\/3706148814918098336\/7933755512503472230?hl=pt-BR#\" data-original-attrs=\"{&quot;data-original-href&quot;:&quot;https:\/\/br.financas.yahoo.com\/noticias\/correios-dos-eua-sofrem-com-alta-do-numero-de-catalogos-varejistas-194710903.html&quot;}\">https:\/\/br.financas.yahoo.com\/noticias\/correios-dos-eua-sofrem-com-alta-do-numero-de-catalogos-varejistas-194710903.html<\/a>\u00a0&#8211; \u00e9 mais uma demonstra\u00e7\u00e3o de que o contexto \u00e9 o oposto do que tenta pregar o governo, pois, nos EUA, ber\u00e7o do liberalismo e onde a internet tem seu maior grau de desenvolvimento, o correio local observa um crescimento expressivo na postagem de cat\u00e1logos, ou seja, o efeito alavancador do com\u00e9rcio eletr\u00f4nico vai al\u00e9m das encomendas e alcan\u00e7a tamb\u00e9m a distribui\u00e7\u00e3o de cat\u00e1logos impressos.<\/p>\n<p style=\"font-weight: 400; text-align: justify;\" data-original-attrs=\"{&quot;style&quot;:&quot;&quot;}\">O governo brasileiro bem que poderia se ocupar de buscar parcerias para construir novas infraestruturas. Apenas na \u00e1rea de log\u00edstica, temos flancos s\u00e9rios a cobrir em rodovias, ferrovias e portos. Por que, ent\u00e3o, em vez de fazer isso, o governo insiste em vender uma infraestrutura p\u00fablica que j\u00e1 est\u00e1 montada, em pleno funcionamento e produzindo lucros, como \u00e9 o caso dos Correios?<\/p>\n<p style=\"font-weight: 400; text-align: justify;\" data-original-attrs=\"{&quot;style&quot;:&quot;&quot;}\">O PL-591\/2021 n\u00e3o pode prosperar.\u00a0<span data-original-tag=\"O:P\">\u00a0<\/span><\/p>\n<p style=\"font-weight: 400;\"><span data-original-tag=\"O:P\">\u00a0<\/span><\/p>\n<p style=\"font-weight: 400; text-align: center;\" data-original-attrs=\"{&quot;style&quot;:&quot;&quot;}\">\u00a0Atenciosamente,<\/p>\n<p style=\"font-weight: 400; text-align: center;\" data-original-attrs=\"{&quot;style&quot;:&quot;margin-bottom: .0001pt;&quot;}\">Maria In\u00eas Capelli Fulginiti<\/p>\n<p style=\"font-weight: 400; text-align: center;\" data-original-attrs=\"{&quot;style&quot;:&quot;margin-bottom: .0001pt;&quot;}\"><strong>Presidente da ADCAP<\/strong><\/p>\n","protected":false},"excerpt":{"rendered":"<p>Para conhecimento, carta enviada aos Senadores da Rep\u00fablica, sobre as fal\u00e1cias do Governo relacionadas \u00e0 Privatiza\u00e7\u00e3o dos Correios. Dire\u00e7\u00e3o Nacional da ADCAP. &#8212;&#8212;&#8212;&#8212;&#8212;&#8212;&#8212;&#8212;&#8212;&#8212;&#8212;&#8212;&#8212;&#8212;&#8212;&#8212;&#8212; CT\/ADCAP \u2013 0147\/2021\u00a0 \u00a0 \u00a0 \u00a0 \u00a0&hellip;<\/p>\n","protected":false},"author":1,"featured_media":0,"comment_status":"closed","ping_status":"closed","sticky":false,"template":"","format":"standard","meta":{"_editorskit_title_hidden":false,"_editorskit_reading_time":0,"_editorskit_is_block_options_detached":false,"_editorskit_block_options_position":"{}","footnotes":""},"categories":[5,44],"tags":[],"aioseo_notices":[],"_links":{"self":[{"href":"https:\/\/adcap.org.br\/index.php\/wp-json\/wp\/v2\/posts\/16616"}],"collection":[{"href":"https:\/\/adcap.org.br\/index.php\/wp-json\/wp\/v2\/posts"}],"about":[{"href":"https:\/\/adcap.org.br\/index.php\/wp-json\/wp\/v2\/types\/post"}],"author":[{"embeddable":true,"href":"https:\/\/adcap.org.br\/index.php\/wp-json\/wp\/v2\/users\/1"}],"replies":[{"embeddable":true,"href":"https:\/\/adcap.org.br\/index.php\/wp-json\/wp\/v2\/comments?post=16616"}],"version-history":[{"count":0,"href":"https:\/\/adcap.org.br\/index.php\/wp-json\/wp\/v2\/posts\/16616\/revisions"}],"wp:attachment":[{"href":"https:\/\/adcap.org.br\/index.php\/wp-json\/wp\/v2\/media?parent=16616"}],"wp:term":[{"taxonomy":"category","embeddable":true,"href":"https:\/\/adcap.org.br\/index.php\/wp-json\/wp\/v2\/categories?post=16616"},{"taxonomy":"post_tag","embeddable":true,"href":"https:\/\/adcap.org.br\/index.php\/wp-json\/wp\/v2\/tags?post=16616"}],"curies":[{"name":"wp","href":"https:\/\/api.w.org\/{rel}","templated":true}]}}