{"id":16566,"date":"2021-12-07T13:21:53","date_gmt":"2021-12-07T13:21:53","guid":{"rendered":"https:\/\/adcap.org.br\/?p=16566"},"modified":"2021-12-07T13:21:53","modified_gmt":"2021-12-07T13:21:53","slug":"adcap-net-07-12-2021-correios-batem-recorde-de-encomendas-na-black-friday-veja-mais","status":"publish","type":"post","link":"https:\/\/adcap.org.br\/index.php\/adcap-net-07-12-2021-correios-batem-recorde-de-encomendas-na-black-friday-veja-mais\/","title":{"rendered":"Adcap Net 07\/12\/2021 &#8211; Correios batem recorde de encomendas na Black Friday &#8211; Veja mais!"},"content":{"rendered":"<h1 style=\"text-align: justify;\"><span style=\"font-family: helvetica;\"><strong data-original-attrs=\"{&quot;style&quot;:&quot;&quot;}\"><span data-keep-original-tag=\"false\" data-original-attrs=\"{&quot;style&quot;:&quot;&quot;,&quot;face&quot;:&quot;Verdana,Geneva,sans-serif&quot;}\">Correios batem recorde de encomendas na\u00a0<\/span><\/strong><strong data-original-attrs=\"{&quot;style&quot;:&quot;&quot;}\"><span data-keep-original-tag=\"false\" data-original-attrs=\"{&quot;style&quot;:&quot;&quot;,&quot;face&quot;:&quot;Verdana,Geneva,sans-serif&quot;}\">Black Friday<\/span><\/strong><\/span><\/h1>\n<div data-original-attrs=\"{&quot;style&quot;:&quot;&quot;}\">\n<p style=\"text-align: justify;\" data-original-attrs=\"{&quot;style&quot;:&quot;&quot;}\"><span data-keep-original-tag=\"false\" data-original-attrs=\"{&quot;style&quot;:&quot;&quot;,&quot;face&quot;:&quot;Verdana,Geneva,sans-serif&quot;}\"><span style=\"font-family: helvetica;\" data-keep-original-tag=\"false\" data-original-attrs=\"{&quot;style&quot;:&quot;&quot;}\">Metr\u00f3poles<br \/>\n06\/12\/2021<\/span><\/span><\/p>\n<p style=\"text-align: justify;\" data-original-attrs=\"{&quot;style&quot;:&quot;&quot;}\"><span data-keep-original-tag=\"false\" data-original-attrs=\"{&quot;style&quot;:&quot;&quot;,&quot;face&quot;:&quot;Verdana,Geneva,sans-serif&quot;}\"><span style=\"font-family: helvetica;\" data-keep-original-tag=\"false\" data-original-attrs=\"{&quot;style&quot;:&quot;&quot;}\">Estatal postou 3,3 milh\u00f5es de encomendas em um dia; Correios est\u00e3o amea\u00e7ados de privatiza\u00e7\u00e3o<br \/>\n<\/span><\/span><\/p>\n<div class=\"separator\" style=\"text-align: center;\" data-original-attrs=\"{&quot;style&quot;:&quot;&quot;}\"><a href=\"https:\/\/adcap.org.br\/wp-content\/uploads\/Net-0712-1.jpg\" data-rel=\"penci-gallery-image-content\" ><img decoding=\"async\" loading=\"lazy\" class=\"aligncenter size-medium wp-image-16567\" src=\"https:\/\/adcap.org.br\/wp-content\/uploads\/Net-0712-1-300x209.jpg\" alt=\"\" width=\"300\" height=\"209\" srcset=\"https:\/\/adcap.org.br\/wp-content\/uploads\/Net-0712-1-300x209.jpg 300w, https:\/\/adcap.org.br\/wp-content\/uploads\/Net-0712-1-585x408.jpg 585w, https:\/\/adcap.org.br\/wp-content\/uploads\/Net-0712-1.jpg 641w\" sizes=\"(max-width: 300px) 100vw, 300px\" \/><\/a><\/div>\n<p style=\"text-align: justify;\" data-original-attrs=\"{&quot;style&quot;:&quot;&quot;}\"><span data-keep-original-tag=\"false\" data-original-attrs=\"{&quot;style&quot;:&quot;&quot;,&quot;face&quot;:&quot;Verdana,Geneva,sans-serif&quot;}\"><span style=\"font-family: helvetica;\" data-keep-original-tag=\"false\" data-original-attrs=\"{&quot;style&quot;:&quot;&quot;}\"><br \/>\nOs\u00a0<strong>Correios\u00a0<\/strong>receberam cerca de 15 milh\u00f5es de encomendas na Black Friday deste ano, uma alta de 34% em rela\u00e7\u00e3o a 2020. No \u00faltimo dia 29, a estatal bateu o recorde di\u00e1rio de encomendas postadas, com 3,3 milh\u00f5es de pacotes. At\u00e9 ent\u00e3o, a maior marca era de 30 de novembro do ano passado, com 2,3 milh\u00f5es de encomendas.<\/span><\/span><\/p>\n<p style=\"text-align: justify;\" data-original-attrs=\"{&quot;style&quot;:&quot;&quot;}\"><span data-keep-original-tag=\"false\" data-original-attrs=\"{&quot;style&quot;:&quot;&quot;,&quot;face&quot;:&quot;Verdana,Geneva,sans-serif&quot;}\"><span style=\"font-family: helvetica;\" data-keep-original-tag=\"false\" data-original-attrs=\"{&quot;style&quot;:&quot;&quot;}\">A despeito da alta nos n\u00fameros, os Correios est\u00e3o amea\u00e7ados de privatiza\u00e7\u00e3o. Em fevereiro, o governo Bolsonaro enviou o projeto \u00e0 C\u00e2mara com esse objetivo. A Casa aprovou a proposta em agosto. Hoje, o texto tramita no Senado.<\/span><\/span><\/p>\n<p style=\"text-align: justify;\" data-original-attrs=\"{&quot;style&quot;:&quot;&quot;}\"><span data-keep-original-tag=\"false\" data-original-attrs=\"{&quot;style&quot;:&quot;&quot;,&quot;face&quot;:&quot;Verdana,Geneva,sans-serif&quot;}\"><span style=\"font-family: helvetica;\" data-keep-original-tag=\"false\" data-original-attrs=\"{&quot;style&quot;:&quot;&quot;}\">Os governistas alegam que a privatiza\u00e7\u00e3o \u00e9 necess\u00e1ria para modernizar e dar competitividade \u00e0 empresa, em meio ao aumento do e-commerce. Por outro lado, os cr\u00edticos da proposta afirmam que a estatal gera lucro e teria capacidade de investir para ser competitiva.<\/span><\/span><\/p>\n<h1 style=\"text-align: justify;\" data-original-attrs=\"{&quot;style&quot;:&quot;&quot;}\"><span style=\"font-family: helvetica;\"><span data-keep-original-tag=\"false\" data-original-attrs=\"{&quot;style&quot;:&quot;&quot;}\"><strong>Anatel agora poder\u00e1 regular e fiscalizar os\u00a0<\/strong><\/span><strong data-original-attrs=\"{&quot;style&quot;:&quot;&quot;}\"><span data-keep-original-tag=\"false\" data-original-attrs=\"{&quot;style&quot;:&quot;&quot;,&quot;face&quot;:&quot;Verdana,Geneva,sans-serif&quot;}\">Correios<\/span><\/strong><\/span><\/h1>\n<p style=\"text-align: justify;\" data-original-attrs=\"{&quot;style&quot;:&quot;&quot;}\"><span data-keep-original-tag=\"false\" data-original-attrs=\"{&quot;style&quot;:&quot;&quot;,&quot;face&quot;:&quot;Verdana,Geneva,sans-serif&quot;}\"><span style=\"font-family: helvetica;\" data-keep-original-tag=\"false\" data-original-attrs=\"{&quot;style&quot;:&quot;&quot;}\">Texto do PLC n\u00ba 591\/2021 foi criticado por impedir que a ag\u00eancia multe operadores privados do setor postal<\/span><\/span><\/p>\n<p style=\"text-align: justify;\" data-original-attrs=\"{&quot;style&quot;:&quot;&quot;}\"><span data-keep-original-tag=\"false\" data-original-attrs=\"{&quot;style&quot;:&quot;&quot;,&quot;face&quot;:&quot;Verdana,Geneva,sans-serif&quot;}\"><span style=\"font-family: helvetica;\" data-keep-original-tag=\"false\" data-original-attrs=\"{&quot;style&quot;:&quot;&quot;}\">Mundo Conectado<br \/>\n06\/12\/2021<\/span><\/span><\/p>\n<p style=\"text-align: justify;\" data-original-attrs=\"{&quot;style&quot;:&quot;&quot;}\"><span data-keep-original-tag=\"false\" data-original-attrs=\"{&quot;style&quot;:&quot;&quot;,&quot;face&quot;:&quot;Verdana,Geneva,sans-serif&quot;}\"><span style=\"font-family: helvetica;\" data-keep-original-tag=\"false\" data-original-attrs=\"{&quot;style&quot;:&quot;&quot;}\">O Conselho Diretor da Ag\u00eancia Nacional de Telecomunica\u00e7\u00f5es (Anatel) aprovou uma mudan\u00e7a em seu Regimento Interno que permite \u00e0 entidade incorporar atividades pertinentes aos servi\u00e7os postais, incluindo os\u00a0<strong>Correios<\/strong>. As altera\u00e7\u00f5es seguem o PLC n\u00ba 591\/2021, j\u00e1 aprovado pela C\u00e2mara dos Deputados, e agora passam por uma consulta p\u00fablica que estar\u00e1 dispon\u00edvel pelo prazo de 45 dias.<\/span><\/span><\/p>\n<p style=\"text-align: justify;\" data-original-attrs=\"{&quot;style&quot;:&quot;&quot;}\"><span data-keep-original-tag=\"false\" data-original-attrs=\"{&quot;style&quot;:&quot;&quot;,&quot;face&quot;:&quot;Verdana,Geneva,sans-serif&quot;}\"><span style=\"font-family: helvetica;\" data-keep-original-tag=\"false\" data-original-attrs=\"{&quot;style&quot;:&quot;&quot;}\">A mudan\u00e7a prop\u00f5e a cria\u00e7\u00e3o de uma Superintend\u00eancia-Executiva, que atuar\u00e1 como uma estrutura pr\u00f3pria na estrutura institucional e vai fazer o elo entre o Conselho Diretor da Anatel e as \u00c1reas T\u00e9cnicas. A proposta \u00e9 que ela seja a respons\u00e1vel por fazer o alinhamento estrat\u00e9gico entre as atividades da ag\u00eancia e os Correios, bem como pela regula\u00e7\u00e3o e fiscaliza\u00e7\u00e3o dos servi\u00e7os postais.<\/span><\/span><\/p>\n<p style=\"text-align: justify;\" data-original-attrs=\"{&quot;style&quot;:&quot;&quot;}\"><span data-keep-original-tag=\"false\" data-original-attrs=\"{&quot;style&quot;:&quot;&quot;,&quot;face&quot;:&quot;Verdana,Geneva,sans-serif&quot;}\"><span style=\"font-family: helvetica;\" data-keep-original-tag=\"false\" data-original-attrs=\"{&quot;style&quot;:&quot;&quot;}\">A proposta tamb\u00e9m prev\u00ea a cria\u00e7\u00e3o de um Ger\u00eancia Geral de Processos T\u00e9cnicos e Planos B\u00e1sicos de Distribui\u00e7\u00e3o de Canais, que ser\u00e1 subordinada \u00e0 Superintend\u00eancia de Outorga e Recursos \u00e0 Presta\u00e7\u00e3o (SOR), setor encarregado pela \u00e1rea de radiodifus\u00e3o. A proposta, relatada pelo conselheiro Carlos Baigorri, tamb\u00e9m sugere que a Superintend\u00eancia de Planejamento e Regulamenta\u00e7\u00e3o (SPR) represente a Anatel no Conselho Gestor do Fundo de Universaliza\u00e7\u00e3o dos Servi\u00e7os de Telecomunica\u00e7\u00e3o (Fust).\u00a0<\/span><\/span><\/p>\n<p style=\"text-align: justify;\" data-original-attrs=\"{&quot;style&quot;:&quot;&quot;}\"><span data-keep-original-tag=\"false\" data-original-attrs=\"{&quot;style&quot;:&quot;&quot;,&quot;face&quot;:&quot;Verdana,Geneva,sans-serif&quot;}\"><span style=\"font-family: helvetica;\" data-keep-original-tag=\"false\" data-original-attrs=\"{&quot;style&quot;:&quot;&quot;}\">Mudan\u00e7as t\u00eam rela\u00e7\u00e3o com a privatiza\u00e7\u00e3o dos Correios<\/span><\/span><\/p>\n<p style=\"text-align: justify;\" data-original-attrs=\"{&quot;style&quot;:&quot;&quot;}\"><span data-keep-original-tag=\"false\" data-original-attrs=\"{&quot;style&quot;:&quot;&quot;,&quot;face&quot;:&quot;Verdana,Geneva,sans-serif&quot;}\"><span style=\"font-family: helvetica;\" data-keep-original-tag=\"false\" data-original-attrs=\"{&quot;style&quot;:&quot;&quot;}\">As mudan\u00e7as propostas por Baigorrio est\u00e3o diretamente relacionadas ao texto da PLC n\u00ba 591\/2021, que alterou o texto base da proposta de privatiza\u00e7\u00e3o dos Correios. A emenda restringiu o papel da Anatel \u00e0 regula\u00e7\u00e3o dos servi\u00e7os postais, tirando da ag\u00eancia a capacidade de multar empresas privadas que operam no setor postal do Brasil.<\/span><\/span><\/p>\n<p style=\"text-align: justify;\" data-original-attrs=\"{&quot;style&quot;:&quot;&quot;}\"><span data-keep-original-tag=\"false\" data-original-attrs=\"{&quot;style&quot;:&quot;&quot;,&quot;face&quot;:&quot;Verdana,Geneva,sans-serif&quot;}\"><span style=\"font-family: helvetica;\" data-keep-original-tag=\"false\" data-original-attrs=\"{&quot;style&quot;:&quot;&quot;}\">Segundo a\u00a0<strong>Adcap<\/strong>, associa\u00e7\u00e3o dos profissionais dos Correios, a mudan\u00e7a deixa clara que a inten\u00e7\u00e3o da PLC n\u00e3o era regular o setor postal como um todo, mas sim facilitar a venda da estatal.\u00a0<strong>Marcos Alves, vice-presidente<\/strong>\u00a0da Adcap, afirmou ao site Teles\u00edntese que o projeto tamb\u00e9m sobrecarrega a Anatel, que passa a ser respons\u00e1vel pela fiscaliza\u00e7\u00e3o de uma \u00fanica entidade, e n\u00e3o de um setor como todo.<\/span><\/span><\/p>\n<p style=\"text-align: justify;\" data-original-attrs=\"{&quot;style&quot;:&quot;&quot;}\"><span data-keep-original-tag=\"false\" data-original-attrs=\"{&quot;style&quot;:&quot;&quot;,&quot;face&quot;:&quot;Verdana,Geneva,sans-serif&quot;}\"><span style=\"font-family: helvetica;\" data-keep-original-tag=\"false\" data-original-attrs=\"{&quot;style&quot;:&quot;&quot;}\">Programada para o in\u00edcio de novembro, a vota\u00e7\u00e3o do projeto de lei que visa a privatiza\u00e7\u00e3o dos Correios foi adiada gra\u00e7as a uma mudan\u00e7a feita pelo relator Marcio Bittar (MDB-AC). Ele fez altera\u00e7\u00f5es no trecho que prev\u00ea o fechamento de ag\u00eancias que atendem a munic\u00edpios de 15 mil habitantes em \u00e1reas da Amaz\u00f4nia legal. A previs\u00e3o atual \u00e9 que os debates e vota\u00e7\u00f5es sobre a iniciativa sejam retomados pelo governo somente em 2022.<\/span><\/span><\/p>\n<h1 style=\"text-align: justify;\" data-original-attrs=\"{&quot;style&quot;:&quot;&quot;}\"><span style=\"font-family: helvetica;\"><span data-keep-original-tag=\"false\" data-original-attrs=\"{&quot;style&quot;:&quot;&quot;}\"><strong>Venda dos Correios \u201cempaca\u201d no Senado e\u00a0<\/strong><\/span><strong data-original-attrs=\"{&quot;style&quot;:&quot;&quot;}\"><span data-keep-original-tag=\"false\" data-original-attrs=\"{&quot;style&quot;:&quot;&quot;,&quot;face&quot;:&quot;Verdana,Geneva,sans-serif&quot;}\">pode n\u00e3o ocorrer em 2022. Qual a sua\u00a0<\/span><\/strong><strong data-original-attrs=\"{&quot;style&quot;:&quot;&quot;}\"><span data-keep-original-tag=\"false\" data-original-attrs=\"{&quot;style&quot;:&quot;&quot;,&quot;face&quot;:&quot;Verdana,Geneva,sans-serif&quot;}\">opini\u00e3o?<\/span><\/strong><\/span><\/h1>\n<p style=\"text-align: justify;\" data-original-attrs=\"{&quot;style&quot;:&quot;&quot;}\"><span data-keep-original-tag=\"false\" data-original-attrs=\"{&quot;style&quot;:&quot;&quot;,&quot;face&quot;:&quot;Verdana,Geneva,sans-serif&quot;}\"><span style=\"font-family: helvetica;\" data-keep-original-tag=\"false\" data-original-attrs=\"{&quot;style&quot;:&quot;&quot;}\">Gazeta do Povo<br \/>\n07\/12\/2021<\/span><\/span><\/p>\n<p style=\"text-align: justify;\" data-original-attrs=\"{&quot;style&quot;:&quot;&quot;}\"><span data-keep-original-tag=\"false\" data-original-attrs=\"{&quot;style&quot;:&quot;&quot;,&quot;face&quot;:&quot;Verdana,Geneva,sans-serif&quot;}\"><span style=\"font-family: helvetica;\" data-keep-original-tag=\"false\" data-original-attrs=\"{&quot;style&quot;:&quot;&quot;}\">O presidente da Comiss\u00e3o de Assuntos Econ\u00f4micos (CAE) do Senado, Otto Alencar, adiou o debate sobre a proposta de privatiza\u00e7\u00e3o dos\u00a0<strong>Correios<\/strong>. Segundo ele, o projeto s\u00f3 deve ser analisado no ano que vem, &#8220;se \u00e9 que vai ter condi\u00e7\u00f5es&#8221;, o que pode inviabilizar a venda da estatal em 2022. Qual a sua opini\u00e3o? Vote em nossa enquete:<\/span><\/span><\/p>\n<p style=\"text-align: justify;\" data-original-attrs=\"{&quot;style&quot;:&quot;&quot;}\"><span data-keep-original-tag=\"false\" data-original-attrs=\"{&quot;style&quot;:&quot;&quot;,&quot;face&quot;:&quot;Verdana,Geneva,sans-serif&quot;}\"><span style=\"font-family: helvetica;\" data-keep-original-tag=\"false\" data-original-attrs=\"{&quot;style&quot;:&quot;&quot;}\"><strong>Comiss\u00e3o do Senado adia an\u00e1lise e privatiza\u00e7\u00e3o dos Correios pode n\u00e3o ocorrer em 2022. O que voc\u00ea achou da decis\u00e3o?<\/strong><\/span><\/span><\/p>\n<p style=\"text-align: justify;\" data-original-attrs=\"{&quot;style&quot;:&quot;&quot;}\"><span style=\"font-family: helvetica;\"><span data-keep-original-tag=\"false\" data-original-attrs=\"{&quot;style&quot;:&quot;&quot;,&quot;face&quot;:&quot;Verdana,Geneva,sans-serif&quot;}\">Clique para votar:\u00a0<a href=\"https:\/\/www.gazetadopovo.com.br\/economia\/breves\/privatizacao-correios-pode-nao-ocorrer-2022-enquete\/\">https:\/\/www.gazetadopovo.com.br\/economia\/breves\/privatizacao-correios-pode-nao-ocorrer-2022-enquete\/<\/a><\/span><\/span><\/p>\n<\/div>\n<div data-original-attrs=\"{&quot;style&quot;:&quot;&quot;}\"><span style=\"font-family: helvetica;\">\u00a0<\/span><\/div>\n<div data-original-attrs=\"{&quot;style&quot;:&quot;&quot;}\"><span style=\"font-family: helvetica;\">\u00a0<\/span><\/div>\n<p data-original-attrs=\"{&quot;style&quot;:&quot;&quot;}\"><span style=\"font-family: helvetica;\"><br \/>\n<span data-keep-original-tag=\"false\" data-original-attrs=\"{&quot;style&quot;:&quot;&quot;}\"><big>\u00a0<\/big><\/span><\/span><\/p>\n<p style=\"text-align: right;\" data-original-attrs=\"{&quot;style&quot;:&quot;&quot;}\"><span data-keep-original-tag=\"false\" data-original-attrs=\"{&quot;style&quot;:&quot;&quot;}\"><span style=\"font-family: helvetica;\" data-keep-original-tag=\"false\" data-original-attrs=\"{&quot;style&quot;:&quot;&quot;,&quot;face&quot;:&quot;lucida sans unicode,lucida grande,sans-serif&quot;}\"><big><strong data-original-attrs=\"{&quot;style&quot;:&quot;&quot;}\">Dire\u00e7\u00e3o Nacional da ADCAP.<\/strong><\/big><\/span><\/span><\/p>\n","protected":false},"excerpt":{"rendered":"<p>Correios batem recorde de encomendas na\u00a0Black Friday Metr\u00f3poles 06\/12\/2021 Estatal postou 3,3 milh\u00f5es de encomendas em um dia; Correios est\u00e3o amea\u00e7ados de privatiza\u00e7\u00e3o Os\u00a0Correios\u00a0receberam cerca de 15 milh\u00f5es de encomendas&hellip;<\/p>\n","protected":false},"author":1,"featured_media":0,"comment_status":"closed","ping_status":"closed","sticky":false,"template":"","format":"standard","meta":{"_editorskit_title_hidden":false,"_editorskit_reading_time":0,"_editorskit_is_block_options_detached":false,"_editorskit_block_options_position":"{}","footnotes":""},"categories":[3,43],"tags":[],"aioseo_notices":[],"_links":{"self":[{"href":"https:\/\/adcap.org.br\/index.php\/wp-json\/wp\/v2\/posts\/16566"}],"collection":[{"href":"https:\/\/adcap.org.br\/index.php\/wp-json\/wp\/v2\/posts"}],"about":[{"href":"https:\/\/adcap.org.br\/index.php\/wp-json\/wp\/v2\/types\/post"}],"author":[{"embeddable":true,"href":"https:\/\/adcap.org.br\/index.php\/wp-json\/wp\/v2\/users\/1"}],"replies":[{"embeddable":true,"href":"https:\/\/adcap.org.br\/index.php\/wp-json\/wp\/v2\/comments?post=16566"}],"version-history":[{"count":0,"href":"https:\/\/adcap.org.br\/index.php\/wp-json\/wp\/v2\/posts\/16566\/revisions"}],"wp:attachment":[{"href":"https:\/\/adcap.org.br\/index.php\/wp-json\/wp\/v2\/media?parent=16566"}],"wp:term":[{"taxonomy":"category","embeddable":true,"href":"https:\/\/adcap.org.br\/index.php\/wp-json\/wp\/v2\/categories?post=16566"},{"taxonomy":"post_tag","embeddable":true,"href":"https:\/\/adcap.org.br\/index.php\/wp-json\/wp\/v2\/tags?post=16566"}],"curies":[{"name":"wp","href":"https:\/\/api.w.org\/{rel}","templated":true}]}}