{"id":16486,"date":"2021-11-23T17:16:47","date_gmt":"2021-11-23T17:16:47","guid":{"rendered":"https:\/\/adcap.org.br\/?p=16486"},"modified":"2021-11-25T18:27:51","modified_gmt":"2021-11-25T18:27:51","slug":"julgamento-do-dissidio-coletivo","status":"publish","type":"post","link":"https:\/\/adcap.org.br\/index.php\/julgamento-do-dissidio-coletivo\/","title":{"rendered":"Julgamento do Diss\u00eddio Coletivo"},"content":{"rendered":"<p style=\"text-align: center;\">\u201cADCAP defendeu revis\u00e3o da cl\u00e1usula do benef\u00edcio m\u00e9dico para aposentados no julgamento do Diss\u00eddio Coletivo N\u00ba. 1001174-70.2021.5.00.0000, que foi conclu\u00eddo na tarde de 21\/11\/2021\u201d<\/p>\n<p style=\"text-align: justify;\">A ADCAP defendeu a necessidade de restabelecimento de \u201cASSIST\u00caNCIA M\u00c9DICA\/HOSPITALAR E ODONTOL\u00d3GICA\u201d nos moldes como historicamente negociados, com destaque para a manuten\u00e7\u00e3o dos empregados aposentados, e, ainda, sem qualquer diferen\u00e7a de custeio em rela\u00e7\u00e3o \u00e0queles que se encontram na ativa.<\/p>\n<p style=\"text-align: justify;\">A Associa\u00e7\u00e3o defendeu junto ao TST que os trabalhadores dos Correios estiveram na linha de frente durante todo o per\u00edodo de calamidade p\u00fablica, sendo respons\u00e1veis pela entrega de insumos, medicamentos e at\u00e9 mesmo possibilitando a subsist\u00eancia econ\u00f4mica de empresas que se dedicam ao e-commerce, o que contribuiu para impossibilitar o colapso sanit\u00e1rio e econ\u00f4mico no pa\u00eds.<\/p>\n<p style=\"text-align: justify;\">Ap\u00f3s ampla discuss\u00e3o, os Ministros do TST decidiram por manter a cl\u00e1usula de assist\u00eancia m\u00e9dica nos exatos termos constantes da senten\u00e7a normativa anterior, com reda\u00e7\u00e3o ampla e gen\u00e9rica &#8211; \u201cMANTER BENEF\u00cdCIO DE ASSIST\u00caNCIA M\u00c9DICA COM COBRAN\u00c7A DE MENSALIDADE\u201d.<\/p>\n<p style=\"text-align: justify;\">Foi reconhecida a n\u00e3o abusividade da greve, indeferiu-se a aplica\u00e7\u00e3o de multa pelo movimento paredista, havendo somente o desconto do dia de paralisa\u00e7\u00e3o.<\/p>\n<p style=\"text-align: justify;\">Deferiu-se reajuste salarial de 9,75% com reflexo em parcelas salariais, a partir de 01\/08\/2021, assim como reajuste do vale refei\u00e7\u00e3o e alimenta\u00e7\u00e3o no percentual de 9,75%.<\/p>\n<p style=\"text-align: justify;\">De se destacar, ainda, que foi inclu\u00edda \u00e0 cl\u00e1usula \u201ctrabalhos em fins de semana\u201d o \u00a75\u00ba que prev\u00ea adicional de 15% \u00e0queles que efetivamente trabalharem aos s\u00e1bados, visto como observ\u00e2ncia ao princ\u00edpio da isonomia, uma vez que nem todos os ecetistas laboram aos s\u00e1bados, apontando n\u00e3o se tratar de hora extra j\u00e1 que se observa a jornada de 44h semanais.<\/p>\n<p style=\"text-align: justify;\">Assim, a ADCAP mais uma vez atuou em defesa dos direitos dos associados levando suas reivindica\u00e7\u00f5es na defini\u00e7\u00e3o dos ACT.<\/p>\n<p style=\"text-align: right;\"><strong>Dire\u00e7\u00e3o Nacional da ADCAP.<\/strong><\/p>\n","protected":false},"excerpt":{"rendered":"<p>\u201cADCAP defendeu revis\u00e3o da cl\u00e1usula do benef\u00edcio m\u00e9dico para aposentados no julgamento do Diss\u00eddio Coletivo N\u00ba. 1001174-70.2021.5.00.0000, que foi conclu\u00eddo na tarde de 21\/11\/2021\u201d A ADCAP defendeu a necessidade de&hellip;<\/p>\n","protected":false},"author":1,"featured_media":0,"comment_status":"closed","ping_status":"closed","sticky":false,"template":"","format":"standard","meta":{"_editorskit_title_hidden":false,"_editorskit_reading_time":0,"_editorskit_is_block_options_detached":false,"_editorskit_block_options_position":"{}","footnotes":""},"categories":[5,44],"tags":[],"aioseo_notices":[],"_links":{"self":[{"href":"https:\/\/adcap.org.br\/index.php\/wp-json\/wp\/v2\/posts\/16486"}],"collection":[{"href":"https:\/\/adcap.org.br\/index.php\/wp-json\/wp\/v2\/posts"}],"about":[{"href":"https:\/\/adcap.org.br\/index.php\/wp-json\/wp\/v2\/types\/post"}],"author":[{"embeddable":true,"href":"https:\/\/adcap.org.br\/index.php\/wp-json\/wp\/v2\/users\/1"}],"replies":[{"embeddable":true,"href":"https:\/\/adcap.org.br\/index.php\/wp-json\/wp\/v2\/comments?post=16486"}],"version-history":[{"count":0,"href":"https:\/\/adcap.org.br\/index.php\/wp-json\/wp\/v2\/posts\/16486\/revisions"}],"wp:attachment":[{"href":"https:\/\/adcap.org.br\/index.php\/wp-json\/wp\/v2\/media?parent=16486"}],"wp:term":[{"taxonomy":"category","embeddable":true,"href":"https:\/\/adcap.org.br\/index.php\/wp-json\/wp\/v2\/categories?post=16486"},{"taxonomy":"post_tag","embeddable":true,"href":"https:\/\/adcap.org.br\/index.php\/wp-json\/wp\/v2\/tags?post=16486"}],"curies":[{"name":"wp","href":"https:\/\/api.w.org\/{rel}","templated":true}]}}