{"id":16357,"date":"2021-10-14T13:44:33","date_gmt":"2021-10-14T13:44:33","guid":{"rendered":"https:\/\/adcap.org.br\/?p=16357"},"modified":"2021-10-14T13:44:33","modified_gmt":"2021-10-14T13:44:33","slug":"adcap-net-14-10-2021-com-venda-dos-correios-empregados-temem-calote-no-postalis-governo-nega-veja-mais","status":"publish","type":"post","link":"https:\/\/adcap.org.br\/index.php\/adcap-net-14-10-2021-com-venda-dos-correios-empregados-temem-calote-no-postalis-governo-nega-veja-mais\/","title":{"rendered":"Adcap Net 14\/10\/2021 &#8211; Com venda dos Correios, empregados temem calote no Postalis; governo nega &#8211; Veja mais!"},"content":{"rendered":"<h1 style=\"text-align: justify;\">Com venda dos Correios, empregados temem calote no Postalis; governo nega<\/h1>\n<p style=\"text-align: justify;\">Uol<br \/>\n14\/10\/2021<\/p>\n<p style=\"text-align: justify;\">Enquanto o governo trabalha para que o projeto que permitir\u00e1 a privatiza\u00e7\u00e3o dos Correios avance no Senado, h\u00e1 muitas d\u00favidas em rela\u00e7\u00e3o ao futuro do Postalis, o fundo de pens\u00e3o dos empregados dos Correios, com mais de 134 mil participantes.<\/p>\n<p style=\"text-align: justify;\">Para o vice-presidente da <strong>Adcap<\/strong> (Associa\u00e7\u00e3o dos Profissionais dos Correios), <strong>Marcos C\u00e9sar Alves Silva<\/strong>, os trabalhadores dos Correios vislumbram um grande risco de calote nos passivos previdenci\u00e1rio e trabalhista da empresa.<\/p>\n<p style=\"text-align: justify;\">&#8220;Se os Correios forem vendidos para uma empresa sem lastro, sem garantias reais para cobrir esses passivos, que somados podem superar em muito os R$ 10 bilh\u00f5es, o risco de calote nos trabalhadores \u00e9 significativo&#8221;, disse \u00e0 coluna.<\/p>\n<p style=\"text-align: justify;\">A secret\u00e1ria especial do Programa de Parcerias de Investimentos (PPI), Martha Seillier, afirmou que a fase dois do estudo sobre a privatiza\u00e7\u00e3o ainda est\u00e1 em curso e que fica dif\u00edcil antecipar algum resultado sobre o futuro do Postalis. A expectativa do governo \u00e9 apresentar os resultados sobre os passivos dos Correios, que dever\u00e3o ser assumidos pelo comprador, em dezembro.<\/p>\n<p style=\"text-align: justify;\">&#8220;O Postalis sofreu muito com os erros de gest\u00f5es anteriores, e trazer a efici\u00eancia privada para a companhia certamente trar\u00e1 mais responsabilidade tamb\u00e9m com a gest\u00e3o dos recursos do fundo&#8221;, disse. &#8220;Estamos tendo muito zelo com o trabalhador dos Correios nesse processo.&#8221;<\/p>\n<p style=\"text-align: justify;\">Em rela\u00e7\u00e3o ao receio de que trabalhadores sejam afetados, a Secretaria do PPI afirmou, em nota, que &#8220;o novo controlador definir\u00e1 o destino do Postalis em conjunto com seus benefici\u00e1rios, e permanecer\u00e1 respons\u00e1vel pelo passivo existente em cada plano, na medida da paridade contributiva prevista no regulamento da entidade, sempre sob supervis\u00e3o da Previc.&#8221;.<\/p>\n<p style=\"text-align: justify;\">Postalis em n\u00fameros<\/p>\n<p style=\"text-align: justify;\">Dados oficiais de julho 2021 mostram que o Postalis tem 134 mil participantes em dois planos administrados, o BD e Postalprev.<\/p>\n<p style=\"text-align: justify;\">O plano BD possui um valor total de ativos de R$ 3,228 bilh\u00f5es e um d\u00e9ficit de R$ 7,663 bilh\u00f5es.<\/p>\n<p style=\"text-align: justify;\">J\u00e1 o plano Postalprev possui um valor total de ativos de R$ 5,488 bilh\u00f5es e um super\u00e1vit de R$ 31,661 milh\u00f5es. Os valores tamb\u00e9m foram informados pela pr\u00f3pria empresa.<\/p>\n<p style=\"text-align: justify;\">General no comando<\/p>\n<p style=\"text-align: justify;\">A exemplo dos Correios, que \u00e9 presidido pelo general Floriano Peixoto, o Postalis est\u00e1 sob responsabilidade de um colega de patente do presidente: o general da reserva Paulo Humberto Cesar de Oliveira.<\/p>\n<p style=\"text-align: justify;\">Nomeado em dezembro de 2019, o general disse que atendeu ao &#8220;pedido de um amigo&#8221; para assumir a empresa, que chegou a ter um interventor da Superintend\u00eancia Nacional de Previd\u00eancia Complementar (Previc) por dois anos e dois meses, ap\u00f3s seis anos consecutivos de rombos.<\/p>\n<p style=\"text-align: justify;\">\u00c0 coluna, o general afirmou que n\u00e3o haver\u00e1 perda para os participantes com a privatiza\u00e7\u00e3o dos Correios e que &#8220;o governo e a Justi\u00e7a podem garantir isso&#8221;.<\/p>\n<p style=\"text-align: justify;\">&#8220;Mesmo que quem comprar acabe com o Postalis, os funcion\u00e1rios v\u00e3o receber a parte deles&#8221;, disse. Oliveira afirmou ainda que n\u00e3o acredita que o comprador ter\u00e1 a inten\u00e7\u00e3o de se desfazer do plano, pela estrutura j\u00e1 existente.<\/p>\n<p style=\"text-align: justify;\">&#8220;Nossa preocupa\u00e7\u00e3o aqui no Postalis \u00e9 fazer nosso trabalho e entregar para os pr\u00f3ximos donos dos Correios da melhor forma poss\u00edvel. Temos que mostrar que temos a expertise de trabalhar com isso e, se for extinto, ele vai perder essa estrutura&#8221;, afirmou.<\/p>\n<p style=\"text-align: justify;\">Melhoria de imagem<\/p>\n<p style=\"text-align: justify;\">Outro desafio que est\u00e1 colocado para o atual presidente da Postalis \u00e9 a mudan\u00e7a de imagem do plano, abalada com os recorrentes casos de corrup\u00e7\u00e3o.<\/p>\n<p style=\"text-align: justify;\">No m\u00eas passado, a estatal foi alvo de mais uma opera\u00e7\u00e3o da Pol\u00edcia Federal, batizada de Opera\u00e7\u00e3o &#8220;Amigo Germ\u00e2nico&#8221;, para investigar &#8220;crimes de lavagem de dinheiro, organiza\u00e7\u00e3o criminosa, crimes contra o sistema financeiro nacional e corrup\u00e7\u00e3o&#8221; supostamente cometidos contra o instituto em gest\u00f5es anteriores.<\/p>\n<p style=\"text-align: justify;\">Segundo o general, um dos seus focos de trabalho \u00e9 justamente colaborar com as opera\u00e7\u00f5es da PF e do Minist\u00e9rio P\u00fablico.<\/p>\n<p style=\"text-align: justify;\">&#8220;N\u00f3s fornecemos todas as informa\u00e7\u00f5es, e quando as pessoas passam a ser processadas pelo MP, tamb\u00e9m s\u00e3o processadas pelo Postalis, j\u00e1 que somos a parte interessada&#8221;, afirmou.<\/p>\n<p style=\"text-align: justify;\">Em nota, logo ap\u00f3s a \u00faltima opera\u00e7\u00e3o, a estatal afirmou que a opera\u00e7\u00e3o era &#8220;uma not\u00edcia positiva para o Postalis, seus participantes e patrocinador, porque se trata de mais uma das a\u00e7\u00f5es que v\u00eam sendo realizadas nos \u00faltimos anos para a recupera\u00e7\u00e3o de preju\u00edzos causados por gest\u00f5es passadas e responsabiliza\u00e7\u00e3o dos culpados&#8221;, afirmou.<\/p>\n<p>&nbsp;<\/p>\n<p style=\"text-align: right;\"><strong>Dire\u00e7\u00e3o Nacional da ADCAP.<\/strong><\/p>\n","protected":false},"excerpt":{"rendered":"<p>Com venda dos Correios, empregados temem calote no Postalis; governo nega Uol 14\/10\/2021 Enquanto o governo trabalha para que o projeto que permitir\u00e1 a privatiza\u00e7\u00e3o dos Correios avance no Senado,&hellip;<\/p>\n","protected":false},"author":1,"featured_media":0,"comment_status":"closed","ping_status":"closed","sticky":false,"template":"","format":"standard","meta":{"_editorskit_title_hidden":false,"_editorskit_reading_time":0,"_editorskit_is_block_options_detached":false,"_editorskit_block_options_position":"{}","footnotes":""},"categories":[3,43],"tags":[],"aioseo_notices":[],"_links":{"self":[{"href":"https:\/\/adcap.org.br\/index.php\/wp-json\/wp\/v2\/posts\/16357"}],"collection":[{"href":"https:\/\/adcap.org.br\/index.php\/wp-json\/wp\/v2\/posts"}],"about":[{"href":"https:\/\/adcap.org.br\/index.php\/wp-json\/wp\/v2\/types\/post"}],"author":[{"embeddable":true,"href":"https:\/\/adcap.org.br\/index.php\/wp-json\/wp\/v2\/users\/1"}],"replies":[{"embeddable":true,"href":"https:\/\/adcap.org.br\/index.php\/wp-json\/wp\/v2\/comments?post=16357"}],"version-history":[{"count":0,"href":"https:\/\/adcap.org.br\/index.php\/wp-json\/wp\/v2\/posts\/16357\/revisions"}],"wp:attachment":[{"href":"https:\/\/adcap.org.br\/index.php\/wp-json\/wp\/v2\/media?parent=16357"}],"wp:term":[{"taxonomy":"category","embeddable":true,"href":"https:\/\/adcap.org.br\/index.php\/wp-json\/wp\/v2\/categories?post=16357"},{"taxonomy":"post_tag","embeddable":true,"href":"https:\/\/adcap.org.br\/index.php\/wp-json\/wp\/v2\/tags?post=16357"}],"curies":[{"name":"wp","href":"https:\/\/api.w.org\/{rel}","templated":true}]}}