{"id":16040,"date":"2021-08-16T14:06:22","date_gmt":"2021-08-16T14:06:22","guid":{"rendered":"https:\/\/adcap.org.br\/?p=16040"},"modified":"2021-08-16T14:06:22","modified_gmt":"2021-08-16T14:06:22","slug":"adcap-net-16-08-2021-privatizacao-dos-correios-e-carregada-de-mentiras-e-omissoes-do-governo-veja-mais","status":"publish","type":"post","link":"https:\/\/adcap.org.br\/index.php\/adcap-net-16-08-2021-privatizacao-dos-correios-e-carregada-de-mentiras-e-omissoes-do-governo-veja-mais\/","title":{"rendered":"Adcap Net 16\/08\/2021 &#8211; Privatiza\u00e7\u00e3o dos Correios \u00e9 carregada de mentiras e omiss\u00f5es do governo &#8211; Veja mais!"},"content":{"rendered":"<h1 style=\"text-align: justify;\" data-original-attrs=\"{&quot;style&quot;:&quot;&quot;}\"><span style=\"font-family: helvetica;\" data-keep-original-tag=\"false\" data-original-attrs=\"{&quot;style&quot;:&quot;&quot;}\">Privatiza\u00e7\u00e3o dos Correios \u00e9 carregada de mentiras e omiss\u00f5es do governo<\/span><\/h1>\n<div data-original-attrs=\"{&quot;style&quot;:&quot;&quot;}\">\n<p style=\"text-align: justify;\" data-original-attrs=\"{&quot;style&quot;:&quot;&quot;}\"><span data-keep-original-tag=\"false\" data-original-attrs=\"{&quot;style&quot;:&quot;&quot;}\"><span style=\"font-family: helvetica;\" data-keep-original-tag=\"false\" data-original-attrs=\"{&quot;style&quot;:&quot;&quot;}\">Carta Capital<br \/>\n15\/08\/2021<\/span><\/span><\/p>\n<p style=\"text-align: center;\" data-original-attrs=\"{&quot;style&quot;:&quot;&quot;}\"><a href=\"https:\/\/adcap.org.br\/wp-content\/uploads\/Net-1608-1.jpg\" data-rel=\"penci-gallery-image-content\" ><img decoding=\"async\" loading=\"lazy\" class=\"aligncenter size-medium wp-image-16041\" src=\"https:\/\/adcap.org.br\/wp-content\/uploads\/Net-1608-1-300x205.jpg\" alt=\"\" width=\"300\" height=\"205\" srcset=\"https:\/\/adcap.org.br\/wp-content\/uploads\/Net-1608-1-300x205.jpg 300w, https:\/\/adcap.org.br\/wp-content\/uploads\/Net-1608-1-768x525.jpg 768w, https:\/\/adcap.org.br\/wp-content\/uploads\/Net-1608-1-1024x699.jpg 1024w, https:\/\/adcap.org.br\/wp-content\/uploads\/Net-1608-1-1170x799.jpg 1170w, https:\/\/adcap.org.br\/wp-content\/uploads\/Net-1608-1-585x400.jpg 585w, https:\/\/adcap.org.br\/wp-content\/uploads\/Net-1608-1.jpg 1183w\" sizes=\"(max-width: 300px) 100vw, 300px\" \/><\/a><\/p>\n<div class=\"separator\" style=\"text-align: justify;\" data-original-attrs=\"{&quot;style&quot;:&quot;&quot;}\"><\/div>\n<p style=\"text-align: justify;\" data-original-attrs=\"{&quot;style&quot;:&quot;&quot;}\"><span data-keep-original-tag=\"false\" data-original-attrs=\"{&quot;style&quot;:&quot;&quot;}\"><span style=\"font-family: helvetica;\" data-keep-original-tag=\"false\" data-original-attrs=\"{&quot;style&quot;:&quot;&quot;}\"><br \/>\nAs inverdades visam camuflar uma das maiores barganhas do planeta, a venda de uma estrutura de com\u00e9rcio eletr\u00f4nico bilion\u00e1ria pronta<\/span><\/span><\/p>\n<p style=\"text-align: justify;\" data-original-attrs=\"{&quot;style&quot;:&quot;&quot;}\"><span data-keep-original-tag=\"false\" data-original-attrs=\"{&quot;style&quot;:&quot;&quot;}\"><span style=\"font-family: helvetica;\" data-keep-original-tag=\"false\" data-original-attrs=\"{&quot;style&quot;:&quot;&quot;}\">Uma teia de mentiras e omiss\u00f5es do governo, de empresas privadas e de parlamentares governistas encobre\u00a0os interesses inconfess\u00e1veis presentes na opera\u00e7\u00e3o de privatiza\u00e7\u00e3o da Empresa Brasileira de\u00a0<strong>Correios\u00a0<\/strong>e\u00a0Tel\u00e9grafos, aprovada na C\u00e2mara dos Deputados e encaminhada para aprecia\u00e7\u00e3o do Senado.<\/span><\/span><\/p>\n<p style=\"text-align: justify;\" data-original-attrs=\"{&quot;style&quot;:&quot;&quot;}\"><span data-keep-original-tag=\"false\" data-original-attrs=\"{&quot;style&quot;:&quot;&quot;}\"><span style=\"font-family: helvetica;\" data-keep-original-tag=\"false\" data-original-attrs=\"{&quot;style&quot;:&quot;&quot;}\">As inverdades visam camuflar uma das maiores barganhas do planeta, a venda de uma estrutura de com\u00e9rcio\u00a0eletr\u00f4nico bilion\u00e1ria pronta, com dimens\u00f5es continentais, em um dos mercados que mais crescem no mundo e tem potencial para se expandir ainda mais, a taxas anuais de dois dig\u00edtos. &#8220;O que est\u00e1 em jogo neste momento \u00e9 a encomenda do e-commerce, \u00e9 essa quest\u00e3o central. Esse \u00e9 o debate que est\u00e3o escondendo, \u00e9 a mina de ouro, \u00e9 o lucro real&#8221;, resumiu o deputado Marcelo Freixo, do PSB, em discurso na C\u00e2mara dos Deputados.<\/span><\/span><\/p>\n<p style=\"text-align: justify;\" data-original-attrs=\"{&quot;style&quot;:&quot;&quot;}\"><span data-keep-original-tag=\"false\" data-original-attrs=\"{&quot;style&quot;:&quot;&quot;}\"><span style=\"font-family: helvetica;\" data-keep-original-tag=\"false\" data-original-attrs=\"{&quot;style&quot;:&quot;&quot;}\">Pelo projeto aprovado na Casa, os trabalhadores poder\u00e3o aderir a um plano de demiss\u00e3o volunt\u00e1ria em at\u00e9\u00a0180 dias ap\u00f3s a venda e, durante 18 meses, s\u00f3 seriam dispensados por justa causa. A empresa vender\u00e1 100%\u00a0do controle e ser\u00e1 oferecida em bloco, sem divis\u00e3o por regi\u00f5es.<\/span><\/span><\/p>\n<p style=\"text-align: justify;\" data-original-attrs=\"{&quot;style&quot;:&quot;&quot;}\"><span data-keep-original-tag=\"false\" data-original-attrs=\"{&quot;style&quot;:&quot;&quot;}\"><span style=\"font-family: helvetica;\" data-keep-original-tag=\"false\" data-original-attrs=\"{&quot;style&quot;:&quot;&quot;}\">Um estudo elaborado pelo banco J.P. Morgan com dados de 2019 mostra que a pretendida privatiza\u00e7\u00e3o tem\u00a0tudo para ser um neg\u00f3cio \u00fanico. O mercado de com\u00e9rcio eletr\u00f4nico brasileiro, de 22,8 bilh\u00f5es de d\u00f3lares,\u00a0representa 4,3% do mercado de varejo geral do Pa\u00eds, e revela que 72% da popula\u00e7\u00e3o ainda n\u00e3o fez sua\u00a0primeira compra online, indicativo de um enorme potencial. Outro aspecto \u00e9 a velocidade incomum de\u00a0crescimento do e-commerce no Brasil, que desde 2017 se expande a uma taxa de dois d\u00edgitos.<\/span><\/span><\/p>\n<p style=\"text-align: justify;\" data-original-attrs=\"{&quot;style&quot;:&quot;&quot;}\"><span data-keep-original-tag=\"false\" data-original-attrs=\"{&quot;style&quot;:&quot;&quot;}\"><span style=\"font-family: helvetica;\" data-keep-original-tag=\"false\" data-original-attrs=\"{&quot;style&quot;:&quot;&quot;}\">O Nordeste, com aumento espantoso de 27% ao ano, \u00e9 a regi\u00e3o de avan\u00e7o mais veloz, mas as taxas s\u00e3o\u00a0excepcionais tamb\u00e9m no Norte (22%) e no Sul (20%), al\u00e9m de expressivas no Sudeste (6%) e no Centro-Oeste\u00a0(5%), sublinha o banco. Os Correios entregaram, em 2020, 15,2 milh\u00f5es de objetos postais por dia, sendo 13,7\u00a0milh\u00f5es de correspond\u00eancias e 1,5 milh\u00e3o de encomendas nacionais e internacionais, registra o balan\u00e7o da\u00a0empresa.<\/span><\/span><\/p>\n<p style=\"text-align: justify;\" data-original-attrs=\"{&quot;style&quot;:&quot;&quot;}\"><span data-keep-original-tag=\"false\" data-original-attrs=\"{&quot;style&quot;:&quot;&quot;}\"><span style=\"font-family: helvetica;\" data-keep-original-tag=\"false\" data-original-attrs=\"{&quot;style&quot;:&quot;&quot;}\">Um projeto de lei do deputado pedetista Andr\u00e9 Figueiredo, ex-ministro das Comunica\u00e7\u00f5es, prop\u00f5e estabelecer\u00a0os Correios como o operador de log\u00edstica preferencial da administra\u00e7\u00e3o p\u00fablica federal, o que o tornaria\u00a0autossustent\u00e1vel, mas o governo optou por ati\u00e7ar o apetite do mercado privado. A lista de candidatos \u00e0\u00a0compra da estatal inclui os gigantes do setor atuantes no mercado brasileiro, desde o argentino Mercado Livre\u00a0at\u00e9 as Americanas, a estadunidense Amazon, a DHL, o FedEx e a chinesa Alibaba.<\/span><\/span><\/p>\n<p style=\"text-align: justify;\" data-original-attrs=\"{&quot;style&quot;:&quot;&quot;}\"><span data-keep-original-tag=\"false\" data-original-attrs=\"{&quot;style&quot;:&quot;&quot;}\"><span style=\"font-family: helvetica;\" data-keep-original-tag=\"false\" data-original-attrs=\"{&quot;style&quot;:&quot;&quot;}\">Tanto o l\u00edder Mercado Livre quanto a Amazon est\u00e3o investindo em infraestrutura log\u00edstica no Nordeste para\u00a0competir com os varejistas locais, \u201ccom o objetivo de tornar o com\u00e9rcio eletr\u00f4nico mais conveniente do que o\u00a0varejo f\u00edsico\u201d, segundo o J.P. Morgan.<\/span><\/span><\/p>\n<p style=\"text-align: justify;\" data-original-attrs=\"{&quot;style&quot;:&quot;&quot;}\"><span data-keep-original-tag=\"false\" data-original-attrs=\"{&quot;style&quot;:&quot;&quot;}\"><span style=\"font-family: helvetica;\" data-keep-original-tag=\"false\" data-original-attrs=\"{&quot;style&quot;:&quot;&quot;}\">Os Correios s\u00e3o a \u00fanica institui\u00e7\u00e3o p\u00fablica presente em todos os 5.570 munic\u00edpios e prestam um servi\u00e7o relevante impossivel de substituir pela iniciativa privada em um pa\u00eds de dimens\u00f5es continentais. Apenas 324 das 11.542 ag\u00eancias d\u00e3o lucro e o resultado positivo ajuda a manter as demais. Como a maior parte das\u00a0ag\u00eancias lucrativas est\u00e1 no Sudeste e no Sul, h\u00e1 tamb\u00e9m subs\u00eddio cruzado inter-regional que viabiliza o\u00a0atendimento nas regi\u00f5es Nordeste, Norte e Centro-Oeste. Essa articula\u00e7\u00e3o vai para o espa\u00e7o em uma\u00a0privatiza\u00e7\u00e3o, em preju\u00edzo de usu\u00e1rios e regi\u00f5es mais pobres.<\/span><\/span><\/p>\n<p style=\"text-align: justify;\" data-original-attrs=\"{&quot;style&quot;:&quot;&quot;}\"><span data-keep-original-tag=\"false\" data-original-attrs=\"{&quot;style&quot;:&quot;&quot;}\"><span style=\"font-family: helvetica;\" data-keep-original-tag=\"false\" data-original-attrs=\"{&quot;style&quot;:&quot;&quot;}\">Sua rede de ag\u00eancias e postos constitui a principal infraestrutura federal para as pol\u00edticas p\u00fablicas. Al\u00e9m de\u00a0entregarem cartas e encomendas, s\u00e3o tamb\u00e9m correspondentes banc\u00e1rios, distribuem para o governo provas\u00a0do Enem, livros did\u00e1ticos, vacinas, rem\u00e9dios do SUS e urnas eletr\u00f4nicas. Vista erroneamente por alguns\u00a0apenas como uma tradicional distribuidora de cartas, a empresa \u00e9 tamb\u00e9m o principal player do e-commerce e\u00a0responde por mais de 80% das entregas no Brasil, segundo dados de 2017 da Associa\u00e7\u00e3o Brasileira de\u00a0Com\u00e9rcio Eletr\u00f4nico, e este \u00e9 o principal motivo para os concorrentes desejarem abocanh\u00e1-la.<\/span><\/span><\/p>\n<p style=\"text-align: justify;\" data-original-attrs=\"{&quot;style&quot;:&quot;&quot;}\"><span data-keep-original-tag=\"false\" data-original-attrs=\"{&quot;style&quot;:&quot;&quot;}\"><span style=\"font-family: helvetica;\" data-keep-original-tag=\"false\" data-original-attrs=\"{&quot;style&quot;:&quot;&quot;}\">Longe de serem a empresa ineficiente mostrada pela m\u00eddia, os Correios obtiveram lucro de 1,5 bilh\u00e3o de reais\u00a0e receita de 18 bilh\u00f5es em 2020, sendo 10,3 bilh\u00f5es provenientes de encomendas e log\u00edstica e o restante\u00a0gerado por mensagens e malotes. Entre 2002 e 2013, a ECT distribuiu \u00e0 Uni\u00e3o mais de 7 bilh\u00f5es, em valores\u00a0reais, como dividendos e juros sobre capital pr\u00f3prio. Em 2019, foi premiada pelo segundo ano consecutivo\u00a0como a melhor empresa de log\u00edstica no e-commerce e arrebatou o trof\u00e9u ABComm de inova\u00e7\u00e3o digital.<\/span><\/span><\/p>\n<p style=\"text-align: justify;\" data-original-attrs=\"{&quot;style&quot;:&quot;&quot;}\"><span data-keep-original-tag=\"false\" data-original-attrs=\"{&quot;style&quot;:&quot;&quot;}\"><span style=\"font-family: helvetica;\" data-keep-original-tag=\"false\" data-original-attrs=\"{&quot;style&quot;:&quot;&quot;}\">A insatisfa\u00e7\u00e3o com o servi\u00e7o prestado \u00e9 baix\u00edssima. A estatal ocupa apenas o 32\u00ba lugar no ranking de n\u00famero\u00a0de reclama\u00e7\u00f5es de consumidores elaborado pelo Procon de S\u00e3o Paulo, no qual as companhias de telefonia,\u00a0de tev\u00ea por assinatura e bancos dominam as primeiras posi\u00e7\u00f5es. Cabe lembrar que as teles, pentacampe\u00e3s de\u00a0reclama\u00e7\u00f5es, foram privatizadas h\u00e1 d\u00e9cadas, aproveitando uma onda de mudan\u00e7a de padr\u00e3o tecnol\u00f3gico,\u00a0mas patinam em inefici\u00eancia e altas tarifas. Chama aten\u00e7\u00e3o ainda que empresas concorrentes dos Correios\u00a0no e-commerce e candidatas \u00e0 sua aquisi\u00e7\u00e3o, supostamente mais eficientes por serem privadas, figuram em\u00a0posi\u00e7\u00f5es muito piores que a da estatal. \u00c9 o caso do Magazine Luiza em 7\u00ba lugar, do Mercado Livre em 8\u00ba, e da\u00a0Americanas em 9\u00ba. Uma pesquisa do site PoderData realizada em mar\u00e7o mostra que 52% da popula\u00e7\u00e3o\u00a0brasileira \u00e9 contra a privatiza\u00e7\u00e3o dos Correios, enquanto 29% dizem ser a favor e 19% n\u00e3o souberam informar\u00a0ou n\u00e3o responderam \u00e0 pergunta.<\/span><\/span><\/p>\n<p style=\"text-align: justify;\" data-original-attrs=\"{&quot;style&quot;:&quot;&quot;}\"><span data-keep-original-tag=\"false\" data-original-attrs=\"{&quot;style&quot;:&quot;&quot;}\"><span style=\"font-family: helvetica;\" data-keep-original-tag=\"false\" data-original-attrs=\"{&quot;style&quot;:&quot;&quot;}\">Segundo Thiago Botelho, representante do Minist\u00e9rio das Comunica\u00e7\u00f5es, o objetivo do projeto de lei\u00a0governamental n\u00e3o \u00e9 privatizar os Correios, mas instituir o marco legal do setor postal, que pode ser mantido\u00a0tanto por uma empresa p\u00fablica como por meio de uma concess\u00e3o. A economista Camila de Caso, assessora\u00a0do PSOL na C\u00e2mara dos Deputados, questiona. \u201cOs neoliberais dizem que n\u00e3o \u00e9 uma privatiza\u00e7\u00e3o, mas uma\u00a0concess\u00e3o. S\u00f3 que essa concess\u00e3o \u00e9 por cinco anos prorrog\u00e1veis pelo tempo que quiserem. N\u00e3o tem\u00a0par\u00e2metro, n\u00e3o tem previs\u00e3o de volta para o setor p\u00fablico, \u00e9 uma privatiza\u00e7\u00e3o pior do que a da d\u00e9cada de\u00a01990, s\u00f3 que apresentada de forma mais soft, de modo a fingir um certo nacionalismo\u201d, dispara a economista.<\/span><\/span><\/p>\n<p style=\"text-align: justify;\" data-original-attrs=\"{&quot;style&quot;:&quot;&quot;}\"><span data-keep-original-tag=\"false\" data-original-attrs=\"{&quot;style&quot;:&quot;&quot;}\"><span style=\"font-family: helvetica;\" data-keep-original-tag=\"false\" data-original-attrs=\"{&quot;style&quot;:&quot;&quot;}\">Ao contr\u00e1rio do que diz o governo, a privatiza\u00e7\u00e3o n\u00e3o resultar\u00e1 em aumento da qualidade dos servi\u00e7os, n\u00e3o\u00a0garantir\u00e1 a presta\u00e7\u00e3o do servi\u00e7o postal universal nem ampliar\u00e1 os investimentos privados no setor, rebate\u00a0<strong>Marcos C\u00e9sar Alves Silva<\/strong>, vice-presidente da\u00a0<strong>Associa\u00e7\u00e3o dos Profissionais dos Correios<\/strong>. Em audi\u00eancia p\u00fablica\u00a0promovida pela Comiss\u00e3o de Integra\u00e7\u00e3o Nacional e Desenvolvimento Regional da Amaz\u00f4nia, ele sublinhou\u00a0que a estatal tem aprova\u00e7\u00e3o de 90% dos usu\u00e1rios e que acenar com a garantia de presta\u00e7\u00e3o do servi\u00e7o postal\u00a0universal \u00e9 uma fal\u00e1cia. \u201cO governo de Portugal usou o mesmo argumento quando optou pela privatiza\u00e7\u00e3o,\u00a0mas hoje a popula\u00e7\u00e3o pede a reestatiza\u00e7\u00e3o porque os administradores privados fecharam ag\u00eancias e o pre\u00e7o\u00a0subiu\u201d, destaca Silva. \u201cA empresa tem infraestrutura montada, baixo endividamento, lucro bilion\u00e1rio, gera\u00e7\u00e3o\u00a0positiva de caixa, um balc\u00e3o muito forte, tem tudo, portanto, para fazer seus investimentos, n\u00e3o precisa de\u00a0muleta nenhuma. Trata-se de um ecossistema empresarial com parcerias, cerca de 1 mil franqueados, transportadoras e forncedores, mantido de forma equilibrada e sustent\u00e1vel. \u00c9 nisso que o governo quer mexer e vai fazer bobagem&#8221;.<\/span><\/span><\/p>\n<p style=\"text-align: justify;\" data-original-attrs=\"{&quot;style&quot;:&quot;&quot;}\"><span data-keep-original-tag=\"false\" data-original-attrs=\"{&quot;style&quot;:&quot;&quot;}\"><span style=\"font-family: helvetica;\" data-keep-original-tag=\"false\" data-original-attrs=\"{&quot;style&quot;:&quot;&quot;}\">No ranking anual de 170 pa\u00edses acompanhados pela Uni\u00e3o Postal Universal, o Brasil figura no grupo\u00a0intermedi\u00e1rio superior com melhor desempenho, intitulado good performers. O Departamento Intersindical de\u00a0Estat\u00edstica e Estudos Socioecon\u00f4micos, conhecido pela sigla Dieese, constatou que, entre os pa\u00edses mais\u00a0populosos, os servi\u00e7os postais universais s\u00e3o prestados por empresas p\u00fablicas, de economia mista ou outro\u00a0\u00f3rg\u00e3o governamental. Nesse universo, apenas Alemanha, Reino Unido e Holanda s\u00e3o considerados casos\u00a0bem-sucedidos de privatiza\u00e7\u00e3o dos correios, com ressalvas. Sobressai a privatiza\u00e7\u00e3o fracassada dos correios\u00a0na Argentina nos anos 1990, revertida em 2003.<\/span><\/span><\/p>\n<p style=\"text-align: justify;\" data-original-attrs=\"{&quot;style&quot;:&quot;&quot;}\"><span style=\"font-family: helvetica;\" data-keep-original-tag=\"false\" data-original-attrs=\"{&quot;style&quot;:&quot;&quot;}\"><span data-keep-original-tag=\"false\" data-original-attrs=\"{&quot;style&quot;:&quot;&quot;}\">Jos\u00e9 Rivaldo da Silva, secret\u00e1rio-geral da Federa\u00e7\u00e3o Nacional dos Trabalhadores em Empresas de Correios,\u00a0constatou em congressos internacionais que em nenhum outro lugar do mundo se discute hoje privatiza\u00e7\u00e3o\u00a0dos correios. \u201c\u00c9 uma covardia muito grande com os trabalhadores que, em meio \u00e0 pandemia, est\u00e3o colocando\u00a0suas vidas em risco para garantir essa presta\u00e7\u00e3o de servi\u00e7o e que, com a privatiza\u00e7\u00e3o, ser\u00e3o demitidos.\u00a0<\/span><span data-keep-original-tag=\"false\" data-original-attrs=\"{&quot;style&quot;:&quot;&quot;}\">Perdemos mais de 300 colegas no exerc\u00edcio de suas fun\u00e7\u00f5es. Dever\u00edamos estar discutindo o fortalecimento\u00a0dessa empresa p\u00fablica\u201d, dispara o sindicalista. H\u00e1 risco, diz, de um apag\u00e3o postal no Pa\u00eds se os Correios\u00a0forem privatizados, assim como houve apag\u00e3o el\u00e9trico no Amap\u00e1, problema que foi resolvido pela estatal\u00a0regional do setor, a Eletronorte.<\/span><\/span><\/p>\n<p style=\"text-align: justify;\" data-original-attrs=\"{&quot;style&quot;:&quot;&quot;}\"><span data-keep-original-tag=\"false\" data-original-attrs=\"{&quot;style&quot;:&quot;&quot;}\"><span style=\"font-family: helvetica;\" data-keep-original-tag=\"false\" data-original-attrs=\"{&quot;style&quot;:&quot;&quot;}\">Uma pesquisa realizada por Philipp B. Schuster, da Universidade de Bremen, na Alemanha, sobre a\u00a0privatiza\u00e7\u00e3o dos correios\u00a0 em 21 pa\u00edses da OCDE entre 1980 e 2007 revelou que a entrega ao setor privado teve\u00a0efeito negativo na qualidade da presta\u00e7\u00e3o do servi\u00e7o universal. \u201cA densidade das ag\u00eancias foi bastante reduzida e isso significa que os servi\u00e7os ficaram menos dispon\u00edveis para todos os cidad\u00e3os, chama aten\u00e7\u00e3o Stchuster. Tradicionalmente, os servi\u00e7os universais, especialmente, os servi\u00e7os universais, especialemtne no setor postal, s\u00e3o redistribu\u00eddos dos grupos de alta para os grupos de baixa renda e das \u00e1reas urbanas para os rurais. O fato de a acessibilidade tyer diminu\u00eddo substancialmente significa que alguns desses grupos e \u00e1reas podem estar em pior situa\u00e7\u00e3o.<\/span><\/span><\/p>\n<p style=\"text-align: justify;\" data-original-attrs=\"{&quot;style&quot;:&quot;&quot;}\"><span data-keep-original-tag=\"false\" data-original-attrs=\"{&quot;style&quot;:&quot;&quot;}\"><span style=\"font-family: helvetica;\" data-keep-original-tag=\"false\" data-original-attrs=\"{&quot;style&quot;:&quot;&quot;}\">Um problema essencial das privatiza\u00e7\u00f5es \u00e9 que, em geral, as empresas que podem ser capitalizadas pelo\u00a0Estado brasileiro, sobretudo quando s\u00e3o lucrativas, t\u00eam acesso a um custo de capital muito pequeno porque\u00a0para capitaliz\u00e1-las \u00e9 poss\u00edvel, por exemplo, lan\u00e7ar t\u00edtulos p\u00fablicos com o juro menor que existe no mercado,\u00a0chama aten\u00e7\u00e3o o economista Pedro Paulo Zahluth Bastos, professor do Instituto de Economia da Unicamp.<\/span><\/span><\/p>\n<p style=\"text-align: justify;\" data-original-attrs=\"{&quot;style&quot;:&quot;&quot;}\"><span data-keep-original-tag=\"false\" data-original-attrs=\"{&quot;style&quot;:&quot;&quot;}\"><span style=\"font-family: helvetica;\" data-keep-original-tag=\"false\" data-original-attrs=\"{&quot;style&quot;:&quot;&quot;}\">Quando uma empresa \u00e9 privatizada, al\u00e9m de ter sido amortizada, em geral ela \u00e9 transferida para um grupo\u00a0que tem um custo de endividamento muito maior do que o Estado, o que implicar\u00e1, necessariamente, uma\u00a0eleva\u00e7\u00e3o de receitas futuras das empresas, mesmo na suposi\u00e7\u00e3o de uma mesma taxa de lucro, em um\u00a0processo que vai provocar aumento do custo para os consumidores.<\/span><\/span><\/p>\n<p style=\"text-align: justify;\" data-original-attrs=\"{&quot;style&quot;:&quot;&quot;}\"><span data-keep-original-tag=\"false\" data-original-attrs=\"{&quot;style&quot;:&quot;&quot;}\"><span style=\"font-family: helvetica;\" data-keep-original-tag=\"false\" data-original-attrs=\"{&quot;style&quot;:&quot;&quot;}\">\u201cOutro aspecto \u00e9 que os investidores privados n\u00e3o v\u00e3o usar subs\u00eddios cruzados, que \u00e9 a utiliza\u00e7\u00e3o das receitas\u00a0obtidas com as partes lucrativas atendidas pelas estatais para financiar servi\u00e7os em \u00e1reas onde n\u00e3o h\u00e1\u00a0lucratividade\u201d, diz Bastos. \u201cIsto \u00e9, o consumidor vai perder tanto por causa da eleva\u00e7\u00e3o das tarifas quanto\u00a0porque, em alguns lugares, a correspond\u00eancia ou encomenda n\u00e3o vai ser entregue ou ser\u00e1 feita com\u00a0espa\u00e7amento muito mais longo, de modo a reduzir os custos para as empresas.\u201d<\/span><\/span><\/p>\n<p style=\"text-align: justify;\" data-original-attrs=\"{&quot;style&quot;:&quot;&quot;}\"><span data-keep-original-tag=\"false\" data-original-attrs=\"{&quot;style&quot;:&quot;&quot;}\"><span style=\"font-family: helvetica;\" data-keep-original-tag=\"false\" data-original-attrs=\"{&quot;style&quot;:&quot;&quot;}\">Quanto ao alegado aumento de recursos em caixa na conta \u00fanica do Tesouro, n\u00e3o podem ser gastos por\u00a0conta da Lei do Teto. A inten\u00e7\u00e3o declarada \u00e9 comprar d\u00edvida, o que \u00e9 absurdo, porque a liquidez e a riqueza que saem do mercado com a compra da estatal voltam pela recompra de t\u00edtulos publicos.\u00a0\u201cAs privatiza\u00e7\u00f5es n\u00e3o produzem, portanto, nenhuma redu\u00e7\u00e3o da d\u00edvida p\u00fablica e s\u00f3 se explicam pelo objetivo de transferir recursos, bens, ativos e patrim\u00f4nio p\u00fablicos e capacidade de coordena\u00e7\u00e3o de pol\u00edticas p\u00fablicas por meio de empresas estatais, para os grandes investidores privados financiadores da elei\u00e7\u00e3o de Jair Bolsonaro e que tem como representante ideol\u00f3gico o ministro da Economia, Paulo Guedes.\u201d.<\/span><\/span><\/p>\n<h1 style=\"text-align: justify;\" data-original-attrs=\"{&quot;style&quot;:&quot;&quot;}\"><span style=\"font-family: helvetica;\" data-keep-original-tag=\"false\" data-original-attrs=\"{&quot;style&quot;:&quot;&quot;}\"><span data-keep-original-tag=\"false\" data-original-attrs=\"{&quot;style&quot;:&quot;&quot;}\"><strong>Os Correios est\u00e3o no corredor da morte\u00a0<\/strong><\/span><strong data-original-attrs=\"{&quot;style&quot;:&quot;&quot;}\">das\u00a0privatiza\u00e7\u00f5es<\/strong><\/span><\/h1>\n<p style=\"text-align: justify;\" data-original-attrs=\"{&quot;style&quot;:&quot;&quot;}\"><span data-keep-original-tag=\"false\" data-original-attrs=\"{&quot;style&quot;:&quot;&quot;}\"><span style=\"font-family: helvetica;\" data-keep-original-tag=\"false\" data-original-attrs=\"{&quot;style&quot;:&quot;&quot;}\">Carta Capital<br \/>\n15\/08\/2021<\/span><\/span><\/p>\n<p style=\"text-align: justify;\" data-original-attrs=\"{&quot;style&quot;:&quot;&quot;}\"><span data-keep-original-tag=\"false\" data-original-attrs=\"{&quot;style&quot;:&quot;&quot;}\"><span style=\"font-family: helvetica;\" data-keep-original-tag=\"false\" data-original-attrs=\"{&quot;style&quot;:&quot;&quot;}\">A onda de privatiza\u00e7\u00f5es obedece \u00e0 l\u00f3gica patrimonialista e rentista do moderno capital financeiro\u00a0<\/span><\/span><\/p>\n<p style=\"text-align: justify;\" data-original-attrs=\"{&quot;style&quot;:&quot;&quot;}\"><span style=\"font-family: helvetica;\" data-keep-original-tag=\"false\" data-original-attrs=\"{&quot;style&quot;:&quot;&quot;}\"><span data-keep-original-tag=\"false\" data-original-attrs=\"{&quot;style&quot;:&quot;&quot;}\">Depois da Eletrobras, os\u00a0<strong>Correios\u00a0<\/strong>s\u00e3o lan\u00e7ados no corredor (da morte?) das privatiza\u00e7\u00f5es.\u00a0<\/span><span data-keep-original-tag=\"false\" data-original-attrs=\"{&quot;style&quot;:&quot;&quot;}\">Nos meios de comunica\u00e7\u00e3o, a propaganda oficial celebra a mudan\u00e7a de controle da esfera\u00a0p\u00fablica para os poderes privados como uma conquista da efici\u00eancia.<\/span><\/span><\/p>\n<p style=\"text-align: justify;\" data-original-attrs=\"{&quot;style&quot;:&quot;&quot;}\"><span data-keep-original-tag=\"false\" data-original-attrs=\"{&quot;style&quot;:&quot;&quot;}\"><span style=\"font-family: helvetica;\" data-keep-original-tag=\"false\" data-original-attrs=\"{&quot;style&quot;:&quot;&quot;}\">Por essas e outras, na abertura da coluna, apresento um \u201ccauso\u201d (assim diria o saudoso comediante Mazzaropi) ocorrido nas salas acarpetadas da Faria Lima. Um proficiente gestor financeiro foi convidado pela diretoria de uma grande banco de investimentos para apresentar sugest\u00f5es de projetos.<\/span><\/span><\/p>\n<p style=\"text-align: justify;\" data-original-attrs=\"{&quot;style&quot;:&quot;&quot;}\"><span data-keep-original-tag=\"false\" data-original-attrs=\"{&quot;style&quot;:&quot;&quot;}\"><span style=\"font-family: helvetica;\" data-keep-original-tag=\"false\" data-original-attrs=\"{&quot;style&quot;:&quot;&quot;}\">Sem hesitar, o gestor-convidado sacou dos embornais de sua sabedoria um elenco parrudo de\u00a0empreendimentos novos. O diretor de neg\u00f3cios do banco atalhou: \u201cQueremos apenas adquirir ativos\u00a0existentes, nada de projetos novos\u201d.<\/span><\/span><\/p>\n<p style=\"text-align: justify;\" data-original-attrs=\"{&quot;style&quot;:&quot;&quot;}\"><span data-keep-original-tag=\"false\" data-original-attrs=\"{&quot;style&quot;:&quot;&quot;}\"><span style=\"font-family: helvetica;\" data-keep-original-tag=\"false\" data-original-attrs=\"{&quot;style&quot;:&quot;&quot;}\">A\u00ed est\u00e1 escancarado o Esp\u00edrito Patrimonialista do capitalismo financeirizado. A express\u00e3o\u00a0\u201cfinanceirizado\u201d incomoda \u00e0 esquerda e \u00e0 direita. Os da esquerda imaginam que o capitalismo se\u00a0dedica, sobretudo, \u00e0 produ\u00e7\u00e3o de mercadorias ao explorar a for\u00e7a de trabalho e os bancos existem\u00a0para financiar os neg\u00f3cios produtivistas. A turma da direita se aborrece ao constatar que o capitalismo\u00a0financeiro \u00e9 acusado de promover p\u00e9ssima aloca\u00e7\u00e3o de recursos.<\/span><\/span><\/p>\n<p style=\"text-align: justify;\" data-original-attrs=\"{&quot;style&quot;:&quot;&quot;}\"><span data-keep-original-tag=\"false\" data-original-attrs=\"{&quot;style&quot;:&quot;&quot;}\"><span style=\"font-family: helvetica;\" data-keep-original-tag=\"false\" data-original-attrs=\"{&quot;style&quot;:&quot;&quot;}\">J\u00e1 aborreci os leitores de CartaCapital ao escrever neste espa\u00e7o que, entre outras proezas, a\u00a0financeiriza\u00e7\u00e3o rentista exercita seus prop\u00f3sitos ao se beneficiar de um ativo existente, criado com\u00a0dinheiro p\u00fablico, gerador de renda monopolista. A onda de privatiza\u00e7\u00f5es obedece \u00e0 l\u00f3gica\u00a0patrimonialista e rentista do moderno capital financeiro, em seu furor de aquisi\u00e7\u00f5es de ativos\u00a0existentes. Nada tem a ver com a qualidade dos servi\u00e7os prestados, mesmo porque os exemplos s\u00e3o\u00a0p\u00e9ssimos. Em geral, no mundo, a qualidade dos servi\u00e7os declinou, acompanhando o aumento de\u00a0tarifas e a deteriora\u00e7\u00e3o dos trabalhos de manuten\u00e7\u00e3o.<\/span><\/span><\/p>\n<p style=\"text-align: justify;\" data-original-attrs=\"{&quot;style&quot;:&quot;&quot;}\"><span data-keep-original-tag=\"false\" data-original-attrs=\"{&quot;style&quot;:&quot;&quot;}\"><span style=\"font-family: helvetica;\" data-keep-original-tag=\"false\" data-original-attrs=\"{&quot;style&quot;:&quot;&quot;}\">A decep\u00e7\u00e3o popular com as experi\u00eancias de privatiza\u00e7\u00e3o contamina gregos e troianos, pa\u00edses ditos\u00a0adiantados e outros nem tanto. A experi\u00eancia privatista revela suas entranhas: os capitais desejam\u00a0ardentemente adquirir empresas produtoras de servi\u00e7os p\u00fablicos, primeiro para realizar formid\u00e1veis\u00a0ganhos de capital no momento das aquisi\u00e7\u00f5es, depois para abocanhar a renda monopolista.<\/span><\/span><\/p>\n<p style=\"text-align: justify;\" data-original-attrs=\"{&quot;style&quot;:&quot;&quot;}\"><span data-keep-original-tag=\"false\" data-original-attrs=\"{&quot;style&quot;:&quot;&quot;}\"><span style=\"font-family: helvetica;\" data-keep-original-tag=\"false\" data-original-attrs=\"{&quot;style&quot;:&quot;&quot;}\">Tamb\u00e9m relatei nesta coluna que, na Era Thatcher, a Inglaterra privatizou o abastecimento de \u00e1gua e\u00a0os transportes interurbanos. Num e noutro caso as tarifas subiram muito rapidamente. Em algumas\u00a0cidades inglesas, as tarifas de \u00e1gua tornaram-se abusivas. O servi\u00e7o? Uma droga. Os lucros,\u00a0naturalmente, aumentaram de forma explosiva.<\/span><\/span><\/p>\n<p style=\"text-align: justify;\" data-original-attrs=\"{&quot;style&quot;:&quot;&quot;}\"><span data-keep-original-tag=\"false\" data-original-attrs=\"{&quot;style&quot;:&quot;&quot;}\"><span style=\"font-family: helvetica;\" data-keep-original-tag=\"false\" data-original-attrs=\"{&quot;style&quot;:&quot;&quot;}\">Os privatistas, com a maior cara de pau, usam a evolu\u00e7\u00e3o da rentabilidade para mostrar a maior\u00a0efici\u00eancia da empresa privada. Efici\u00eancia privada, inefici\u00eancia social. No caso dos \u00f4nibus\u00a0interurbanos, al\u00e9m da brutal eleva\u00e7\u00e3o de tarifas, os concession\u00e1rios privados simplesmente fecharam\u00a0as linhas menos rent\u00e1veis, deixando muitos ingleses sem transporte.<\/span><\/span><\/p>\n<p style=\"text-align: justify;\" data-original-attrs=\"{&quot;style&quot;:&quot;&quot;}\"><span data-keep-original-tag=\"false\" data-original-attrs=\"{&quot;style&quot;:&quot;&quot;}\"><span style=\"font-family: helvetica;\" data-keep-original-tag=\"false\" data-original-attrs=\"{&quot;style&quot;:&quot;&quot;}\">O economista e jornalista Will Hutton, em seu livro A Situa\u00e7\u00e3o em Que nos Encontramos, descreve\u00a0com requintes de crueldade a condi\u00e7\u00e3o do consumidor ingl\u00eas de servi\u00e7os p\u00fablicos submetido aos\u00a0caprichos e arbitrariedades dos controladores e administradores dos monop\u00f3lios naturais, como\u00a0transporte p\u00fablico e abastecimento de \u00e1gua. S\u00f3 n\u00e3o reclamam, \u00e9 claro, os possuidores de a\u00e7\u00f5es\u00a0dessas empresas, que celebram os pre\u00e7os de seus ativos subindo sem descanso. \u00c9 a farra do bode.<\/span><\/span><\/p>\n<p style=\"text-align: justify;\" data-original-attrs=\"{&quot;style&quot;:&quot;&quot;}\"><span data-keep-original-tag=\"false\" data-original-attrs=\"{&quot;style&quot;:&quot;&quot;}\"><span style=\"font-family: helvetica;\" data-keep-original-tag=\"false\" data-original-attrs=\"{&quot;style&quot;:&quot;&quot;}\">Recentemente, economistas do Progressive Economic Forum organizaram a colet\u00e2nea The Return of\u00a0the State. Os artigos concentram as aten\u00e7\u00f5es no decl\u00ednio da qualidade dos servi\u00e7os p\u00fablicos depois da\u00a0onda de privatiza\u00e7\u00f5es iniciada na Era Thatcher. Will Hutton acusa n\u00e3o s\u00f3 as malfadadas privatiza\u00e7\u00f5es\u00a0dos servi\u00e7os p\u00fablicos, mas aponta a \u201cprivatiza\u00e7\u00e3o do privado\u201d como o motor da acumula\u00e7\u00e3o de\u00a0riqueza no capitalismo contempor\u00e2neo. A \u201cprivatiza\u00e7\u00e3o do privado\u201d tornou-se uma das for\u00e7as\u00a0motrizes do capitalismo brit\u00e2nico. O prop\u00f3sito das empresas \u00e9 extrair valor em vez de criar valor, o\u00a0que impulsiona a submiss\u00e3o dos trabalhadores aos contratos de curto prazo ou zero-hora,\u00a0enriquecendo enormemente os s\u00f3cios e diretores de empresas.<\/span><\/span><\/p>\n<p style=\"text-align: justify;\" data-original-attrs=\"{&quot;style&quot;:&quot;&quot;}\"><span data-keep-original-tag=\"false\" data-original-attrs=\"{&quot;style&quot;:&quot;&quot;}\"><span style=\"font-family: helvetica;\" data-keep-original-tag=\"false\" data-original-attrs=\"{&quot;style&quot;:&quot;&quot;}\">Os fundos de Private Equity atuam diretamente para impor estrat\u00e9gias de extra\u00e7\u00e3o de valor em todos\u00a0os neg\u00f3cios brit\u00e2nicos. Os gestores n\u00e3o podem fazer outra coisa sen\u00e3o executar os mandos dos\u00a0fundos financeiros. Por Luiz Gonzaga Beluzzo, Carta Capital.<\/span><\/span><\/p>\n<h1 style=\"text-align: justify;\" data-original-attrs=\"{&quot;style&quot;:&quot;&quot;}\"><span data-keep-original-tag=\"false\" data-original-attrs=\"{&quot;style&quot;:&quot;&quot;}\"><strong><span style=\"font-family: helvetica;\" data-keep-original-tag=\"false\" data-original-attrs=\"{&quot;style&quot;:&quot;&quot;}\">Privatiza\u00e7\u00e3o dos Correios enfrenta\u00a0resist\u00eancia<\/span><\/strong><\/span><\/h1>\n<p style=\"text-align: justify;\" data-original-attrs=\"{&quot;style&quot;:&quot;&quot;}\"><span data-keep-original-tag=\"false\" data-original-attrs=\"{&quot;style&quot;:&quot;&quot;}\"><span style=\"font-family: helvetica;\" data-keep-original-tag=\"false\" data-original-attrs=\"{&quot;style&quot;:&quot;&quot;}\">Valor<br \/>\n14\/08\/2021<\/span><\/span><\/p>\n<p style=\"text-align: justify;\" data-original-attrs=\"{&quot;style&quot;:&quot;&quot;}\"><span data-keep-original-tag=\"false\" data-original-attrs=\"{&quot;style&quot;:&quot;&quot;}\"><span style=\"font-family: helvetica;\" data-keep-original-tag=\"false\" data-original-attrs=\"{&quot;style&quot;:&quot;&quot;}\">PSD e MDB no Senado avaliam que n\u00e3o \u00e9 o momento de vender uma empresa que gera lucro l\u00edquido de\u00a0mais de R$ 1,5 bilh\u00e3o<\/span><\/span><\/p>\n<p style=\"text-align: justify;\" data-original-attrs=\"{&quot;style&quot;:&quot;&quot;}\"><span data-keep-original-tag=\"false\" data-original-attrs=\"{&quot;style&quot;:&quot;&quot;}\"><span style=\"font-family: helvetica;\" data-keep-original-tag=\"false\" data-original-attrs=\"{&quot;style&quot;:&quot;&quot;}\">O projeto que viabiliza a privatiza\u00e7\u00e3o dos\u00a0<strong>Correios\u00a0<\/strong>inicia sua tramita\u00e7\u00e3o no Senado a partir\u00a0desta semana e enfrentar\u00e1 resist\u00eancias de duas importantes bancadas: PSD e MDB.<\/span><\/span><\/p>\n<p style=\"text-align: justify;\" data-original-attrs=\"{&quot;style&quot;:&quot;&quot;}\"><span data-keep-original-tag=\"false\" data-original-attrs=\"{&quot;style&quot;:&quot;&quot;}\"><span style=\"font-family: helvetica;\" data-keep-original-tag=\"false\" data-original-attrs=\"{&quot;style&quot;:&quot;&quot;}\">funcion\u00e1rios. Al\u00e9m disso, os senadores recha\u00e7am a ideia de entregar para a iniciativa privada uma\u00a0empresa que tem registrado lucro.<\/span><\/span><\/p>\n<p style=\"text-align: justify;\" data-original-attrs=\"{&quot;style&quot;:&quot;&quot;}\"><span data-keep-original-tag=\"false\" data-original-attrs=\"{&quot;style&quot;:&quot;&quot;}\"><span style=\"font-family: helvetica;\" data-keep-original-tag=\"false\" data-original-attrs=\"{&quot;style&quot;:&quot;&quot;}\">A mat\u00e9ria foi assunto da reuni\u00e3o de l\u00edderes do Senado na sexta-feira. O presidente da Casa, Rodrigo\u00a0Pacheco (DEM-MG), deu aval para que a Comiss\u00e3o de Assuntos Econ\u00f4micos (CAE) analise o texto\u00a0enviado pela C\u00e2mara, que trata tamb\u00e9m da quebra do monop\u00f3lio da empresa nos servi\u00e7os postais.<\/span><\/span><\/p>\n<p style=\"text-align: justify;\" data-original-attrs=\"{&quot;style&quot;:&quot;&quot;}\"><span data-keep-original-tag=\"false\" data-original-attrs=\"{&quot;style&quot;:&quot;&quot;}\"><span style=\"font-family: helvetica;\" data-keep-original-tag=\"false\" data-original-attrs=\"{&quot;style&quot;:&quot;&quot;}\">Apesar disso, alguns dos congressistas j\u00e1 aproveitaram a reuni\u00e3o para externar desconforto com o\u00a0projeto. Um dos mais resistentes \u00e0 proposta \u00e9 a do senador Eduardo Braga (MA), l\u00edder do MDB na\u00a0Casa. O ber\u00e7o eleitoral dele \u00e9 o Amazonas, que tem munic\u00edpios em locais remotos. Braga teme que\u00a0uma empresa privada n\u00e3o consiga manter o servi\u00e7o postal em regi\u00f5es pouco lucrativas.<\/span><\/span><\/p>\n<p style=\"text-align: justify;\" data-original-attrs=\"{&quot;style&quot;:&quot;&quot;}\"><span data-keep-original-tag=\"false\" data-original-attrs=\"{&quot;style&quot;:&quot;&quot;}\"><span style=\"font-family: helvetica;\" data-keep-original-tag=\"false\" data-original-attrs=\"{&quot;style&quot;:&quot;&quot;}\">\u201cEu tenho muitas preocupa\u00e7\u00f5es sobre privatiza\u00e7\u00e3o do Correios. Como \u00e9 que vamos entregar cartas\u00a0em S\u00e3o Gabriel da Cachoeira [AM]? Fica a 1.700 km de Manaus e n\u00e3o tem acesso nem por rio, nem\u00a0por estrada. Como \u00e9 que vai chegar carta em Atalaia do Norte, no Estir\u00e3o do Equador?\u201d, questionou.<\/span><\/span><\/p>\n<p style=\"text-align: justify;\" data-original-attrs=\"{&quot;style&quot;:&quot;&quot;}\"><span data-keep-original-tag=\"false\" data-original-attrs=\"{&quot;style&quot;:&quot;&quot;}\"><span style=\"font-family: helvetica;\" data-keep-original-tag=\"false\" data-original-attrs=\"{&quot;style&quot;:&quot;&quot;}\">\u201cOs pa\u00edses de dimens\u00e3o continental n\u00e3o privatizam seus servi\u00e7os postais. O correio americano n\u00e3o \u00e9\u00a0privado\u201d, argumentou.<\/span><\/span><\/p>\n<p style=\"text-align: justify;\" data-original-attrs=\"{&quot;style&quot;:&quot;&quot;}\"><span data-keep-original-tag=\"false\" data-original-attrs=\"{&quot;style&quot;:&quot;&quot;}\"><span style=\"font-family: helvetica;\" data-keep-original-tag=\"false\" data-original-attrs=\"{&quot;style&quot;:&quot;&quot;}\">Com 15 senadores, o MDB \u00e9 justamente a maior bancada da Casa. Braga tamb\u00e9m afirmou que tem\u00a0preocupa\u00e7\u00e3o com a quest\u00e3o dos empregos dos carteiros, tema que n\u00e3o teria sido suficientemente\u00a0debatido pelos deputados, na avalia\u00e7\u00e3o dele. \u201cEu estou preocupado com o emprego dos carteiros. \u00c9\u00a0uma mat\u00e9ria que n\u00e3o est\u00e1 suficientemente debatida. N\u00e3o h\u00e1 consenso\u201d, disse Braga.<\/span><\/span><\/p>\n<p style=\"text-align: justify;\" data-original-attrs=\"{&quot;style&quot;:&quot;&quot;}\"><span data-keep-original-tag=\"false\" data-original-attrs=\"{&quot;style&quot;:&quot;&quot;}\"><span style=\"font-family: helvetica;\" data-keep-original-tag=\"false\" data-original-attrs=\"{&quot;style&quot;:&quot;&quot;}\">O pr\u00f3prio presidente da CAE, senador Otto Alencar (PSD-BA), admite que este \u201cn\u00e3o \u00e9 o melhor\u00a0momento\u201d para a privatiza\u00e7\u00e3o dos Correios. \u201cVamos ter que olhar essa quest\u00e3o tamb\u00e9m sob o ponto\u00a0de vista do emprego. Os Correios s\u00e3o uma empresa que d\u00e1 lucro, vamos vender na bacia das\u00a0almas?\u201d, questionou ele.<\/span><\/span><\/p>\n<p style=\"text-align: justify;\" data-original-attrs=\"{&quot;style&quot;:&quot;&quot;}\"><span data-keep-original-tag=\"false\" data-original-attrs=\"{&quot;style&quot;:&quot;&quot;}\"><span style=\"font-family: helvetica;\" data-keep-original-tag=\"false\" data-original-attrs=\"{&quot;style&quot;:&quot;&quot;}\">Os Correios registraram lucro l\u00edquido de R$ 1,53 bilh\u00e3o em 2020, segundo balan\u00e7o divulgado em\u00a0maio. O resultado representa um forte salto frente ao ganho de R$ 102,1 milh\u00f5es obtido em 2019.<\/span><\/span><\/p>\n<p style=\"text-align: justify;\" data-original-attrs=\"{&quot;style&quot;:&quot;&quot;}\"><span data-keep-original-tag=\"false\" data-original-attrs=\"{&quot;style&quot;:&quot;&quot;}\"><span style=\"font-family: helvetica;\" data-keep-original-tag=\"false\" data-original-attrs=\"{&quot;style&quot;:&quot;&quot;}\">Neste cen\u00e1rio, o Valor apurou que o Executivo trabalha para que a relatoria da mat\u00e9ria fique com um\u00a0senador pr\u00f3ximo ao Pal\u00e1cio do Planalto, como Eduardo Gomes (MDB-TO), l\u00edder do governo no\u00a0Congresso. Questionado sobre isso, Alencar endureceu. \u201cQuem define a relatoria sou eu\u201d. Mesmo\u00a0parlamentares de centro admitem, em car\u00e1ter reservado, que o \u201ctiming\u201d joga contra a privatiza\u00e7\u00e3o.<\/span><\/span><\/p>\n<p style=\"text-align: justify;\" data-original-attrs=\"{&quot;style&quot;:&quot;&quot;}\"><span data-keep-original-tag=\"false\" data-original-attrs=\"{&quot;style&quot;:&quot;&quot;}\"><span style=\"font-family: helvetica;\" data-keep-original-tag=\"false\" data-original-attrs=\"{&quot;style&quot;:&quot;&quot;}\">\u201cEstamos num momento de retomada p\u00f3s pandemia. A quest\u00e3o do desemprego est\u00e1 batendo na\u00a0porta de todo mundo. N\u00e3o \u00e9 momento de ousar nessa quest\u00e3o\u201d, afirmou um senador em off. Por\u00a0Renan Truf i, Valor.<\/span><\/span><\/p>\n<h1 style=\"text-align: justify;\" data-original-attrs=\"{&quot;style&quot;:&quot;&quot;}\"><span style=\"font-family: helvetica;\" data-keep-original-tag=\"false\" data-original-attrs=\"{&quot;style&quot;:&quot;&quot;}\"><span data-keep-original-tag=\"false\" data-original-attrs=\"{&quot;style&quot;:&quot;&quot;}\"><strong>Entenda por que a privatiza\u00e7\u00e3o dos Correios\u00a0<\/strong><\/span><strong data-original-attrs=\"{&quot;style&quot;:&quot;&quot;}\">alarma editoras de livros<\/strong><\/span><\/h1>\n<p style=\"text-align: justify;\" data-original-attrs=\"{&quot;style&quot;:&quot;&quot;}\"><span data-keep-original-tag=\"false\" data-original-attrs=\"{&quot;style&quot;:&quot;&quot;}\"><span style=\"font-family: helvetica;\" data-keep-original-tag=\"false\" data-original-attrs=\"{&quot;style&quot;:&quot;&quot;}\">Mercado teme que empresas n\u00e3o mantenham taxas favor\u00e1veis e deixem de atender leitores de cidades afastadas<\/span><\/span><\/p>\n<p style=\"text-align: justify;\" data-original-attrs=\"{&quot;style&quot;:&quot;&quot;}\"><span data-keep-original-tag=\"false\" data-original-attrs=\"{&quot;style&quot;:&quot;&quot;}\"><span style=\"font-family: helvetica;\" data-keep-original-tag=\"false\" data-original-attrs=\"{&quot;style&quot;:&quot;&quot;}\">Folha SP<br \/>\n13\/08\/2021<\/span><\/span><\/p>\n<p style=\"text-align: justify;\" data-original-attrs=\"{&quot;style&quot;:&quot;&quot;}\"><span data-keep-original-tag=\"false\" data-original-attrs=\"{&quot;style&quot;:&quot;&quot;}\"><span style=\"font-family: helvetica;\" data-keep-original-tag=\"false\" data-original-attrs=\"{&quot;style&quot;:&quot;&quot;}\">A possibilidade de privatiza\u00e7\u00e3o dos\u00a0<strong>Correios<\/strong>, proposta que avan\u00e7ou na C\u00e2mara na semana passada e agora segue para vota\u00e7\u00e3o no Senado, tem alarmado o mercado editorial.<\/span><\/span><\/p>\n<p style=\"text-align: justify;\" data-original-attrs=\"{&quot;style&quot;:&quot;&quot;}\"><span data-keep-original-tag=\"false\" data-original-attrs=\"{&quot;style&quot;:&quot;&quot;}\"><span style=\"font-family: helvetica;\" data-keep-original-tag=\"false\" data-original-attrs=\"{&quot;style&quot;:&quot;&quot;}\">Um grupo de livrarias e sebos j\u00e1 havia divulgado um manifesto se opondo \u00e0 medida. Editoras, principalmente as independentes, tamb\u00e9m t\u00eam mostrado preocupa\u00e7\u00e3o.<\/span><\/span><\/p>\n<p style=\"text-align: justify;\" data-original-attrs=\"{&quot;style&quot;:&quot;&quot;}\"><span data-keep-original-tag=\"false\" data-original-attrs=\"{&quot;style&quot;:&quot;&quot;}\"><span style=\"font-family: helvetica;\" data-keep-original-tag=\"false\" data-original-attrs=\"{&quot;style&quot;:&quot;&quot;}\">O receio \u00e9 que, gerido por uma empresa privada, o servi\u00e7o passe a atingir menos cidades \u2014e, assim, menos leitores\u2014 ou fique mais caro.<\/span><\/span><\/p>\n<p style=\"text-align: justify;\" data-original-attrs=\"{&quot;style&quot;:&quot;&quot;}\"><span data-keep-original-tag=\"false\" data-original-attrs=\"{&quot;style&quot;:&quot;&quot;}\"><span style=\"font-family: helvetica;\" data-keep-original-tag=\"false\" data-original-attrs=\"{&quot;style&quot;:&quot;&quot;}\">Segundo Raquel Menezes, dona da Oficina Raquel, editoras menores contam com menos exposi\u00e7\u00e3o nas livrarias e se ancoram mais no com\u00e9rcio virtual para alcan\u00e7ar seus leitores. Para que o livro chegue at\u00e9 eles, \u00e9 fundamental o recurso aos Correios, que garantem na modalidade de \u201cregistro m\u00f3dico\u201d um frete mais barato a produtos impressos.<\/span><\/span><\/p>\n<p style=\"text-align: justify;\" data-original-attrs=\"{&quot;style&quot;:&quot;&quot;}\"><span data-keep-original-tag=\"false\" data-original-attrs=\"{&quot;style&quot;:&quot;&quot;}\"><span style=\"font-family: helvetica;\" data-keep-original-tag=\"false\" data-original-attrs=\"{&quot;style&quot;:&quot;&quot;}\">N\u00e3o \u00e9 certo que essa pol\u00edtica vantajosa aos livros seja mantida sob uma empresa privada, que visa o lucro, argumenta Menezes. Num cen\u00e1rio em que essa tarifa seja extinta, comprar de independentes deve ficar mais caro, afirma Nathan Magalh\u00e3es, editor da Moinhos. \u201cVoc\u00ea vai comprar um livro de R$ 50 e pagar mais R$ 20 de frete.\u201d<\/span><\/span><\/p>\n<p style=\"text-align: justify;\" data-original-attrs=\"{&quot;style&quot;:&quot;&quot;}\"><span data-keep-original-tag=\"false\" data-original-attrs=\"{&quot;style&quot;:&quot;&quot;}\"><span style=\"font-family: helvetica;\" data-keep-original-tag=\"false\" data-original-attrs=\"{&quot;style&quot;:&quot;&quot;}\">Alexandre Martins Fontes, que toca a livraria que leva seu sobrenome e a editora WMF Martins Fontes, faz coro. &#8220;Com o aumento das vendas online, o custo com o transporte de livros passou a representar uma despesa &#8216;de muitos tost\u00f5es&#8217; para livrarias e editoras. O que garante que livros receber\u00e3o tratamento especial por parte das empresas que vierem a substituir os Correios?&#8221;<\/span><\/span><\/p>\n<p style=\"text-align: justify;\" data-original-attrs=\"{&quot;style&quot;:&quot;&quot;}\"><span data-keep-original-tag=\"false\" data-original-attrs=\"{&quot;style&quot;:&quot;&quot;}\"><span style=\"font-family: helvetica;\" data-keep-original-tag=\"false\" data-original-attrs=\"{&quot;style&quot;:&quot;&quot;}\">Outra preocupa\u00e7\u00e3o \u00e9 o fechamento de postos em cidades menos populosas, aonde o acesso \u00e9 mais dif\u00edcil e custoso.<\/span><\/span><\/p>\n<p style=\"text-align: justify;\" data-original-attrs=\"{&quot;style&quot;:&quot;&quot;}\"><span data-keep-original-tag=\"false\" data-original-attrs=\"{&quot;style&quot;:&quot;&quot;}\"><span style=\"font-family: helvetica;\" data-keep-original-tag=\"false\" data-original-attrs=\"{&quot;style&quot;:&quot;&quot;}\">Segundo Raquel Menezes, isso \u00e9 motivo para acender o sinal de alerta tamb\u00e9m em editoras grandes. \u201cSe voc\u00ea deixar de atender determinados lugares, os leitores v\u00e3o diminuindo. Se o leitor \u00e9 prejudicado, todos os editores s\u00e3o.\u201d<\/span><\/span><\/p>\n<p style=\"text-align: justify;\" data-original-attrs=\"{&quot;style&quot;:&quot;&quot;}\"><span data-keep-original-tag=\"false\" data-original-attrs=\"{&quot;style&quot;:&quot;&quot;}\"><span style=\"font-family: helvetica;\" data-keep-original-tag=\"false\" data-original-attrs=\"{&quot;style&quot;:&quot;&quot;}\">Marcelo Levy, diretor comercial da Todavia, afirma de fato compartilhar da preocupa\u00e7\u00e3o, mesmo que a editora recorra pouco aos Correios. \u201cH\u00e1 lugares a que servi\u00e7os de entrega n\u00e3o chegam e a que talvez um correio privatizado deixe de chegar. Um cen\u00e1rio em que o livro vai desaparecendo da paisagem urbana, em que a entrega fica dificultada, \u00e9 preocupante.\u201d<\/span><\/span><span style=\"font-family: helvetica;\" data-keep-original-tag=\"false\" data-original-attrs=\"{&quot;style&quot;:&quot;&quot;}\">\u00a0<\/span><\/p>\n<\/div>\n<p data-original-attrs=\"{&quot;style&quot;:&quot;&quot;}\"><span style=\"font-family: helvetica;\" data-keep-original-tag=\"false\" data-original-attrs=\"{&quot;style&quot;:&quot;&quot;}\"><br \/>\n<big>\u00a0<\/big><\/span><\/p>\n<p style=\"text-align: right;\" data-original-attrs=\"{&quot;style&quot;:&quot;&quot;}\"><span data-keep-original-tag=\"false\" data-original-attrs=\"{&quot;style&quot;:&quot;&quot;}\"><big><strong data-original-attrs=\"{&quot;style&quot;:&quot;&quot;}\"><span style=\"font-family: helvetica;\" data-keep-original-tag=\"false\" data-original-attrs=\"{&quot;style&quot;:&quot;&quot;}\">Dire\u00e7\u00e3o Nacional da ADCAP.<\/span><\/strong><\/big><\/span><\/p>\n","protected":false},"excerpt":{"rendered":"<p>Privatiza\u00e7\u00e3o dos Correios \u00e9 carregada de mentiras e omiss\u00f5es do governo Carta Capital 15\/08\/2021 As inverdades visam camuflar uma das maiores barganhas do planeta, a venda de uma estrutura de&hellip;<\/p>\n","protected":false},"author":1,"featured_media":0,"comment_status":"closed","ping_status":"closed","sticky":false,"template":"","format":"standard","meta":{"_editorskit_title_hidden":false,"_editorskit_reading_time":0,"_editorskit_is_block_options_detached":false,"_editorskit_block_options_position":"{}","footnotes":""},"categories":[3,43],"tags":[],"aioseo_notices":[],"_links":{"self":[{"href":"https:\/\/adcap.org.br\/index.php\/wp-json\/wp\/v2\/posts\/16040"}],"collection":[{"href":"https:\/\/adcap.org.br\/index.php\/wp-json\/wp\/v2\/posts"}],"about":[{"href":"https:\/\/adcap.org.br\/index.php\/wp-json\/wp\/v2\/types\/post"}],"author":[{"embeddable":true,"href":"https:\/\/adcap.org.br\/index.php\/wp-json\/wp\/v2\/users\/1"}],"replies":[{"embeddable":true,"href":"https:\/\/adcap.org.br\/index.php\/wp-json\/wp\/v2\/comments?post=16040"}],"version-history":[{"count":0,"href":"https:\/\/adcap.org.br\/index.php\/wp-json\/wp\/v2\/posts\/16040\/revisions"}],"wp:attachment":[{"href":"https:\/\/adcap.org.br\/index.php\/wp-json\/wp\/v2\/media?parent=16040"}],"wp:term":[{"taxonomy":"category","embeddable":true,"href":"https:\/\/adcap.org.br\/index.php\/wp-json\/wp\/v2\/categories?post=16040"},{"taxonomy":"post_tag","embeddable":true,"href":"https:\/\/adcap.org.br\/index.php\/wp-json\/wp\/v2\/tags?post=16040"}],"curies":[{"name":"wp","href":"https:\/\/api.w.org\/{rel}","templated":true}]}}