{"id":15808,"date":"2021-07-06T12:26:16","date_gmt":"2021-07-06T12:26:16","guid":{"rendered":"https:\/\/adcap.org.br\/?p=15808"},"modified":"2021-07-06T12:26:16","modified_gmt":"2021-07-06T12:26:16","slug":"na-argentina-e-decretada-a-falencia-do-correio-privatizado","status":"publish","type":"post","link":"https:\/\/adcap.org.br\/index.php\/na-argentina-e-decretada-a-falencia-do-correio-privatizado\/","title":{"rendered":"Na Argentina \u00e9 decretada a fal\u00eancia do correio privatizado"},"content":{"rendered":"<p><a href=\"https:\/\/adcap.org.br\/wp-content\/uploads\/News-0607.jpg\" data-rel=\"penci-gallery-image-content\" ><img decoding=\"async\" loading=\"lazy\" class=\"aligncenter size-medium wp-image-15809\" src=\"https:\/\/adcap.org.br\/wp-content\/uploads\/News-0607-300x148.jpg\" alt=\"\" width=\"300\" height=\"148\" srcset=\"https:\/\/adcap.org.br\/wp-content\/uploads\/News-0607-300x148.jpg 300w, https:\/\/adcap.org.br\/wp-content\/uploads\/News-0607-768x379.jpg 768w, https:\/\/adcap.org.br\/wp-content\/uploads\/News-0607-1024x505.jpg 1024w, https:\/\/adcap.org.br\/wp-content\/uploads\/News-0607-1170x578.jpg 1170w, https:\/\/adcap.org.br\/wp-content\/uploads\/News-0607-585x289.jpg 585w, https:\/\/adcap.org.br\/wp-content\/uploads\/News-0607.jpg 1256w\" sizes=\"(max-width: 300px) 100vw, 300px\" \/><\/a><\/p>\n<p>&nbsp;<\/p>\n<p style=\"text-align: justify;\">Enquanto o governo brasileiro tenta privatizar a toque de caixa os Correios, na Argentina \u00e9 decretada a fal\u00eancia do correio privatizado, o Correo Argentino, porque a organiza\u00e7\u00e3o n\u00e3o conseguiu arcar com suas obriga\u00e7\u00f5es com o pr\u00f3prio Estado.<\/p>\n<p style=\"text-align: justify;\">O exemplo grave da Argentina se soma aos problemas vividos pelos portugueses, que t\u00eam protestado contra a alta das tarifas postais e o fechamento de ag\u00eancias promovidos ap\u00f3s a privatiza\u00e7\u00e3o dos CTT.<\/p>\n<p style=\"text-align: justify;\">Em ambos os casos, os reflexos negativos para os cidad\u00e3os e para as empresas \u00e9 muito grave, materializado em aumento de tarifas e em queda na qualidade do servi\u00e7o.<\/p>\n<p style=\"text-align: justify;\">No Brasil, com desafios log\u00edsticos muito mais complexos, os riscos s\u00e3o tamb\u00e9m muito maiores, merecendo a mais cuidadosa aten\u00e7\u00e3o, n\u00e3o se admitindo que se trate da privatiza\u00e7\u00e3o dos Correios por meio de um projeto de lei, com tramita\u00e7\u00e3o acelerada, para evitar discuss\u00f5es. Isso n\u00e3o pode ser admitido.<\/p>\n<p style=\"text-align: justify;\">No mundo todo, em apenas 8 pa\u00edses o correio \u00e9 totalmente privado, como quer fazer no Brasil o governo. Somadas as \u00e1reas de todos esses pa\u00edses, a seguir listados, se chega a um total inferior \u00e0 \u00e1rea do Estado do Mato Grosso. Os pa\u00edses s\u00e3o: Aruba, Cingapura, Gr\u00e3-Bretanha, L\u00edbano, Mal\u00e1sia, Malta, Pa\u00edses Baixos e Portugal.<\/p>\n<p style=\"text-align: justify;\">Al\u00e9m disso, nos 20 maiores pa\u00edses do mundo em territ\u00f3rio nenhum correio \u00e9 privado.<\/p>\n<p style=\"text-align: justify;\">Os casos da Argentina e de Portugal deveriam servir de alerta aos brasileiros, ao Congresso Nacional e ao Supremo Tribunal Federal. N\u00e3o precisamos de mais este problema afetando nossas vidas.<\/p>\n<p style=\"text-align: justify;\">Sobre a situa\u00e7\u00e3o do Correo Argentino, mais detalhes podem ser encontrados na mat\u00e9ria do link:\u00a0<a href=\"http:\/\/emailmarketing.adcap.org.br\/accounts\/39849\/messages\/2453\/clicks\/[id]\/4190\">https:\/\/www.clarin.com\/politica\/justicia-decreto-quiebra-correo-argentino-empresa-familia-mauricio-macri_0_rkOkn-gm7.html<\/a><\/p>\n<p>&nbsp;<\/p>\n<p style=\"text-align: center;\"><strong>ADCAP \u2013 Associa\u00e7\u00e3o dos Profissionais dos Correios<\/strong><\/p>\n","protected":false},"excerpt":{"rendered":"<p>&nbsp; Enquanto o governo brasileiro tenta privatizar a toque de caixa os Correios, na Argentina \u00e9 decretada a fal\u00eancia do correio privatizado, o Correo Argentino, porque a organiza\u00e7\u00e3o n\u00e3o conseguiu&hellip;<\/p>\n","protected":false},"author":1,"featured_media":0,"comment_status":"closed","ping_status":"closed","sticky":false,"template":"","format":"standard","meta":{"_editorskit_title_hidden":false,"_editorskit_reading_time":0,"_editorskit_is_block_options_detached":false,"_editorskit_block_options_position":"{}","footnotes":""},"categories":[5,44],"tags":[],"aioseo_notices":[],"_links":{"self":[{"href":"https:\/\/adcap.org.br\/index.php\/wp-json\/wp\/v2\/posts\/15808"}],"collection":[{"href":"https:\/\/adcap.org.br\/index.php\/wp-json\/wp\/v2\/posts"}],"about":[{"href":"https:\/\/adcap.org.br\/index.php\/wp-json\/wp\/v2\/types\/post"}],"author":[{"embeddable":true,"href":"https:\/\/adcap.org.br\/index.php\/wp-json\/wp\/v2\/users\/1"}],"replies":[{"embeddable":true,"href":"https:\/\/adcap.org.br\/index.php\/wp-json\/wp\/v2\/comments?post=15808"}],"version-history":[{"count":0,"href":"https:\/\/adcap.org.br\/index.php\/wp-json\/wp\/v2\/posts\/15808\/revisions"}],"wp:attachment":[{"href":"https:\/\/adcap.org.br\/index.php\/wp-json\/wp\/v2\/media?parent=15808"}],"wp:term":[{"taxonomy":"category","embeddable":true,"href":"https:\/\/adcap.org.br\/index.php\/wp-json\/wp\/v2\/categories?post=15808"},{"taxonomy":"post_tag","embeddable":true,"href":"https:\/\/adcap.org.br\/index.php\/wp-json\/wp\/v2\/tags?post=15808"}],"curies":[{"name":"wp","href":"https:\/\/api.w.org\/{rel}","templated":true}]}}