{"id":15688,"date":"2021-05-13T20:02:16","date_gmt":"2021-05-13T20:02:16","guid":{"rendered":"https:\/\/adcap.org.br\/?p=15688"},"modified":"2021-05-13T20:02:16","modified_gmt":"2021-05-13T20:02:16","slug":"comissao-de-legislacao-participativa-debate-a-privatizacao-dos-correios","status":"publish","type":"post","link":"https:\/\/adcap.org.br\/index.php\/comissao-de-legislacao-participativa-debate-a-privatizacao-dos-correios\/","title":{"rendered":"Comiss\u00e3o de Legisla\u00e7\u00e3o Participativa debate a privatiza\u00e7\u00e3o dos Correios &#8211;"},"content":{"rendered":"<p style=\"text-align: justify;\">C\u00e2mara<br \/>\n13\/05\/2021<\/p>\n<p style=\"text-align: center;\">O debate poder\u00e1 ser acompanhado pela internet<\/p>\n<p style=\"text-align: justify;\">Comiss\u00e3o de Legisla\u00e7\u00e3o Participativa da C\u00e2mara dos Deputados discute nesta sexta-feira\u00a0(14) a privatiza\u00e7\u00e3o dos <strong>Correios<\/strong>.<\/p>\n<p style=\"text-align: justify;\">O debate foi sugerido pelos deputados do PT Leonardo Monteiro (MG), Jo\u00e3o Daniel (SE),\u00a0Erika Kokay (DF), Patrus Ananias (MG), Maria do Ros\u00e1rio (RS) e Vicentinho (SP).<\/p>\n<p style=\"text-align: justify;\">Eles lembram que o governo federal enviou \u00e0 C\u00e2mara um projeto de lei sobre o assunto. \u00c9 o PL\u00a0591\/21, que autoriza a explora\u00e7\u00e3o dos servi\u00e7os postais pela iniciativa privada, inclusive os prestados\u00a0hoje em regime de monop\u00f3lio pela Empresa Brasileira de Correios e Tel\u00e9grafos (ECT), estatal 100%\u00a0p\u00fablica.<\/p>\n<p style=\"text-align: justify;\">Pela proposta, a Uni\u00e3o manter\u00e1 para si uma parte dos servi\u00e7os, chamada na proposta de \u201cservi\u00e7o\u00a0postal universal\u201d, que inclui encomendas simples, cartas e telegramas. O motivo, segundo o governo,\u00a0\u00e9 que a Constitui\u00e7\u00e3o obriga a Uni\u00e3o a ter servi\u00e7o postal e correio a\u00e9reo nacional.<\/p>\n<p style=\"text-align: justify;\">Preocupados com os impactos do processo de privatiza\u00e7\u00e3o, os deputados querem ouvir entidades\u00a0representativas de trabalhadores.<\/p>\n<p style=\"text-align: justify;\">Debatedores<\/p>\n<p style=\"text-align: justify;\">Foram convidados para debater o assunto na comiss\u00e3o:<\/p>\n<p style=\"text-align: justify;\">&#8211; o secret\u00e1rio-geral da Federa\u00e7\u00e3o Nacional dos Trabalhadores em Empresas de Correios e Tel\u00e9grafos\u00a0e Similares, Jos\u00e9 Rivaldo da Silva;<br \/>\n&#8211; o presidente da Federa\u00e7\u00e3o Interestadual dos Sindicatos dos Trabalhadores e Trabalhadoras do\u00a0Correios, Jos\u00e9 Aparecido Gimenes Gandara;<br \/>\n&#8211; o representante da Associa\u00e7\u00e3o Nacional dos Trabalhadores dos Correios F\u00e1bio de Souza Oliveira;<br \/>\n&#8211; a presidente da Associa\u00e7\u00e3o dos Profissionais dos Correios (<strong>ADCAP<\/strong>), <strong>Maria In\u00eas Capelli Fulginiti<\/strong>;<br \/>\n&#8211; o presidente da Associa\u00e7\u00e3o Nacional dos Empregados dos Correios, Ernatan Benevides; e<br \/>\n&#8211; o representante da Federa\u00e7\u00e3o dos Aposentados, Aposent\u00e1veis e Pensionistas dos Correios e\u00a0Tel\u00e9grafos Ant\u00f4nio Henrique Fernandes.<\/p>\n<p style=\"text-align: justify;\">A audi\u00eancia ser\u00e1 realizada a partir das 13h30, no plen\u00e1rio 14, e poder\u00e1 ser acompanhada pelo portal\u00a0e-Democracia, onde os interessados tamb\u00e9m poder\u00e3o enviar perguntas, cr\u00edticas e sugest\u00f5es aos\u00a0convidados.<\/p>\n<p style=\"text-align: right;\"><strong>Dire\u00e7\u00e3o Nacional da ADCAP.<\/strong><\/p>\n<p>&nbsp;<\/p>\n","protected":false},"excerpt":{"rendered":"<p>C\u00e2mara 13\/05\/2021 O debate poder\u00e1 ser acompanhado pela internet Comiss\u00e3o de Legisla\u00e7\u00e3o Participativa da C\u00e2mara dos Deputados discute nesta sexta-feira\u00a0(14) a privatiza\u00e7\u00e3o dos Correios. O debate foi sugerido pelos deputados&hellip;<\/p>\n","protected":false},"author":1,"featured_media":0,"comment_status":"closed","ping_status":"closed","sticky":false,"template":"","format":"standard","meta":{"_editorskit_title_hidden":false,"_editorskit_reading_time":0,"_editorskit_is_block_options_detached":false,"_editorskit_block_options_position":"{}","footnotes":""},"categories":[3,43],"tags":[],"aioseo_notices":[],"_links":{"self":[{"href":"https:\/\/adcap.org.br\/index.php\/wp-json\/wp\/v2\/posts\/15688"}],"collection":[{"href":"https:\/\/adcap.org.br\/index.php\/wp-json\/wp\/v2\/posts"}],"about":[{"href":"https:\/\/adcap.org.br\/index.php\/wp-json\/wp\/v2\/types\/post"}],"author":[{"embeddable":true,"href":"https:\/\/adcap.org.br\/index.php\/wp-json\/wp\/v2\/users\/1"}],"replies":[{"embeddable":true,"href":"https:\/\/adcap.org.br\/index.php\/wp-json\/wp\/v2\/comments?post=15688"}],"version-history":[{"count":0,"href":"https:\/\/adcap.org.br\/index.php\/wp-json\/wp\/v2\/posts\/15688\/revisions"}],"wp:attachment":[{"href":"https:\/\/adcap.org.br\/index.php\/wp-json\/wp\/v2\/media?parent=15688"}],"wp:term":[{"taxonomy":"category","embeddable":true,"href":"https:\/\/adcap.org.br\/index.php\/wp-json\/wp\/v2\/categories?post=15688"},{"taxonomy":"post_tag","embeddable":true,"href":"https:\/\/adcap.org.br\/index.php\/wp-json\/wp\/v2\/tags?post=15688"}],"curies":[{"name":"wp","href":"https:\/\/api.w.org\/{rel}","templated":true}]}}