{"id":15640,"date":"2021-05-07T18:43:11","date_gmt":"2021-05-07T18:43:11","guid":{"rendered":"https:\/\/adcap.org.br\/?p=15640"},"modified":"2021-05-07T18:43:11","modified_gmt":"2021-05-07T18:43:11","slug":"stf-adia-julgamento-das-acoes-que-tratam-da-correcao-do-fgts","status":"publish","type":"post","link":"https:\/\/adcap.org.br\/index.php\/stf-adia-julgamento-das-acoes-que-tratam-da-correcao-do-fgts\/","title":{"rendered":"STF adia julgamento das a\u00e7\u00f5es que tratam da corre\u00e7\u00e3o do FGTS"},"content":{"rendered":"<p style=\"text-align: right;\">N\u00ba 139 \u2013 07\/05\/2021<\/p>\n<p style=\"text-align: justify;\">Como amplamente divulgado, o STF adiou o julgamento que ocorreria no pr\u00f3ximo dia 13 de maio de 2021, sobre o \u00edndice a ser adotado para corre\u00e7\u00e3o dos saldos de FGTS.<\/p>\n<p style=\"text-align: justify;\">Assim, nossa a\u00e7\u00e3o coletiva permanece suspensa de julgamento aguardando essa defini\u00e7\u00e3o.<\/p>\n<p>&nbsp;<\/p>\n<p style=\"text-align: right;\"><strong>Dire\u00e7\u00e3o Nacional da ADCAP.<\/strong><\/p>\n","protected":false},"excerpt":{"rendered":"<p>N\u00ba 139 \u2013 07\/05\/2021 Como amplamente divulgado, o STF adiou o julgamento que ocorreria no pr\u00f3ximo dia 13 de maio de 2021, sobre o \u00edndice a ser adotado para corre\u00e7\u00e3o&hellip;<\/p>\n","protected":false},"author":1,"featured_media":0,"comment_status":"closed","ping_status":"closed","sticky":false,"template":"","format":"standard","meta":{"_editorskit_title_hidden":false,"_editorskit_reading_time":0,"_editorskit_is_block_options_detached":false,"_editorskit_block_options_position":"{}","footnotes":""},"categories":[5,44,150],"tags":[],"aioseo_notices":[],"_links":{"self":[{"href":"https:\/\/adcap.org.br\/index.php\/wp-json\/wp\/v2\/posts\/15640"}],"collection":[{"href":"https:\/\/adcap.org.br\/index.php\/wp-json\/wp\/v2\/posts"}],"about":[{"href":"https:\/\/adcap.org.br\/index.php\/wp-json\/wp\/v2\/types\/post"}],"author":[{"embeddable":true,"href":"https:\/\/adcap.org.br\/index.php\/wp-json\/wp\/v2\/users\/1"}],"replies":[{"embeddable":true,"href":"https:\/\/adcap.org.br\/index.php\/wp-json\/wp\/v2\/comments?post=15640"}],"version-history":[{"count":0,"href":"https:\/\/adcap.org.br\/index.php\/wp-json\/wp\/v2\/posts\/15640\/revisions"}],"wp:attachment":[{"href":"https:\/\/adcap.org.br\/index.php\/wp-json\/wp\/v2\/media?parent=15640"}],"wp:term":[{"taxonomy":"category","embeddable":true,"href":"https:\/\/adcap.org.br\/index.php\/wp-json\/wp\/v2\/categories?post=15640"},{"taxonomy":"post_tag","embeddable":true,"href":"https:\/\/adcap.org.br\/index.php\/wp-json\/wp\/v2\/tags?post=15640"}],"curies":[{"name":"wp","href":"https:\/\/api.w.org\/{rel}","templated":true}]}}