{"id":15389,"date":"2021-03-17T13:48:01","date_gmt":"2021-03-17T13:48:01","guid":{"rendered":"https:\/\/adcap.org.br\/?p=15389"},"modified":"2021-03-17T13:48:01","modified_gmt":"2021-03-17T13:48:01","slug":"governo-federal-tenta-acelerar-processo-de-privatizacao-dos-correios-em-plena-pandemia","status":"publish","type":"post","link":"https:\/\/adcap.org.br\/index.php\/governo-federal-tenta-acelerar-processo-de-privatizacao-dos-correios-em-plena-pandemia\/","title":{"rendered":"Governo federal tenta acelerar processo de privatiza\u00e7\u00e3o dos Correios em plena pandemia"},"content":{"rendered":"<p style=\"text-align: justify;\">Num momento em que o Brasil est\u00e1 na lideran\u00e7a do mundo em perdas di\u00e1rias de vidas, o governo federal tenta acelerar o processo de desestatiza\u00e7\u00e3o dos Correios. Foi isso o que se viu ontem na reuni\u00e3o do PPI na qual foi proposta a inclus\u00e3o dos Correios no PND.<\/p>\n<p style=\"text-align: justify;\">A ADCAP \u2013 Associa\u00e7\u00e3o dos Profissionais dos Correios lembra que os estudos que s\u00f3 agora come\u00e7am a ser apresentados deveriam ser a base do projeto do governo. N\u00e3o obstante, em outubro do ano passado, o Ministro das Comunica\u00e7\u00f5es j\u00e1 entregava o projeto, feito, portanto, sem a base t\u00e9cnica, que s\u00f3 chega agora, como que encomendada para dar sustenta\u00e7\u00e3o a uma proposta que j\u00e1 estava pronta muito antes desses estudos.<\/p>\n<p style=\"text-align: justify;\">Diferentemente do que seria recomend\u00e1vel e necess\u00e1rio, o projeto come\u00e7a a tramitar sem ter havido sequer discuss\u00f5es preliminares com a sociedade, que ser\u00e1 a grande afetada com mudan\u00e7as numa infraestrutura importante para o pa\u00eds como a dos Correios e a C\u00e2mara dos Deputados decidiu levar o projeto diretamente para o Plen\u00e1rio &#8211; suprimindo a fase de tramita\u00e7\u00e3o nas comiss\u00f5es tem\u00e1ticas da Casa &#8211; o que impedir\u00e1 a realiza\u00e7\u00e3o de audi\u00eancias p\u00fablicas com especialistas, representantes do mercado do e-commerce, atuais e ex-dirigentes da empresa e funcion\u00e1rios, para debater as peculiaridades da Empresa, do mercado, o modelo de privatiza\u00e7\u00e3o proposto e os impactos da\u00ed decorrentes.<\/p>\n<p style=\"text-align: justify;\">Em discuss\u00f5es p\u00fablicas, os brasileiros receber\u00e3o informa\u00e7\u00f5es relevantes para compreenderem os riscos a que estar\u00e3o expostos com essa iniciativa e ter\u00e3o oportunidade de conhecer opini\u00f5es diferentes das que s\u00e3o proferidas pelos t\u00e9cnicos e autoridades do governo. Saber\u00e3o, por exemplo, que nos 20 maiores pa\u00edses do mundo os correios s\u00e3o organiza\u00e7\u00f5es p\u00fablicas e n\u00e3o privadas; que na \u00faltima privatiza\u00e7\u00e3o ocorrida, em Portugal, as tarifas subiram muito e a qualidade do servi\u00e7o piorou, levando a popula\u00e7\u00e3o \u00e0s ruas para pedir pela reestatiza\u00e7\u00e3o de seu correio; que a qualidade do servi\u00e7o postal brasileiro \u00e9 compat\u00edvel com a de outros pa\u00edses mais desenvolvidos e com territ\u00f3rio bem menor que o nosso e que o servi\u00e7o postal brasileiro \u00e9 autossustent\u00e1vel, n\u00e3o dependendo de transfer\u00eancias de recursos p\u00fablicos, com o acontece em muitos outros pa\u00edses.<\/p>\n<p style=\"text-align: justify;\">A ADCAP espera que o Congresso Nacional saiba avaliar bem o projeto e as informa\u00e7\u00f5es que lhes s\u00e3o fornecidas pelo governo e atue para proteger os brasileiros de uma iniciativa que, se avan\u00e7ar, s\u00f3 beneficiar\u00e1 especuladores, em detrimento de toda a sociedade brasileira.<\/p>\n<p>&nbsp;<\/p>\n<p style=\"text-align: right;\">\n<strong>Dire\u00e7\u00e3o Nacional da ADCAP.<\/strong><\/p>\n","protected":false},"excerpt":{"rendered":"<p>Num momento em que o Brasil est\u00e1 na lideran\u00e7a do mundo em perdas di\u00e1rias de vidas, o governo federal tenta acelerar o processo de desestatiza\u00e7\u00e3o dos Correios. Foi isso o&hellip;<\/p>\n","protected":false},"author":1,"featured_media":0,"comment_status":"closed","ping_status":"closed","sticky":false,"template":"","format":"standard","meta":{"_editorskit_title_hidden":false,"_editorskit_reading_time":0,"_editorskit_is_block_options_detached":false,"_editorskit_block_options_position":"{}","footnotes":""},"categories":[5,44],"tags":[],"aioseo_notices":[],"_links":{"self":[{"href":"https:\/\/adcap.org.br\/index.php\/wp-json\/wp\/v2\/posts\/15389"}],"collection":[{"href":"https:\/\/adcap.org.br\/index.php\/wp-json\/wp\/v2\/posts"}],"about":[{"href":"https:\/\/adcap.org.br\/index.php\/wp-json\/wp\/v2\/types\/post"}],"author":[{"embeddable":true,"href":"https:\/\/adcap.org.br\/index.php\/wp-json\/wp\/v2\/users\/1"}],"replies":[{"embeddable":true,"href":"https:\/\/adcap.org.br\/index.php\/wp-json\/wp\/v2\/comments?post=15389"}],"version-history":[{"count":0,"href":"https:\/\/adcap.org.br\/index.php\/wp-json\/wp\/v2\/posts\/15389\/revisions"}],"wp:attachment":[{"href":"https:\/\/adcap.org.br\/index.php\/wp-json\/wp\/v2\/media?parent=15389"}],"wp:term":[{"taxonomy":"category","embeddable":true,"href":"https:\/\/adcap.org.br\/index.php\/wp-json\/wp\/v2\/categories?post=15389"},{"taxonomy":"post_tag","embeddable":true,"href":"https:\/\/adcap.org.br\/index.php\/wp-json\/wp\/v2\/tags?post=15389"}],"curies":[{"name":"wp","href":"https:\/\/api.w.org\/{rel}","templated":true}]}}