{"id":15351,"date":"2021-03-09T13:26:15","date_gmt":"2021-03-09T13:26:15","guid":{"rendered":"https:\/\/adcap.org.br\/?p=15351"},"modified":"2021-03-09T13:26:15","modified_gmt":"2021-03-09T13:26:15","slug":"adcap-net-09-03-2021-52-sao-contra-privatizacao-dos-correios-29-a-favor-mostra-poderdata-veja-mais","status":"publish","type":"post","link":"https:\/\/adcap.org.br\/index.php\/adcap-net-09-03-2021-52-sao-contra-privatizacao-dos-correios-29-a-favor-mostra-poderdata-veja-mais\/","title":{"rendered":"Adcap Net 09\/03\/2021 &#8211; 52% s\u00e3o contra privatiza\u00e7\u00e3o dos Correios; 29%, a favor, mostra PoderData &#8211; Veja mais!"},"content":{"rendered":"<h1 style=\"text-align: justify;\"><a href=\"https:\/\/adcap.org.br\/wp-content\/uploads\/Net-0903-1.jpg\" data-rel=\"penci-gallery-image-content\" ><img decoding=\"async\" loading=\"lazy\" class=\"aligncenter size-medium wp-image-15352\" src=\"https:\/\/adcap.org.br\/wp-content\/uploads\/Net-0903-1-279x300.jpg\" alt=\"\" width=\"279\" height=\"300\" srcset=\"https:\/\/adcap.org.br\/wp-content\/uploads\/Net-0903-1-279x300.jpg 279w, https:\/\/adcap.org.br\/wp-content\/uploads\/Net-0903-1-585x630.jpg 585w, https:\/\/adcap.org.br\/wp-content\/uploads\/Net-0903-1.jpg 718w\" sizes=\"(max-width: 279px) 100vw, 279px\" \/><\/a><\/h1>\n<p style=\"text-align: justify;\">Poder Data<br \/>\n08\/03\/2021<\/p>\n<p style=\"text-align: justify;\">Governo enviou projeto para venda<\/p>\n<p style=\"text-align: justify;\">Pesquisa PoderData realizada de 1\u00ba a 3 de mar\u00e7o de 2021 mostra que 52% da popula\u00e7\u00e3o\u00a0brasileira \u00e9 contra a privatiza\u00e7\u00e3o dos Correios, enquanto 29% dizem ser a favor. Outros 19%\u00a0n\u00e3o souberam ou n\u00e3o responderam a pergunta.<\/p>\n<p style=\"text-align: justify;\">O governo estuda a melhor forma de vender a estatal e j\u00e1 apresentou projeto com o tema ao\u00a0Congresso no fim de fevereiro. Os n\u00fameros desta rodada do PoderData mostram que o texto pode enfrentar grande resist\u00eancia da sociedade.<\/p>\n<p style=\"text-align: justify;\">O projeto entregue pelo governo ao presidente da C\u00e2mara, Arthur Lira (PP-AL), define o marco\u00a0regulat\u00f3rio para o setor postal e possibilita a desestatiza\u00e7\u00e3o da empresa. O texto tamb\u00e9m define a\u00a0obrigatoriedade do cumprimento de metas de universaliza\u00e7\u00e3o e qualidade dos servi\u00e7os e estabelece\u00a0que a Anatel (Ag\u00eancia Nacional de Telecomunica\u00e7\u00f5es) seja a ag\u00eancia reguladora dos servi\u00e7os postais.\u00a0<strong><a href=\"https:\/\/static.poder360.com.br\/2021\/02\/projeto-venda-correios.pdf\">Leia a \u00edntegra do texto.<\/a><\/strong><\/p>\n<p style=\"text-align: justify;\">De acordo com o Executivo, ser\u00e3o realizados debates e estudos para a defini\u00e7\u00e3o do melhor modelo de\u00a0desestatiza\u00e7\u00e3o, que pode ser venda direta, venda do controle majorit\u00e1rio ou s\u00f3 de parte da empresa.<\/p>\n<p style=\"text-align: justify;\">A pesquisa foi realizada pela divis\u00e3o de estudos estat\u00edsticos do Poder360. A divulga\u00e7\u00e3o do\u00a0levantamento \u00e9 feita em parceria editorial com o Grupo Bandeirantes.<\/p>\n<p style=\"text-align: justify;\">Foram 2.500 entrevistas em 509 munic\u00edpios, nas 27 unidades da Federa\u00e7\u00e3o. A margem de erro \u00e9 de 2\u00a0pontos percentuais. Saiba mais sobre a metodologia lendo este texto.<\/p>\n<p style=\"text-align: justify;\">Para chegar a 2.500 entrevistas que preencham proporcionalmente (conforme aparecem na\u00a0sociedade) os grupos por sexo, idade, renda, escolaridade e localiza\u00e7\u00e3o geogr\u00e1fica, o PoderData faz\u00a0dezenas de milhares de telefonemas. Muitas vezes, mais de 100 mil liga\u00e7\u00f5es at\u00e9 que sejam\u00a0encontrados os entrevistados que representem de forma fiel o conjunto da popula\u00e7\u00e3o.<\/p>\n<p style=\"text-align: justify;\"><strong>DESTAQUES DEMOGR\u00c1FICOS<\/strong><\/p>\n<p style=\"text-align: justify;\">Os grupos com maior taxa de apoio \u00e0 venda da estatal s\u00e3o o dos com ensino superior (46%) e o dos\u00a0que ganham mais de 10 sal\u00e1rios m\u00ednimos (50%). A maior rejei\u00e7\u00e3o est\u00e1 entre os que t\u00eam de 16 a 24\u00a0anos (58%) e os que ganham at\u00e9 2 sal\u00e1rios m\u00ednimos (61%).<\/p>\n<p style=\"text-align: justify;\">Leia os percentuais por sexo, idade, regi\u00e3o, n\u00edvel de instru\u00e7\u00e3o e renda:<\/p>\n<p style=\"text-align: center;\"><a href=\"https:\/\/adcap.org.br\/wp-content\/uploads\/Net-0903-2.jpg\" data-rel=\"penci-gallery-image-content\" ><img decoding=\"async\" loading=\"lazy\" class=\"aligncenter size-medium wp-image-15353\" src=\"https:\/\/adcap.org.br\/wp-content\/uploads\/Net-0903-2-183x300.jpg\" alt=\"\" width=\"183\" height=\"300\" srcset=\"https:\/\/adcap.org.br\/wp-content\/uploads\/Net-0903-2-183x300.jpg 183w, https:\/\/adcap.org.br\/wp-content\/uploads\/Net-0903-2.jpg 566w\" sizes=\"(max-width: 183px) 100vw, 183px\" \/><\/a><\/p>\n<p style=\"text-align: justify;\"><strong>BOLSONARISTAS APOIAM MAIS<\/strong><\/p>\n<p style=\"text-align: justify;\">Mais da metade (51%) dos apoiadores do presidente querem que a estatal seja vendida. A taxa cai\u00a0para 18% entre os que o rejeitam.<\/p>\n<p style=\"text-align: justify;\">O PoderData cruzou os dados da pergunta com os de avalia\u00e7\u00e3o do trabalho presidencial. Leia os\u00a0percentuais abaixo:<\/p>\n<p style=\"text-align: center;\"><a href=\"https:\/\/adcap.org.br\/wp-content\/uploads\/Net-0903-3.jpg\" data-rel=\"penci-gallery-image-content\" ><img decoding=\"async\" loading=\"lazy\" class=\"aligncenter size-medium wp-image-15354\" src=\"https:\/\/adcap.org.br\/wp-content\/uploads\/Net-0903-3-293x300.jpg\" alt=\"\" width=\"293\" height=\"300\" srcset=\"https:\/\/adcap.org.br\/wp-content\/uploads\/Net-0903-3-293x300.jpg 293w, https:\/\/adcap.org.br\/wp-content\/uploads\/Net-0903-3-585x599.jpg 585w, https:\/\/adcap.org.br\/wp-content\/uploads\/Net-0903-3.jpg 606w\" sizes=\"(max-width: 293px) 100vw, 293px\" \/><\/a><\/p>\n<p style=\"text-align: justify;\">\n<strong>PESQUISAS MAIS FREQUENTES\u00a0<\/strong><\/p>\n<p style=\"text-align: justify;\">O PoderData \u00e9 a \u00fanica empresa de pesquisas no Brasil que vai a campo a cada 15 dias. Tem coletado\u00a0um minucioso acervo de dados sobre como o brasileiro est\u00e1 reagindo \u00e0 pandemia de coronav\u00edrus.<\/p>\n<p style=\"text-align: justify;\">Num ambiente em que a pol\u00edtica vive em tempo real por causa da for\u00e7a da internet e das redes\u00a0sociais, a conjuntura muda com muita velocidade. No passado, na era anal\u00f3gica, j\u00e1 era recomendado\u00a0fazer pesquisas com frequ\u00eancia para analisar a aprova\u00e7\u00e3o ou desaprova\u00e7\u00e3o de algum governo. Agora,\u00a0no s\u00e9culo 21, passou a ser vital a repeti\u00e7\u00e3o regular de estudos de opini\u00e3o. Por Rafael\u00a0Barbosa, Poder360.<\/p>\n<p style=\"text-align: center;\">\n<a href=\"https:\/\/adcap.org.br\/wp-content\/uploads\/Net-0903-4.jpg\" data-rel=\"penci-gallery-image-content\" ><img decoding=\"async\" loading=\"lazy\" class=\"aligncenter size-medium wp-image-15355\" src=\"https:\/\/adcap.org.br\/wp-content\/uploads\/Net-0903-4-136x300.jpg\" alt=\"\" width=\"136\" height=\"300\" srcset=\"https:\/\/adcap.org.br\/wp-content\/uploads\/Net-0903-4-136x300.jpg 136w, https:\/\/adcap.org.br\/wp-content\/uploads\/Net-0903-4.jpg 413w\" sizes=\"(max-width: 136px) 100vw, 136px\" \/><\/a><\/p>\n<p style=\"text-align: right;\"><strong>Dire\u00e7\u00e3o Nacional da ADCAP.<\/strong><\/p>\n","protected":false},"excerpt":{"rendered":"<p>Poder Data 08\/03\/2021 Governo enviou projeto para venda Pesquisa PoderData realizada de 1\u00ba a 3 de mar\u00e7o de 2021 mostra que 52% da popula\u00e7\u00e3o\u00a0brasileira \u00e9 contra a privatiza\u00e7\u00e3o dos Correios,&hellip;<\/p>\n","protected":false},"author":1,"featured_media":0,"comment_status":"closed","ping_status":"closed","sticky":false,"template":"","format":"standard","meta":{"_editorskit_title_hidden":false,"_editorskit_reading_time":0,"_editorskit_is_block_options_detached":false,"_editorskit_block_options_position":"{}","footnotes":""},"categories":[3,43],"tags":[],"aioseo_notices":[],"_links":{"self":[{"href":"https:\/\/adcap.org.br\/index.php\/wp-json\/wp\/v2\/posts\/15351"}],"collection":[{"href":"https:\/\/adcap.org.br\/index.php\/wp-json\/wp\/v2\/posts"}],"about":[{"href":"https:\/\/adcap.org.br\/index.php\/wp-json\/wp\/v2\/types\/post"}],"author":[{"embeddable":true,"href":"https:\/\/adcap.org.br\/index.php\/wp-json\/wp\/v2\/users\/1"}],"replies":[{"embeddable":true,"href":"https:\/\/adcap.org.br\/index.php\/wp-json\/wp\/v2\/comments?post=15351"}],"version-history":[{"count":0,"href":"https:\/\/adcap.org.br\/index.php\/wp-json\/wp\/v2\/posts\/15351\/revisions"}],"wp:attachment":[{"href":"https:\/\/adcap.org.br\/index.php\/wp-json\/wp\/v2\/media?parent=15351"}],"wp:term":[{"taxonomy":"category","embeddable":true,"href":"https:\/\/adcap.org.br\/index.php\/wp-json\/wp\/v2\/categories?post=15351"},{"taxonomy":"post_tag","embeddable":true,"href":"https:\/\/adcap.org.br\/index.php\/wp-json\/wp\/v2\/tags?post=15351"}],"curies":[{"name":"wp","href":"https:\/\/api.w.org\/{rel}","templated":true}]}}