{"id":15288,"date":"2021-02-25T17:45:48","date_gmt":"2021-02-25T17:45:48","guid":{"rendered":"https:\/\/adcap.org.br\/?p=15288"},"modified":"2021-02-25T17:45:48","modified_gmt":"2021-02-25T17:45:48","slug":"enquete-sobre-o-pl-591-2021-privatizacao-dos-servicos-postais","status":"publish","type":"post","link":"https:\/\/adcap.org.br\/index.php\/enquete-sobre-o-pl-591-2021-privatizacao-dos-servicos-postais\/","title":{"rendered":"Enquete sobre o PL-591\/2021 (Privatiza\u00e7\u00e3o dos Servi\u00e7os Postais)"},"content":{"rendered":"<p style=\"text-align: center;\"><a href=\"https:\/\/adcap.org.br\/wp-content\/uploads\/congresso.jpg\" data-rel=\"penci-gallery-image-content\" ><img decoding=\"async\" loading=\"lazy\" class=\"aligncenter size-medium wp-image-15289\" src=\"https:\/\/adcap.org.br\/wp-content\/uploads\/congresso-300x199.jpg\" alt=\"\" width=\"300\" height=\"199\" srcset=\"https:\/\/adcap.org.br\/wp-content\/uploads\/congresso-300x199.jpg 300w, https:\/\/adcap.org.br\/wp-content\/uploads\/congresso-585x388.jpg 585w, https:\/\/adcap.org.br\/wp-content\/uploads\/congresso.jpg 672w\" sizes=\"(max-width: 300px) 100vw, 300px\" \/><\/a><\/p>\n<p style=\"text-align: justify;\"><span style=\"font-family: helvetica;\">A C\u00e2mara dos Deputados j\u00e1 colocou em seu site a enquete a respeito do PL-591\/2021, que trata da privatiza\u00e7\u00e3o dos servi\u00e7os postais.<\/span><\/p>\n<p style=\"text-align: justify;\"><span style=\"font-family: helvetica;\">Participe da enquete! Deixe l\u00e1 sua contribui\u00e7\u00e3o!<\/span><\/p>\n<div>\n<div style=\"text-align: justify;\"><span style=\"font-family: helvetica;\"><br \/>\n<\/span>Acesse o\u00a0link:<span style=\"font-family: helvetica;\">:\u00a0<a href=\"https:\/\/forms.camara.leg.br\/ex\/enquetes\/2270894\">https:\/\/forms.camara.leg.br\/ex\/enquetes\/2270894<\/a><\/span><\/div>\n<div><span style=\"font-family: helvetica;\">\u00a0<\/span><\/div>\n<div><span style=\"font-family: helvetica;\">\u00a0<\/span><\/div>\n<div><span style=\"font-family: helvetica;\">\u00a0<\/span><\/div>\n<div style=\"text-align: right;\"><strong>Dire\u00e7\u00e3o Nacional da ADCAP.<\/strong><\/div>\n<\/div>\n","protected":false},"excerpt":{"rendered":"<p>A C\u00e2mara dos Deputados j\u00e1 colocou em seu site a enquete a respeito do PL-591\/2021, que trata da privatiza\u00e7\u00e3o dos servi\u00e7os postais. Participe da enquete! Deixe l\u00e1 sua contribui\u00e7\u00e3o! Acesse&hellip;<\/p>\n","protected":false},"author":1,"featured_media":0,"comment_status":"closed","ping_status":"closed","sticky":false,"template":"","format":"standard","meta":{"_editorskit_title_hidden":false,"_editorskit_reading_time":0,"_editorskit_is_block_options_detached":false,"_editorskit_block_options_position":"{}","footnotes":""},"categories":[5,44],"tags":[],"aioseo_notices":[],"_links":{"self":[{"href":"https:\/\/adcap.org.br\/index.php\/wp-json\/wp\/v2\/posts\/15288"}],"collection":[{"href":"https:\/\/adcap.org.br\/index.php\/wp-json\/wp\/v2\/posts"}],"about":[{"href":"https:\/\/adcap.org.br\/index.php\/wp-json\/wp\/v2\/types\/post"}],"author":[{"embeddable":true,"href":"https:\/\/adcap.org.br\/index.php\/wp-json\/wp\/v2\/users\/1"}],"replies":[{"embeddable":true,"href":"https:\/\/adcap.org.br\/index.php\/wp-json\/wp\/v2\/comments?post=15288"}],"version-history":[{"count":0,"href":"https:\/\/adcap.org.br\/index.php\/wp-json\/wp\/v2\/posts\/15288\/revisions"}],"wp:attachment":[{"href":"https:\/\/adcap.org.br\/index.php\/wp-json\/wp\/v2\/media?parent=15288"}],"wp:term":[{"taxonomy":"category","embeddable":true,"href":"https:\/\/adcap.org.br\/index.php\/wp-json\/wp\/v2\/categories?post=15288"},{"taxonomy":"post_tag","embeddable":true,"href":"https:\/\/adcap.org.br\/index.php\/wp-json\/wp\/v2\/tags?post=15288"}],"curies":[{"name":"wp","href":"https:\/\/api.w.org\/{rel}","templated":true}]}}