{"id":15256,"date":"2021-02-09T19:40:22","date_gmt":"2021-02-09T19:40:22","guid":{"rendered":"https:\/\/adcap.org.br\/?p=15256"},"modified":"2021-02-09T19:40:22","modified_gmt":"2021-02-09T19:40:22","slug":"privatizacoes-uma-agenda-fora-do-contexto","status":"publish","type":"post","link":"https:\/\/adcap.org.br\/index.php\/privatizacoes-uma-agenda-fora-do-contexto\/","title":{"rendered":"Privatiza\u00e7\u00f5es \u2013 uma agenda fora do contexto"},"content":{"rendered":"<p style=\"text-align: center;\"><em>Nossas estatais deveriam ser muito bem preservadas para garantirem ao povo brasileiro a continuidade de seus servi\u00e7os<\/em><\/p>\n<p style=\"text-align: center;\"><a href=\"https:\/\/adcap.org.br\/wp-content\/uploads\/PHOTO-2021-02-09-15-44-24.jpg\" data-rel=\"penci-gallery-image-content\" ><img decoding=\"async\" loading=\"lazy\" class=\"aligncenter wp-image-15257 size-medium\" src=\"https:\/\/adcap.org.br\/wp-content\/uploads\/PHOTO-2021-02-09-15-44-24-300x204.jpg\" alt=\"\" width=\"300\" height=\"204\" srcset=\"https:\/\/adcap.org.br\/wp-content\/uploads\/PHOTO-2021-02-09-15-44-24-300x204.jpg 300w, https:\/\/adcap.org.br\/wp-content\/uploads\/PHOTO-2021-02-09-15-44-24-768x523.jpg 768w, https:\/\/adcap.org.br\/wp-content\/uploads\/PHOTO-2021-02-09-15-44-24-585x398.jpg 585w, https:\/\/adcap.org.br\/wp-content\/uploads\/PHOTO-2021-02-09-15-44-24.jpg 940w\" sizes=\"(max-width: 300px) 100vw, 300px\" \/><\/a><\/p>\n<p style=\"text-align: justify;\">Num momento em que o mundo volta suas aten\u00e7\u00f5es \u00e0 preserva\u00e7\u00e3o da vida das pessoas, preocupando-se com a sa\u00fade e com a sustentabilidade, o nosso governo defende as privatiza\u00e7\u00f5es, como se isso fosse salvar a economia. De fato, s\u00f3 servir\u00e1 para enriquecer ainda mais banqueiros e especuladores.<\/p>\n<p style=\"text-align: justify;\">Infraestruturas p\u00fablicas, como as ligadas \u00e0 energia e comunica\u00e7\u00f5es, s\u00e3o essenciais e, neste momento em especial, deveriam ser muito bem preservadas para seguirem garantindo \u00e0 popula\u00e7\u00e3o seus servi\u00e7os, sem interrup\u00e7\u00f5es ou mudan\u00e7as negativas, como significativos aumentos de pre\u00e7os ou piora na qualidade.<\/p>\n<p style=\"text-align: justify;\">O discurso oficial sempre vai dizer que as privatiza\u00e7\u00f5es resultar\u00e3o em melhores servi\u00e7os e mais qualidade, mas essa l\u00f3gica n\u00e3o se sustenta quando confrontada com as situa\u00e7\u00f5es reais. No caso dos Correios, a privatiza\u00e7\u00e3o s\u00f3 vai tirar do mercado um player importante, que assegura universalidade aos servi\u00e7os prestados, mesmo sem receber um centavo do governo federal para isso. O transporte de encomendas, principal neg\u00f3cio dos correios no mundo todo, \u00e9 totalmente liberado no Brasil, ou seja, h\u00e1 concorr\u00eancia e os clientes podem escolher livremente os prestadores de servi\u00e7os, entre eles os Correios. Os consumidores n\u00e3o ganhar\u00e3o nada em deixar de ter a op\u00e7\u00e3o de usar os Correios ou de terem de usar um servi\u00e7o privado que o suceda, pois, como sempre ocorre em privatiza\u00e7\u00f5es postais, os pre\u00e7os sobem e a presta\u00e7\u00e3o do servi\u00e7o \u00e9 afetada com o fechamento de unidades e a redu\u00e7\u00e3o do pessoal. O exemplo de Portugal est\u00e1 a\u00ed para mostrar como as coisas acontecem.<\/p>\n<p style=\"text-align: center;\"><strong>Os brasileiros n\u00e3o precisam de privatiza\u00e7\u00e3o, mas de medidas que impulsionem a economia<\/strong><\/p>\n<p style=\"text-align: justify;\">Quem efetivamente lucra com processos de privatiza\u00e7\u00e3o s\u00e3o as consultorias, bancos de investimento e especuladores financeiros, exatamente os interlocutores mais frequentes do Minist\u00e9rio da Economia. Os brasileiros n\u00e3o precisam de privatiza\u00e7\u00f5es para que a economia se desenvolva. Precisam de medidas que efetivamente impulsionem a economia, incluindo at\u00e9 mesmo parcerias entre organiza\u00e7\u00f5es p\u00fablicas e privadas, e n\u00e3o de simples desmontagens, que s\u00f3 transferem recursos p\u00fablicos para grupos privados, enriquecendo alguns em detrimento da maioria.<\/p>\n<p style=\"text-align: justify;\">No momento em que essa discuss\u00e3o chega ao Congresso Nacional, nossos parlamentares devem estar atentos aos argumentos oficiais urdidos para tentar convencer a sociedade de que as privatiza\u00e7\u00f5es s\u00e3o indispens\u00e1veis. Porque isso n\u00e3o \u00e9 verdade, ainda que, em uma ou outra situa\u00e7\u00e3o, esse possa ser um caminho apropriado. Como representantes do povo, n\u00e3o devem permitir que o patrim\u00f4nio p\u00fablico seja aviltado e simplesmente transferido para m\u00e3os privadas por motiva\u00e7\u00e3o meramente ideol\u00f3gica ou para favorecer grupos empresariais. As organiza\u00e7\u00f5es p\u00fablicas n\u00e3o s\u00e3o ruins apenas por serem p\u00fablicas, assim como as privadas tamb\u00e9m n\u00e3o o s\u00e3o. Cada situa\u00e7\u00e3o precisa ser bem avaliada, tendo como base sempre o interesse p\u00fablico e a preserva\u00e7\u00e3o dos avan\u00e7os alcan\u00e7ados.<\/p>\n<p>&nbsp;<\/p>\n<p style=\"text-align: center;\"><strong>ADCAP\u00a0<\/strong><br \/>\n<strong>Associa\u00e7\u00e3o dos Profissionais dos Correios<\/strong><\/p>\n","protected":false},"excerpt":{"rendered":"<p>Nossas estatais deveriam ser muito bem preservadas para garantirem ao povo brasileiro a continuidade de seus servi\u00e7os Num momento em que o mundo volta suas aten\u00e7\u00f5es \u00e0 preserva\u00e7\u00e3o da vida&hellip;<\/p>\n","protected":false},"author":1,"featured_media":0,"comment_status":"closed","ping_status":"closed","sticky":false,"template":"","format":"standard","meta":{"_editorskit_title_hidden":false,"_editorskit_reading_time":0,"_editorskit_is_block_options_detached":false,"_editorskit_block_options_position":"{}","footnotes":""},"categories":[5,44],"tags":[],"aioseo_notices":[],"_links":{"self":[{"href":"https:\/\/adcap.org.br\/index.php\/wp-json\/wp\/v2\/posts\/15256"}],"collection":[{"href":"https:\/\/adcap.org.br\/index.php\/wp-json\/wp\/v2\/posts"}],"about":[{"href":"https:\/\/adcap.org.br\/index.php\/wp-json\/wp\/v2\/types\/post"}],"author":[{"embeddable":true,"href":"https:\/\/adcap.org.br\/index.php\/wp-json\/wp\/v2\/users\/1"}],"replies":[{"embeddable":true,"href":"https:\/\/adcap.org.br\/index.php\/wp-json\/wp\/v2\/comments?post=15256"}],"version-history":[{"count":0,"href":"https:\/\/adcap.org.br\/index.php\/wp-json\/wp\/v2\/posts\/15256\/revisions"}],"wp:attachment":[{"href":"https:\/\/adcap.org.br\/index.php\/wp-json\/wp\/v2\/media?parent=15256"}],"wp:term":[{"taxonomy":"category","embeddable":true,"href":"https:\/\/adcap.org.br\/index.php\/wp-json\/wp\/v2\/categories?post=15256"},{"taxonomy":"post_tag","embeddable":true,"href":"https:\/\/adcap.org.br\/index.php\/wp-json\/wp\/v2\/tags?post=15256"}],"curies":[{"name":"wp","href":"https:\/\/api.w.org\/{rel}","templated":true}]}}