{"id":15145,"date":"2021-01-11T19:40:27","date_gmt":"2021-01-11T19:40:27","guid":{"rendered":"https:\/\/adcap.org.br\/?p=15145"},"modified":"2021-01-18T01:25:22","modified_gmt":"2021-01-18T01:25:22","slug":"os-riscos-da-privatizacao-dos-correios-para-o-brasil","status":"publish","type":"post","link":"https:\/\/adcap.org.br\/index.php\/os-riscos-da-privatizacao-dos-correios-para-o-brasil\/","title":{"rendered":"Os Riscos da Privatiza\u00e7\u00e3o dos Correios para o Brasil"},"content":{"rendered":"<p style=\"text-align: center;\"><a href=\"https:\/\/adcap.org.br\/wp-content\/uploads\/IMG-9872.jpg\" data-rel=\"penci-gallery-image-content\" ><img decoding=\"async\" loading=\"lazy\" class=\"aligncenter size-full wp-image-15144\" src=\"https:\/\/adcap.org.br\/wp-content\/uploads\/IMG-9872.jpg\" alt=\"\" width=\"828\" height=\"811\" srcset=\"https:\/\/adcap.org.br\/wp-content\/uploads\/IMG-9872.jpg 828w, https:\/\/adcap.org.br\/wp-content\/uploads\/IMG-9872-300x294.jpg 300w, https:\/\/adcap.org.br\/wp-content\/uploads\/IMG-9872-768x752.jpg 768w, https:\/\/adcap.org.br\/wp-content\/uploads\/IMG-9872-585x573.jpg 585w\" sizes=\"(max-width: 828px) 100vw, 828px\" \/><\/a><\/p>\n<p style=\"text-align: justify;\">Nesta ter\u00e7a-feira, \u00e0s 17h, o economista Eduardo Moreira vai participar de uma live promovida pela ADCAP onde v\u00e3o debater a inten\u00e7\u00e3o de privatiza\u00e7\u00e3o dos Correios.<\/p>\n<p style=\"text-align: justify;\">Eduardo Moreira \u00e9 um empres\u00e1rio carioca, formado em engenharia civil pela PUC-RJ e em economia pela Universidade de San Diego. Ex-s\u00f3cio do Banco Pactual e fundador da Brasil Plural, Eduardo Moreira j\u00e1 foi eleito pela Revista \u00c9poca como um dos &#8220;40 brasileiros de maior sucesso com menos de 40 anos&#8221; e pela Revista Investidor Institucional como um dos &#8220;tr\u00eas melhores economistas do Brasil&#8221;. \u00c9 ainda autor de oito livros, entre eles dois bestsellers: &#8220;Encantadores de Vidas&#8221; e &#8220;O que os Donos do Poder n\u00e3o querem que Voc\u00ea Saiba&#8221;.<\/p>\n<p style=\"text-align: justify;\">A live ser\u00e1 transmitida ao vivo, a partir da p\u00e1gina da ADCAP Nacional no Facebook &#8211;\u00a0<a href=\"https:\/\/www.facebook.com\/adcap.nacional\/\" target=\"_blank\" rel=\"noopener noreferrer\">https:\/\/www.facebook.com\/adcap.nacional\/<\/a>\u00a0.<\/p>\n<p style=\"text-align: justify;\">Participe!<\/p>\n","protected":false},"excerpt":{"rendered":"<p>Nesta ter\u00e7a-feira, \u00e0s 17h, o economista Eduardo Moreira vai participar de uma live promovida pela ADCAP onde v\u00e3o debater a inten\u00e7\u00e3o de privatiza\u00e7\u00e3o dos Correios. Eduardo Moreira \u00e9 um empres\u00e1rio&hellip;<\/p>\n","protected":false},"author":1,"featured_media":0,"comment_status":"closed","ping_status":"closed","sticky":false,"template":"","format":"standard","meta":{"_editorskit_title_hidden":false,"_editorskit_reading_time":0,"_editorskit_is_block_options_detached":false,"_editorskit_block_options_position":"{}","footnotes":""},"categories":[5,44],"tags":[],"aioseo_notices":[],"_links":{"self":[{"href":"https:\/\/adcap.org.br\/index.php\/wp-json\/wp\/v2\/posts\/15145"}],"collection":[{"href":"https:\/\/adcap.org.br\/index.php\/wp-json\/wp\/v2\/posts"}],"about":[{"href":"https:\/\/adcap.org.br\/index.php\/wp-json\/wp\/v2\/types\/post"}],"author":[{"embeddable":true,"href":"https:\/\/adcap.org.br\/index.php\/wp-json\/wp\/v2\/users\/1"}],"replies":[{"embeddable":true,"href":"https:\/\/adcap.org.br\/index.php\/wp-json\/wp\/v2\/comments?post=15145"}],"version-history":[{"count":0,"href":"https:\/\/adcap.org.br\/index.php\/wp-json\/wp\/v2\/posts\/15145\/revisions"}],"wp:attachment":[{"href":"https:\/\/adcap.org.br\/index.php\/wp-json\/wp\/v2\/media?parent=15145"}],"wp:term":[{"taxonomy":"category","embeddable":true,"href":"https:\/\/adcap.org.br\/index.php\/wp-json\/wp\/v2\/categories?post=15145"},{"taxonomy":"post_tag","embeddable":true,"href":"https:\/\/adcap.org.br\/index.php\/wp-json\/wp\/v2\/tags?post=15145"}],"curies":[{"name":"wp","href":"https:\/\/api.w.org\/{rel}","templated":true}]}}