{"id":15032,"date":"2020-12-03T14:18:36","date_gmt":"2020-12-03T14:18:36","guid":{"rendered":"https:\/\/adcap.org.br\/?p=15032"},"modified":"2020-12-03T14:18:36","modified_gmt":"2020-12-03T14:18:36","slug":"desmontando-fake-news-no-22-mentiras-tem-pernas-curtas","status":"publish","type":"post","link":"https:\/\/adcap.org.br\/index.php\/desmontando-fake-news-no-22-mentiras-tem-pernas-curtas\/","title":{"rendered":"Desmontando Fake News n\u00ba 22 &#8211; Mentiras t\u00eam pernas curtas"},"content":{"rendered":"<div>\n<h1 style=\"text-align: center;\"><strong>MENTIRAS T\u00caM PERNAS CURTAS<\/strong><\/h1>\n<p style=\"text-align: justify;\">\nA declara\u00e7\u00e3o do Presidente do Mercado Livre se soma \u00e0 feita pelo Magazine Luiza, atestando que as especula\u00e7\u00f5es sobre o interesse dessas companhias numa eventual aquisi\u00e7\u00e3o dos Correios eram apenas Fake News, produzidas para tentar justificar a inten\u00e7\u00e3o de privatizar a empresa.<\/p>\n<p style=\"text-align: justify;\">Um marketplace tem seu foco de neg\u00f3cio bem estabelecido, o qual \u00e9 muito distinto da complexa responsabilidade a cargo de uma infraestrutura nacional de presta\u00e7\u00e3o do servi\u00e7o postal. Isso parece bastante \u00f3bvio, mas \u00e9 ignorado pelo governo federal, que insiste em seu intento ideol\u00f3gico de levar adiante a privatiza\u00e7\u00e3o dos Correios, a todo custo.<\/p>\n<p style=\"text-align: justify;\">Ao Congresso Nacional e \u00e0 sociedade caber\u00e1 barrar logo esse intento nefasto, que s\u00f3 prejudicar\u00e1 os brasileiros, incluindo os pr\u00f3prios marketplaces, que hoje podem contar com os Correios para entregar suas encomendas, estabelecendo recordes como o ocorrido na \u00faltima Black Friday, com 2,2 milh\u00f5es de encomendas postadas num \u00fanico dia.<\/p>\n<p style=\"text-align: center;\">&#8212;&#8212;&#8212;&#8212;&#8212;&#8212;&#8212;&#8212;&#8212;&#8212;&#8212;&#8212;&#8212;&#8212;&#8212;&#8212;&#8212;&#8211;<\/p>\n<h1 style=\"text-align: justify;\"><strong>Mercado Livre n\u00e3o tem interesse em\u00a0comprar\u00a0Correios, diz Stelleo Tolda<\/strong><\/h1>\n<p style=\"text-align: justify;\">&#8220;Temos interesse que continuem a funcionar e melhorem o n\u00edvel de servi\u00e7o&#8221;, disse\u00a0na Live do Valor o presidente da companhia na Am\u00e9rica Latina<\/p>\n<p style=\"text-align: justify;\">valor<br \/>\n02\/12\/2020<\/p>\n<p style=\"text-align: justify;\">O presidente do Mercado Livre na Am\u00e9rica Latina, Stelleo Tolda, afirmou que a\u00a0empresa n\u00e3o interesse em comprar os\u00a0<strong>Correios<\/strong>. &#8220;N\u00e3o sei de onde surgem\u00a0especula\u00e7\u00f5es, mas suspeito que algumas venham at\u00e9 do pr\u00f3prio governo, para\u00a0gerar um poss\u00edvel interesse maior no ativo. N\u00e3o temos interesse em comprar os\u00a0Correios. Temos interesse que continuem a funcionar e melhorem o n\u00edvel de\u00a0servi\u00e7o&#8221;, disse na Live do Valor desta quarta-feira.<\/p>\n<p style=\"text-align: justify;\">Tolda tamb\u00e9m afirmou que acha improv\u00e1vel que outras varejistas tenham interesse\u00a0em comprar a estatal. O Magazine Luiza e a Amazon tinham sido apontadas como\u00a0outras interessadas.<\/p>\n<p style=\"text-align: justify;\">&#8220;Faz sentido para as companhias de log\u00edstica, as\u00a0transportadoras. Empresas de varejo n\u00e3o t\u00eam interesse em\u00a0comprar uma empresa complexa como os Correios. Acho\u00a0que s\u00e3o especula\u00e7\u00f5es falsas.&#8221;<\/p>\n<p style=\"text-align: justify;\">Tolda diz que o grupo est\u00e1 interessado no que vai ocorrer, mas para os grupos\u00a0interessados na compra &#8220;vale lembrar que tem que conversar com o Mercado Livre\u00a0antes e depois da privatiza\u00e7\u00e3o&#8221;.<\/p>\n<p style=\"text-align: justify;\">Embora tenha reduzido a participa\u00e7\u00e3o da estatal no total de entregas, a empresa \u00e9 o\u00a0maior cliente dos Correios. Essa fatia dos Correios j\u00e1 foi de 90% das vendas\u00a0totais, mas n\u00e3o passa de 20% agora, segundo o executivo. &#8220;Temos informa\u00e7\u00e3o do\u00a0faturamento e sabemos o quanto a gente investe e, apesar de ter diminu\u00eddo nossa participa\u00e7\u00e3o, quando falamos em n\u00fameros absolutos, aumentamos o investimento\u00a0nos Correios&#8221;.<\/p>\n<p style=\"text-align: justify;\">A empresa j\u00e1 prev\u00ea abrir cinco novos centros de distribui\u00e7\u00e3o no ano que vem e\u00a0ampliar em torno de 20% o valor de investimento total, que neste ano ficou em R$ 4\u00a0bilh\u00f5es. A companhia deve continuar investindo no modal a\u00e9reo, que come\u00e7ou\u00a0neste ano com quatro aeronaves.<\/p>\n<p style=\"text-align: center;\">&#8212;&#8212;&#8212;&#8212;&#8212;&#8212;&#8212;&#8212;&#8212;&#8212;&#8212;&#8212;&#8212;&#8212;&#8212;&#8212;&#8212;&#8211;<\/p>\n<p style=\"text-align: justify;\"><em>Os brasileiros merecem receber melhores informa\u00e7\u00f5es e os devidos contrapontos ao discurso falacioso do governo. A ADCAP estar\u00e1 atenta \u00e0s mat\u00e9rias que tratem dos Correios e divulgar\u00e1 amplamente sua opini\u00e3o e suas observa\u00e7\u00f5es a respeito.\u00a0<\/em><\/p>\n<p>&nbsp;<\/p>\n<p style=\"text-align: right;\"><big><strong>Dire\u00e7\u00e3o Nacional da ADCAP.<\/strong><\/big><\/p>\n<\/div>\n<p>&nbsp;<\/p>\n","protected":false},"excerpt":{"rendered":"<p>MENTIRAS T\u00caM PERNAS CURTAS A declara\u00e7\u00e3o do Presidente do Mercado Livre se soma \u00e0 feita pelo Magazine Luiza, atestando que as especula\u00e7\u00f5es sobre o interesse dessas companhias numa eventual aquisi\u00e7\u00e3o&hellip;<\/p>\n","protected":false},"author":1,"featured_media":0,"comment_status":"closed","ping_status":"closed","sticky":false,"template":"","format":"standard","meta":{"_editorskit_title_hidden":false,"_editorskit_reading_time":0,"_editorskit_is_block_options_detached":false,"_editorskit_block_options_position":"{}","footnotes":""},"categories":[5,151,44],"tags":[],"aioseo_notices":[],"_links":{"self":[{"href":"https:\/\/adcap.org.br\/index.php\/wp-json\/wp\/v2\/posts\/15032"}],"collection":[{"href":"https:\/\/adcap.org.br\/index.php\/wp-json\/wp\/v2\/posts"}],"about":[{"href":"https:\/\/adcap.org.br\/index.php\/wp-json\/wp\/v2\/types\/post"}],"author":[{"embeddable":true,"href":"https:\/\/adcap.org.br\/index.php\/wp-json\/wp\/v2\/users\/1"}],"replies":[{"embeddable":true,"href":"https:\/\/adcap.org.br\/index.php\/wp-json\/wp\/v2\/comments?post=15032"}],"version-history":[{"count":0,"href":"https:\/\/adcap.org.br\/index.php\/wp-json\/wp\/v2\/posts\/15032\/revisions"}],"wp:attachment":[{"href":"https:\/\/adcap.org.br\/index.php\/wp-json\/wp\/v2\/media?parent=15032"}],"wp:term":[{"taxonomy":"category","embeddable":true,"href":"https:\/\/adcap.org.br\/index.php\/wp-json\/wp\/v2\/categories?post=15032"},{"taxonomy":"post_tag","embeddable":true,"href":"https:\/\/adcap.org.br\/index.php\/wp-json\/wp\/v2\/tags?post=15032"}],"curies":[{"name":"wp","href":"https:\/\/api.w.org\/{rel}","templated":true}]}}