{"id":14914,"date":"2020-11-03T14:03:43","date_gmt":"2020-11-03T14:03:43","guid":{"rendered":"https:\/\/adcap.org.br\/?p=14914"},"modified":"2020-11-03T14:03:43","modified_gmt":"2020-11-03T14:03:43","slug":"adcap-net-03-11-2020-debatendo-a-intencao-de-privatizacao-e-acoes-de-modernizacao-dos-correios-veja-mais","status":"publish","type":"post","link":"https:\/\/adcap.org.br\/index.php\/adcap-net-03-11-2020-debatendo-a-intencao-de-privatizacao-e-acoes-de-modernizacao-dos-correios-veja-mais\/","title":{"rendered":"Adcap Net 03\/11\/2020 &#8211; Debatendo a inten\u00e7\u00e3o de privatiza\u00e7\u00e3o e a\u00e7\u00f5es de moderniza\u00e7\u00e3o dos Correios &#8211; Veja mais!"},"content":{"rendered":"<h1 style=\"text-align: justify;\"><strong>Privatiza\u00e7\u00e3o dos Correios<\/strong><\/h1>\n<div style=\"text-align: justify;\">TV 247<br \/>\n03\/11\/2020<\/div>\n<div style=\"text-align: justify;\"><\/div>\n<div style=\"text-align: center;\"><a href=\"https:\/\/adcap.org.br\/wp-content\/uploads\/IMG_9048.jpg\" data-rel=\"penci-gallery-image-content\" ><img decoding=\"async\" loading=\"lazy\" class=\"aligncenter size-full wp-image-14913\" src=\"https:\/\/adcap.org.br\/wp-content\/uploads\/IMG_9048.jpg\" alt=\"\" width=\"828\" height=\"443\" srcset=\"https:\/\/adcap.org.br\/wp-content\/uploads\/IMG_9048.jpg 828w, https:\/\/adcap.org.br\/wp-content\/uploads\/IMG_9048-300x161.jpg 300w, https:\/\/adcap.org.br\/wp-content\/uploads\/IMG_9048-768x411.jpg 768w, https:\/\/adcap.org.br\/wp-content\/uploads\/IMG_9048-585x313.jpg 585w\" sizes=\"(max-width: 828px) 100vw, 828px\" \/><\/a><\/div>\n<div style=\"text-align: justify;\"><\/div>\n<div style=\"text-align: justify;\">Andrea Trus entrevista\u00a0<strong>Marcos C\u00e9sar Alves Silva<\/strong>, atual vice-presidente da\u00a0<strong>ADCAP\u00a0<\/strong>(Associa\u00e7\u00e3o dos Profissionais dos Correios) e Administrador Postal formado pela Escola Superior de Administra\u00e7\u00e3o Postal. Trabalhou por 37 anos nos Correios, onde exerceu diversos cargos executivos, sendo o \u00faltimo deles o de conselheiro no Conselho de Administra\u00e7\u00e3o, no per\u00edodo de 2013 a 2018.<\/div>\n<div style=\"text-align: justify;\"><\/div>\n<div style=\"text-align: justify;\">Assista a entrevista\u00a0<strong><a href=\"https:\/\/www.youtube.com\/watch?v=M8XsZYcsqik\" target=\"_blank\" rel=\"noopener noreferrer\">AQUI.<\/a><\/strong><\/div>\n<h1 style=\"text-align: justify;\"><strong>Correios se modernizam a tempo para as\u00a0<\/strong><strong>entregas da Black Friday<\/strong><\/h1>\n<div style=\"text-align: justify;\">\n<p>TV Brasil<br \/>\n02\/11\/2020<\/p>\n<p>O com\u00e9rcio espera que a Black Friday, este ano, seja a maior de todos os\u00a0tempos e os Correios buscam novas tecnologias para garantir a entrega das\u00a0encomendas.<\/p>\n<p>Veja\u00a0<strong><a href=\"https:\/\/www.youtube.com\/watch?v=RJhtNRMI-to&amp;feature=youtu.be\" target=\"_blank\" rel=\"noopener noreferrer\">AQUI.<\/a><\/strong><br \/>\n&nbsp;<\/p>\n<\/div>\n<p style=\"text-align: right;\"><big><strong>Dire\u00e7\u00e3o Nacional da ADCAP.<\/strong><\/big><\/p>\n","protected":false},"excerpt":{"rendered":"<p>Privatiza\u00e7\u00e3o dos Correios TV 247 03\/11\/2020 Andrea Trus entrevista\u00a0Marcos C\u00e9sar Alves Silva, atual vice-presidente da\u00a0ADCAP\u00a0(Associa\u00e7\u00e3o dos Profissionais dos Correios) e Administrador Postal formado pela Escola Superior de Administra\u00e7\u00e3o Postal. Trabalhou&hellip;<\/p>\n","protected":false},"author":1,"featured_media":0,"comment_status":"closed","ping_status":"closed","sticky":false,"template":"","format":"standard","meta":{"_editorskit_title_hidden":false,"_editorskit_reading_time":0,"_editorskit_is_block_options_detached":false,"_editorskit_block_options_position":"{}","footnotes":""},"categories":[3,43],"tags":[],"aioseo_notices":[],"_links":{"self":[{"href":"https:\/\/adcap.org.br\/index.php\/wp-json\/wp\/v2\/posts\/14914"}],"collection":[{"href":"https:\/\/adcap.org.br\/index.php\/wp-json\/wp\/v2\/posts"}],"about":[{"href":"https:\/\/adcap.org.br\/index.php\/wp-json\/wp\/v2\/types\/post"}],"author":[{"embeddable":true,"href":"https:\/\/adcap.org.br\/index.php\/wp-json\/wp\/v2\/users\/1"}],"replies":[{"embeddable":true,"href":"https:\/\/adcap.org.br\/index.php\/wp-json\/wp\/v2\/comments?post=14914"}],"version-history":[{"count":0,"href":"https:\/\/adcap.org.br\/index.php\/wp-json\/wp\/v2\/posts\/14914\/revisions"}],"wp:attachment":[{"href":"https:\/\/adcap.org.br\/index.php\/wp-json\/wp\/v2\/media?parent=14914"}],"wp:term":[{"taxonomy":"category","embeddable":true,"href":"https:\/\/adcap.org.br\/index.php\/wp-json\/wp\/v2\/categories?post=14914"},{"taxonomy":"post_tag","embeddable":true,"href":"https:\/\/adcap.org.br\/index.php\/wp-json\/wp\/v2\/tags?post=14914"}],"curies":[{"name":"wp","href":"https:\/\/api.w.org\/{rel}","templated":true}]}}