{"id":14871,"date":"2020-10-20T13:52:07","date_gmt":"2020-10-20T13:52:07","guid":{"rendered":"https:\/\/adcap.org.br\/?p=14871"},"modified":"2020-10-29T13:29:28","modified_gmt":"2020-10-29T13:29:28","slug":"desmontando-fake-news-no-6-a-responsabilidade-de-um-ministro-de-estado","status":"publish","type":"post","link":"https:\/\/adcap.org.br\/index.php\/desmontando-fake-news-no-6-a-responsabilidade-de-um-ministro-de-estado\/","title":{"rendered":"Desmontando Fake News n\u00ba 6 &#8211; A responsabilidade de um ministro de Estado"},"content":{"rendered":"<p><em>Como estamos numa luta desigual, em que a m\u00eddia reproduz informa\u00e7\u00f5es distorcidas provenientes de \u00f3rg\u00e3os do governo federal a respeito dos Correios e a pr\u00f3pria empresa n\u00e3o se defende, emudecida por um dire\u00e7\u00e3o subserviente e comprometida com o desmonte da organiza\u00e7\u00e3o, a ADCAP passar\u00e1 a oferecer por esse canal seu posicionamento sobre mat\u00e9rias que tratarem dos Correios.<\/em><\/p>\n<p style=\"text-align: center;\">&#8212;&#8212;&#8212;&#8212;&#8212;&#8212;&#8212;&#8212;&#8212;&#8212;&#8212;&#8212;&#8212;&#8212;&#8212;&#8212;&#8212;&#8211;<\/p>\n<h1 style=\"text-align: center;\"><strong>A RESPONSABILIDADE DE UM <\/strong><\/h1>\n<h1 style=\"text-align: center;\"><strong>MINISTRO DE ESTADO<\/strong><\/h1>\n<p style=\"text-align: justify;\">\nEm postagem no Twitter (<a href=\"https:\/\/twitter.com\/fabiofaria5555\/status\/1318214573376360453?s=21\"><strong>AQUI<\/strong><\/a>), o ministro F\u00e1bio Faria (PSD-RN) declarou, comentando artigo de O Estado de S\u00e3o Paulo,\u00a0 que \u201cOs problemas t\u00eam se avolumado em decorr\u00eancia do sucateamento da estatal\u201d.<\/p>\n<p style=\"text-align: justify;\">Em qualquer pa\u00eds do mundo, uma declara\u00e7\u00e3o como esta, vinda do ministro respons\u00e1vel pela pasta que coordena a estatal ensejaria, no m\u00ednimo, a imediata substitui\u00e7\u00e3o da dire\u00e7\u00e3o da empresa ou ent\u00e3o do Ministro, afinal s\u00e3o eles as autoridades respons\u00e1veis pela gest\u00e3o. No Brasil, por\u00e9m, as autoridades do governo se ocupam em desconstruir as pr\u00f3prias pastas, buscando, com isso, justificar posicionamentos ideol\u00f3gicos. F\u00e1bio Faria (PSD-RN) segue, infelizmente, essa mesma linha desconstrutiva e lesa-P\u00e1tria.<\/p>\n<p style=\"text-align: justify;\">A declara\u00e7\u00e3o do Ministro n\u00e3o \u00e9, por\u00e9m, apenas injusta e descabida; \u00e9 tamb\u00e9m uma retumbante Fake News, afinal, se ele se desse ao trabalho de examinar minimamente os dados da estatal sob supervis\u00e3o de sua pasta, teria visto que os Correios acabaram de renovar sua frota neste ano, com o recebimento de mais de 7.000 novos ve\u00edculos, num investimento de cerca de R$ 197 milh\u00f5es, talvez o maior investimento em renova\u00e7\u00e3o de frota feito no Brasil. A not\u00edcia saiu na imprensa e est\u00e1 publicada no pr\u00f3prio blog dos Correios, <a href=\"http:\/\/apps2.correios.com.br\/blogcorreios\/2020\/03\/03\/correios-renova-frota-com-mais-de-7-mil-veiculos\/\"><strong>AQUI.<\/strong><\/a>\u00a0 N\u00e3o cabe, portanto, falar em sucateamento da Empresa.<\/p>\n<p style=\"text-align: justify;\">Declara\u00e7\u00f5es como essa, proferidas por autoridades do governo federal, t\u00eam arranhado a reputa\u00e7\u00e3o e depreciado os Correios e se tornam um evidente crime lesa-P\u00e1tria quando feitas simultaneamente \u00e0 tentativa de privatizar a estatal. No caso do Ministro das Comunica\u00e7\u00f5es, isso \u00e9 ainda mais grave, em fun\u00e7\u00e3o da responsabilidade do cargo exercido e do atual protagonismo nessa tem\u00e1tica.<\/p>\n<p style=\"text-align: center;\"><a href=\"https:\/\/adcap.org.br\/wp-content\/uploads\/4-4.jpg\" data-rel=\"penci-gallery-image-content\" ><img decoding=\"async\" loading=\"lazy\" class=\"aligncenter size-full wp-image-14870\" src=\"https:\/\/adcap.org.br\/wp-content\/uploads\/4-4.jpg\" alt=\"\" width=\"960\" height=\"960\" srcset=\"https:\/\/adcap.org.br\/wp-content\/uploads\/4-4.jpg 960w, https:\/\/adcap.org.br\/wp-content\/uploads\/4-4-150x150.jpg 150w, https:\/\/adcap.org.br\/wp-content\/uploads\/4-4-300x300.jpg 300w, https:\/\/adcap.org.br\/wp-content\/uploads\/4-4-768x768.jpg 768w, https:\/\/adcap.org.br\/wp-content\/uploads\/4-4-585x585.jpg 585w\" sizes=\"(max-width: 960px) 100vw, 960px\" \/><\/a><\/p>\n<p style=\"text-align: center;\">&#8212;&#8212;&#8212;&#8212;&#8212;&#8212;&#8212;&#8212;&#8212;&#8212;&#8212;&#8212;&#8212;&#8212;&#8212;&#8212;&#8212;&#8211;<\/p>\n<p><em>Os brasileiros merecem receber melhores informa\u00e7\u00f5es e os devidos contrapontos ao discurso falacioso do governo. A ADCAP estar\u00e1 atenta \u00e0s mat\u00e9rias que tratem dos Correios e divulgar\u00e1 amplamente sua opini\u00e3o e suas observa\u00e7\u00f5es a respeito.\u00a0<\/em><\/p>\n<p>&nbsp;<\/p>\n<p style=\"text-align: right;\"><strong>Dire\u00e7\u00e3o Nacional da ADCAP.<\/strong><\/p>\n","protected":false},"excerpt":{"rendered":"<p>Como estamos numa luta desigual, em que a m\u00eddia reproduz informa\u00e7\u00f5es distorcidas provenientes de \u00f3rg\u00e3os do governo federal a respeito dos Correios e a pr\u00f3pria empresa n\u00e3o se defende, emudecida&hellip;<\/p>\n","protected":false},"author":1,"featured_media":0,"comment_status":"closed","ping_status":"closed","sticky":false,"template":"","format":"standard","meta":{"_editorskit_title_hidden":false,"_editorskit_reading_time":0,"_editorskit_is_block_options_detached":false,"_editorskit_block_options_position":"{}","footnotes":""},"categories":[5,151,44],"tags":[],"aioseo_notices":[],"_links":{"self":[{"href":"https:\/\/adcap.org.br\/index.php\/wp-json\/wp\/v2\/posts\/14871"}],"collection":[{"href":"https:\/\/adcap.org.br\/index.php\/wp-json\/wp\/v2\/posts"}],"about":[{"href":"https:\/\/adcap.org.br\/index.php\/wp-json\/wp\/v2\/types\/post"}],"author":[{"embeddable":true,"href":"https:\/\/adcap.org.br\/index.php\/wp-json\/wp\/v2\/users\/1"}],"replies":[{"embeddable":true,"href":"https:\/\/adcap.org.br\/index.php\/wp-json\/wp\/v2\/comments?post=14871"}],"version-history":[{"count":0,"href":"https:\/\/adcap.org.br\/index.php\/wp-json\/wp\/v2\/posts\/14871\/revisions"}],"wp:attachment":[{"href":"https:\/\/adcap.org.br\/index.php\/wp-json\/wp\/v2\/media?parent=14871"}],"wp:term":[{"taxonomy":"category","embeddable":true,"href":"https:\/\/adcap.org.br\/index.php\/wp-json\/wp\/v2\/categories?post=14871"},{"taxonomy":"post_tag","embeddable":true,"href":"https:\/\/adcap.org.br\/index.php\/wp-json\/wp\/v2\/tags?post=14871"}],"curies":[{"name":"wp","href":"https:\/\/api.w.org\/{rel}","templated":true}]}}