{"id":14823,"date":"2020-10-08T13:20:52","date_gmt":"2020-10-08T13:20:52","guid":{"rendered":"https:\/\/adcap.org.br\/?p=14823"},"modified":"2020-10-08T13:20:52","modified_gmt":"2020-10-08T13:20:52","slug":"adcap-net-08-10-2020-terceirizacao-da-distribuicao-privatizacao-e-clique-e-retire-ampliado-veja-mais","status":"publish","type":"post","link":"https:\/\/adcap.org.br\/index.php\/adcap-net-08-10-2020-terceirizacao-da-distribuicao-privatizacao-e-clique-e-retire-ampliado-veja-mais\/","title":{"rendered":"Adcap Net 08\/10\/2020 &#8211; Terceiriza\u00e7\u00e3o da Distribui\u00e7\u00e3o, Privatiza\u00e7\u00e3o e Clique e Retire ampliado &#8211; Veja mais!"},"content":{"rendered":"<div>\n<h1 style=\"text-align: justify;\"><strong>Correios terceiriza servi\u00e7o de distribui\u00e7\u00e3o de\u00a0<\/strong><strong>encomendas<\/strong><\/h1>\n<p style=\"text-align: justify;\">Bom Dia DF<br \/>\n8 out 2020<br \/>\n<img decoding=\"async\" src=\"http:\/\/assets.mktnaweb.com\/accounts\/2014\/10\/21\/39849\/pictures\/1103\/original_Net_0810_1.jpg?1602162515\" alt=\"\" width=\"600\" \/><a href=\"https:\/\/adcap.org.br\/wp-content\/uploads\/Net-0810-1.jpg\" data-rel=\"penci-gallery-image-content\" ><img decoding=\"async\" loading=\"lazy\" class=\"aligncenter size-full wp-image-14822\" src=\"https:\/\/adcap.org.br\/wp-content\/uploads\/Net-0810-1.jpg\" alt=\"\" width=\"787\" height=\"427\" srcset=\"https:\/\/adcap.org.br\/wp-content\/uploads\/Net-0810-1.jpg 787w, https:\/\/adcap.org.br\/wp-content\/uploads\/Net-0810-1-300x163.jpg 300w, https:\/\/adcap.org.br\/wp-content\/uploads\/Net-0810-1-768x417.jpg 768w, https:\/\/adcap.org.br\/wp-content\/uploads\/Net-0810-1-585x317.jpg 585w\" sizes=\"(max-width: 787px) 100vw, 787px\" \/><\/a><\/p>\n<p style=\"text-align: justify;\">Mais de duas semanas depois do fim da greve dos funcion\u00e1rios dos\u00a0<strong>Correios<\/strong>, ainda tem muita gente reclamando da demora na entrega de encomendas transportadas pela empresa.<\/p>\n<p style=\"text-align: justify;\">Assista a mat\u00e9ria\u00a0<a href=\"http:\/\/emailmarketing.adcap.org.br\/accounts\/39849\/messages\/2101\/clicks\/[id]\/3078\"><strong>AQUI.<\/strong><\/a><\/p>\n<\/div>\n<div style=\"text-align: justify;\">\n<h1><strong>Governo admite que em 2020 o &#8216;m\u00e1ximo&#8217; em\u00a0<\/strong><strong>privatiza\u00e7\u00f5es \u00e9 quebra do monop\u00f3lio dos\u00a0<\/strong><strong>Correios<\/strong><\/h1>\n<p>O ministro da Economia, Paulo Guedes, tinha prometido apresentar at\u00e9 quatro grandes privatiza\u00e7\u00f5es no in\u00edcio de outubro, o que n\u00e3o foi cumprido<\/p>\n<p>Estad\u00e3o<br \/>\n07\/10\/2020<\/p>\n<p>Fontes da \u00e1rea econ\u00f4mica admitem que \u201co m\u00e1ximo que ser\u00e1 poss\u00edvel\u201d fazer com privatiza\u00e7\u00f5es em 2020 \u00e9 a quebra do monop\u00f3lio dos\u00a0<strong>Correios\u00a0<\/strong>no servi\u00e7o postal.<\/p>\n<p>O ministro da Economia, Paulo Guedes, tinha prometido apresentar at\u00e9 quatro grandes privatiza\u00e7\u00f5es no in\u00edcio de outubro, o que n\u00e3o foi cumprido. A avalia\u00e7\u00e3o da \u00e1rea econ\u00f4mica \u00e9 que as privatiza\u00e7\u00f5es n\u00e3o andaram porque a pol\u00edtica n\u00e3o deixou e o tema foi travado no Congresso. As fontes dizem, no entanto, que j\u00e1 h\u00e1 um acordo para a privatiza\u00e7\u00e3o de quatro estatais.<\/p>\n<p>O time de Guedes tentou acelerar, em junho, o processo de privatiza\u00e7\u00e3o da Eletrobr\u00e1s e dos Correios. As duas companhias est\u00e3o na fila, na verdade, desde o in\u00edcio do governo do presidente Jair Bolsonaro, e s\u00e3o parte da agenda liberal do ministro apresentada pelo ministro ainda no per\u00edodo de campanha presidencial. A investida em junho tamb\u00e9m previa destravar a venda da PPSA, estatal que opera a parte da Uni\u00e3o no pr\u00e9-sal, cujos po\u00e7os valem US$ 100 bilh\u00f5es, segundo a fonte. O governo tamb\u00e9m enviou um projeto de capitaliza\u00e7\u00e3o da Eletrobr\u00e1s ao Congresso, mas a proposta est\u00e1 parada. Esse plano est\u00e1 em discuss\u00e3o desde o governo do ex-presidente Michel Temer (MDB).<\/p>\n<p>No come\u00e7o de julho, Guedes prometeu: \u201cN\u00f3s vamos fazer quatro grandes privatiza\u00e7\u00f5es nos pr\u00f3ximos 30, 60, 90 dias\u201d. Um m\u00eas depois, ele repetiu o prazo: \u201cnos pr\u00f3ximos 30 a 60 dias\u201d. Mas, na ocasi\u00e3o, ele fez um ajuste e come\u00e7ou a prever o an\u00fancio de tr\u00eas ou quatro grandes companhias.<\/p>\n<p>Em nenhuma das falas, o ministro listou quais seriam as estatais a serem privatizadas. \u201cVamos esperar um pouquinho. Voc\u00eas v\u00e3o saber j\u00e1 j\u00e1\u201d, declarou em julho, em entrevista \u00e0 CNN Brasil.<\/p>\n<p>Ainda em agosto, a secret\u00e1ria especial do PPI (Programa de Parcerias de Investimento) do Minist\u00e9rio da Economia, Martha Seillier, afirmou que um projeto de lei para rever o monop\u00f3lio dos Correios no servi\u00e7o postal seria enviado ao Congresso \u201cnas pr\u00f3ximas semanas\u201d. No caso da PPSA, tamb\u00e9m n\u00e3o houve avan\u00e7o.<\/p>\n<p>Em embate com o presidente da C\u00e2mara, Rodrigo Maia (DEM-RJ), o ministro acusou nesta semana o deputado de travar a agenda de privatiza\u00e7\u00f5es, apesar de Guedes n\u00e3o ter cumprido o cronograma de envio das propostas de venda de estatais.<\/p>\n<p>Maia respondeu: o ministro est\u00e1 \u201cdesequilibrado\u201d. O principal ponto de atrito \u00e9 o projeto de privatiza\u00e7\u00e3o da Eletrobr\u00e1s, que est\u00e1 travado na C\u00e2mara por falta de apoio da base aliada do governo.<\/p>\n<p>Embora tenha se desfeito de participa\u00e7\u00f5es do governo em empresas privadas, a gest\u00e3o Bolsonaro n\u00e3o conseguiu fazer a agenda de privatiza\u00e7\u00f5es andar e a venda de estatais est\u00e1 travada. Nem a quebra o monop\u00f3lio da Casa da Moeda foi aprovada no Congresso. A proposta foi encaminhada como medida provis\u00f3ria, que tem efeito imediato, mas perde validade ap\u00f3s 120 dias. O plano do governo para a Casa da Moeda foi frustrado neste ano diante da resist\u00eancia dos parlamentares \u00e0 ideia, que abria caminho para a venda da estatal.<\/p>\n<p>O governo Bolsonaro chegou a criar uma nova estatal, a NAV, respons\u00e1vel pela navega\u00e7\u00e3o a\u00e9rea. O Minist\u00e9rio da Economia cita como realiza\u00e7\u00f5es na \u00e1rea a venda de subsidi\u00e1rias por estatais-m\u00e3e, como a Petrobras, o que \u00e9 tecnicamente considerado um desinvestimento, cuja decis\u00e3o e todo o processo n\u00e3o passa pelo governo.<\/p>\n<p>Com a pauta travada por causa das burocracias da m\u00e1quina p\u00fablica e falta de apoio pol\u00edtico, houve uma debandada do Minist\u00e9rio da Economia em agosto, quando os secret\u00e1rios especiais Salim Mattar (Desestatiza\u00e7\u00e3o) e Paulo Uebel (Desburocratiza\u00e7\u00e3o) deixaram os cargos juntos. Logo ap\u00f3s pedir demiss\u00e3o, Mattar culpou os entraves pol\u00edticos e o establishment pelo atraso no plano de privatiza\u00e7\u00f5es.<\/p>\n<h1><strong>Privatiza\u00e7\u00e3o dos Correios deve\u00a0acontecer s\u00f3\u00a0<\/strong><strong>em 2022, sinaliza estatal<\/strong><\/h1>\n<p>Exame<br \/>\n07\/10\/2020<\/p>\n<p>Estudos sobre o modelo de desestatiza\u00e7\u00e3o da estatal ficam prontos apenas no final de 2021,\u00a0segundo o presidente da empresa<\/p>\n<p>Os estudos sobre o modelo de privatiza\u00e7\u00e3o dos Correios devem ficar prontos\u00a0somente no final do ano que vem, diz o presidente da estatal, Floriano\u00a0Peixoto, em entrevista exclusiva \u00e0 EXAME. Com isso, a expectativa \u00e9 que o\u00a0leil\u00e3o dos Correios, uma maiores estatais do setor de servi\u00e7os do pa\u00eds, com 95.000 \u00a0funcion\u00e1rios, seja realizado s\u00f3 em 2022. Os estudos incluem o c\u00e1lculo do valor de\u00a0mercado da estatal, que devem levar em conta o impacto da \u00faltima greve, que durou 35\u00a0dias. Veja, a seguir, os principais trechos da entrevista.<\/p>\n<p>Quando a consultoria contratada pelo BNDES para realizar os estudos de\u00a0modelagem da privatiza\u00e7\u00e3o dos Correios deve finalizar as an\u00e1lises,\u00a0incluindo o valuation da empresa?<\/p>\n<p>O que temos em andamento \u00e9 um estudo conduzido pelo BNDES e pela Secretaria\u00a0Especial do Programa de Parcerias de Investimentos para avaliar cen\u00e1rios de\u00a0desestatiza\u00e7\u00e3o do setor postal. De acordo com o planejamento estabelecido, esse estudo\u00a0se estender\u00e1 at\u00e9 o final de 2021, com metas estabelecidas que dever\u00e3o ser atingidas para\u00a0a defini\u00e7\u00e3o do que for mais adequado \u00e0 empresa.<\/p>\n<p>O senhor tem acompanhado pessoalmente esses estudos e participado das\u00a0conversas com a consultoria a respeito do processo de valuation e o modelo\u00a0de privatiza\u00e7\u00e3o da empresa? As reuni\u00f5es t\u00eam acontecido com qual\u00a0frequ\u00eancia?<\/p>\n<p>Sim, tenho acompanhado os avan\u00e7os do estudo, entendendo o papel da empresa como\u00a0objeto do estudo. Os Correios t\u00eam contribu\u00eddo com o Comit\u00ea Interministerial\u00a0formado pela Secretaria Especial do Programa de Parcerias de Investimentos, BNDES,\u00a0Minist\u00e9rio da Economia e Minist\u00e9rio das Comunica\u00e7\u00f5es, prestando informa\u00e7\u00f5es e\u00a0acompanhando as discuss\u00f5es junto ao Cons\u00f3rcio Postar, que est\u00e1 \u00e0 frente da consultoria.<\/p>\n<p>Os indicadores do balan\u00e7o da empresa s\u00e3o essenciais para a elabora\u00e7\u00e3o do\u00a0valuation. O senhor pode adiantar de quanto foi o lucro l\u00edquido, a receita, o\u00a0preju\u00edzo e o Ebtida dos Correios no primeiro semestre deste ano, em\u00a0compara\u00e7\u00e3o ao mesmo per\u00edodo do ano passado?<\/p>\n<p>Esses valores ainda n\u00e3o foram devidamente auditados e aguardam publica\u00e7\u00e3o.<\/p>\n<p>Em 2019, o lucro l\u00edquido da empresa foi de 102,1 milh\u00f5es de reais, 36% a\u00a0menos do que em 2018. Por que o lucro caiu? E qual \u00e9 a expectativa para este\u00a0ano?<\/p>\n<p>A diferen\u00e7a negativa do ponto de vista cont\u00e1bil se deve somente a passivos herdados de<br \/>\ngest\u00f5es anteriores. Podemos afirmar que a empresa teve resultados positivos e otimistas,\u00a0atribu\u00eddos em grande parte \u00e0s medidas estrat\u00e9gicas implementadas pela atual gest\u00e3o, a fim de se assegurar a sustentabilidade financeira da empresa. Prev\u00ea-se que esses\u00a0resultados positivos continuar\u00e3o em 2020, com a racionaliza\u00e7\u00e3o de custos com despesas\u00a0correntes.<\/p>\n<p>Por falar em passivos, o auditor independente do balan\u00e7o de 2019 apontou\u00a0que n\u00e3o foi poss\u00edvel verificar o real montante desse indicador. Os Correios\u00a0teriam mais de 6,8 bilh\u00f5es de reais apenas de passivo trabalhista e com o\u00a0fundo Postalis. O senhor conseguiu chegar a uma conta sobre de quanto de\u00a0fato \u00e9 o passivo?<\/p>\n<p>A sinaliza\u00e7\u00e3o do auditor independente diz respeito ao risco jur\u00eddico relativo a causas\u00a0trabalhistas que empregados dos Correios ingressaram contra a empresa, alegando m\u00e1\u00a0gest\u00e3o no Postalis. O entendimento da empresa \u00e9 que o esse risco \u00e9 baixo, visto que as\u00a0obriga\u00e7\u00f5es referentes aos planos de previd\u00eancia complementar e sa\u00fade s\u00e3o calculadas\u00a0mediante igual paridade entre as partes.<\/p>\n<p>A \u00faltima greve, que durou 35 dias, pode ter impacto no valuation dos\u00a0Correios e no resultado operacional deste ano? Qual foi a receita, o preju\u00edzo\u00a0e o lucro da empresa durante os 35 dias da greve?<\/p>\n<p>Tanto o valuation quanto os resultados financeiros ser\u00e3o melhor mensurados com maior<br \/>\nprecis\u00e3o no decorrer dos pr\u00f3ximos meses. Por Carla Aranha, Exame.<\/p>\n<h1><strong>H\u00e1 acordo para privatizar Correios, Eletrobras,\u00a0<\/strong><strong>Porto de Santos e PPSA<\/strong><\/h1>\n<p>O Globo<br \/>\n08\/10\/2020<\/p>\n<p>Segundo fonte da equipe econ\u00f4mica, apesar do acordo, \u00e1rea pol\u00edtica &#8216;sentou em cima dos projetos&#8217;<\/p>\n<p>A equipe econ\u00f4mica pretende acelerar as privatiza\u00e7\u00f5es e alega j\u00e1 ter acordo para\u00a0vender tr\u00eas estatais (<strong>Correios<\/strong>, Eletrobr\u00e1s e Porto de Santos) e os contratos da\u00a0Pr\u00e9-Sal Petr\u00f3leo S.A (PPSA). Neste caso, cada contrato pode gerar uma receita\u00a0de R$ 100 bilh\u00f5es, segundo estimativas dos t\u00e9cnicos.<\/p>\n<p>Contudo, o plano do ministro da Economia, Paulo Guedes, em obter ao todo R$1 trilh\u00e3o\u00a0de reais com as privatiza\u00e7\u00f5es enfrenta dificuldades no Congresso. T\u00e9cnicos da equipe\u00a0econ\u00f4mica reclamam que os pol\u00edticos \u201csentaram em cima\u201d dos projetos.<\/p>\n<p>O impasse gerou um embate entre Guedes e o presidente da C\u00e2mara dos Deputados,\u00a0Rodrigo Maia (DEM-RJ). O ministro disse que Maia teria se aliado aos partidos da\u00a0oposi\u00e7\u00e3o contra as privatiza\u00e7\u00f5es. Ele reagiu e chamou o ministro de desequilibrado. Os\u00a0dois fizeram as pazes em um jantar organizado por apoiadores na segunda-feira.<\/p>\n<p>Segundo interlocutores de Guedes, a estrat\u00e9gia \u00e9 aprovar pelo menos o fim do monop\u00f3lio\u00a0dos Correios este ano e acelerar outros projetos. A equipe econ\u00f4mica alega que pretende\u00a0usar parte dos recursos das privatiza\u00e7\u00f5es para criar um fundo de investimento em\u00a0infraestrutura, o que seria um aceno a governadores e prefeitos, e parte em programas\u00a0sociais.<\/p>\n<p>A ideia seria \u201ctransferir riqueza\u201d das estatais para o povo, o chamado \u201cdividendo social\u201d.\u00a0Essa seria uma resposta aos pol\u00edticos que dizem que as estatais s\u00e3o do povo e, por isso,\u00a0n\u00e3o podem ser vendidas. Por Geralda Doca e Eduardo Campos, O Globo.<\/p>\n<\/div>\n<div style=\"text-align: justify;\">\n<h1><strong>&#8216;Clique e Retire&#8217; dos Correios agora est\u00e1 em\u00a0<\/strong><strong>todas as ag\u00eancias<\/strong><\/h1>\n<p>Tecmundo<br \/>\n07\/10\/2020<\/p>\n<p><img decoding=\"async\" class=\"aligncenter\" src=\"http:\/\/assets.mktnaweb.com\/accounts\/2014\/10\/21\/39849\/pictures\/1104\/original_Net_0810_2.jpg?1602162515\" alt=\"\" width=\"600\" \/><a href=\"https:\/\/adcap.org.br\/wp-content\/uploads\/Net-0810-2.jpg\" data-rel=\"penci-gallery-image-content\" ><img decoding=\"async\" loading=\"lazy\" class=\"aligncenter size-full wp-image-14821\" src=\"https:\/\/adcap.org.br\/wp-content\/uploads\/Net-0810-2.jpg\" alt=\"\" width=\"720\" height=\"514\" srcset=\"https:\/\/adcap.org.br\/wp-content\/uploads\/Net-0810-2.jpg 720w, https:\/\/adcap.org.br\/wp-content\/uploads\/Net-0810-2-300x214.jpg 300w, https:\/\/adcap.org.br\/wp-content\/uploads\/Net-0810-2-585x418.jpg 585w\" sizes=\"(max-width: 720px) 100vw, 720px\" \/><\/a><\/p>\n<p>Os\u00a0<strong>Correios\u00a0<\/strong>v\u00e3o ampliar o recurso Clique e Retire, possibilitando o uso do CEP de uma ag\u00eancia pr\u00f3xima de casa (mesmo que ela n\u00e3o ofere\u00e7a diretamente o servi\u00e7o) como endere\u00e7o de recebimento de compras feitas pela internet. O servi\u00e7o atende principalmente quem mora em casa e est\u00e1 ausente durante o hor\u00e1rio comercial.<\/p>\n<p>Segundo os Correios em comunicado, \u201co objetivo da mudan\u00e7a \u00e9 fornecer ao usu\u00e1rio a possibilidade de optar por esta modalidade de entrega independentemente da oferta e da integra\u00e7\u00e3o do site em que realizar a compra. Cada ag\u00eancia ter\u00e1 um c\u00f3digo postal espec\u00edfico para recebimento dos objetos, a ser informado pelo cliente\u201d.<\/p>\n<p>Quando a encomenda chegar na ag\u00eancia indicada, o usu\u00e1rio receber\u00e1 um aviso por SMS. A encomenda dever\u00e1 ser retirada em at\u00e9 sete dias; se o comprador n\u00e3o puder buscar o que comprou, poder\u00e1 autorizar outra pessoa ou mesmo uma empresa a faz\u00ea-lo (o modelo para pessoa f\u00edsica est\u00e1 aqui e o de pessoa jur\u00eddica, aqui).<\/p>\n<p>At\u00e9 agora, o recurso Clique e Retire somente podia ser usado quando oferecido pela loja online \u2013 para que isso acontecesse, o neg\u00f3cio precisava estar integrado ao sistema Correios WebServices. Com a mudan\u00e7a, quem comprar pela internet ter\u00e1 \u00e0 disposi\u00e7\u00e3o todas as 6,7 mil ag\u00eancias de Correios no Brasil, incluindo aquelas que funcionam em hor\u00e1rio estendido.<\/p>\n<p>No vizinho ou na ag\u00eancia<br \/>\nA novidade come\u00e7a a ser implementada esta semana, sem custos adicionais, independentemente da forma de envio (PAC ou SEDEX). A estatal ainda n\u00e3o divulgou a lista de CEPs especiais das ag\u00eancias para o recebimento de encomendas.<\/p>\n<p>Os Correios ainda v\u00e3o manter a outra forma de recebimento de encomendas, a popular Entrega no Vizinho (quem mora em frente ou a duas casas de dist\u00e2ncia; no caso de pr\u00e9dio, qualquer apartamento no mesmo edif\u00edcio). Para isso, basta que o remetente escreva na etiqueta de endere\u00e7amento (fornecida pela estatal) quem pode receber o pacote.<\/p>\n<p>&nbsp;<\/p>\n<p><big>\u00a0<\/big><\/p>\n<\/div>\n<p style=\"text-align: right;\"><big><strong>Dire\u00e7\u00e3o Nacional da ADCAP.<\/strong><\/big><\/p>\n","protected":false},"excerpt":{"rendered":"<p>Correios terceiriza servi\u00e7o de distribui\u00e7\u00e3o de\u00a0encomendas Bom Dia DF 8 out 2020 Mais de duas semanas depois do fim da greve dos funcion\u00e1rios dos\u00a0Correios, ainda tem muita gente reclamando da&hellip;<\/p>\n","protected":false},"author":1,"featured_media":0,"comment_status":"closed","ping_status":"closed","sticky":false,"template":"","format":"standard","meta":{"_editorskit_title_hidden":false,"_editorskit_reading_time":0,"_editorskit_is_block_options_detached":false,"_editorskit_block_options_position":"{}","footnotes":""},"categories":[3,43],"tags":[],"aioseo_notices":[],"_links":{"self":[{"href":"https:\/\/adcap.org.br\/index.php\/wp-json\/wp\/v2\/posts\/14823"}],"collection":[{"href":"https:\/\/adcap.org.br\/index.php\/wp-json\/wp\/v2\/posts"}],"about":[{"href":"https:\/\/adcap.org.br\/index.php\/wp-json\/wp\/v2\/types\/post"}],"author":[{"embeddable":true,"href":"https:\/\/adcap.org.br\/index.php\/wp-json\/wp\/v2\/users\/1"}],"replies":[{"embeddable":true,"href":"https:\/\/adcap.org.br\/index.php\/wp-json\/wp\/v2\/comments?post=14823"}],"version-history":[{"count":0,"href":"https:\/\/adcap.org.br\/index.php\/wp-json\/wp\/v2\/posts\/14823\/revisions"}],"wp:attachment":[{"href":"https:\/\/adcap.org.br\/index.php\/wp-json\/wp\/v2\/media?parent=14823"}],"wp:term":[{"taxonomy":"category","embeddable":true,"href":"https:\/\/adcap.org.br\/index.php\/wp-json\/wp\/v2\/categories?post=14823"},{"taxonomy":"post_tag","embeddable":true,"href":"https:\/\/adcap.org.br\/index.php\/wp-json\/wp\/v2\/tags?post=14823"}],"curies":[{"name":"wp","href":"https:\/\/api.w.org\/{rel}","templated":true}]}}