{"id":14759,"date":"2020-09-23T19:12:21","date_gmt":"2020-09-23T19:12:21","guid":{"rendered":"https:\/\/adcap.org.br\/?p=14759"},"modified":"2020-09-23T19:12:21","modified_gmt":"2020-09-23T19:12:21","slug":"adcap-envia-correspondencia-a-ministros-do-tst","status":"publish","type":"post","link":"https:\/\/adcap.org.br\/index.php\/adcap-envia-correspondencia-a-ministros-do-tst\/","title":{"rendered":"ADCAP envia correspond\u00eancia a ministros do TST"},"content":{"rendered":"<p class=\"x_MsoPlainText\" style=\"text-align: justify;\">A ADCAP encaminhou nesta data carta aos ministros K\u00e1tia Magalh\u00e3es Arruda, Maur\u00edcio Godinho Delgado e Luiz Philipe Vieira de Mello Filho, a respeito do julgamento ocorrido na sess\u00e3o telepresencial do dia 21\/09\/2020.<\/p>\n<p class=\"x_MsoPlainText\" style=\"text-align: justify;\">A sess\u00e3o pode ser assistida no seguinte link:\u00a0<a href=\"https:\/\/www.youtube.com\/watch?v=oVXZ4-hxNIs\" target=\"_blank\" rel=\"noopener noreferrer\">https:\/\/www.youtube.com\/watch?v=oVXZ4-hxNIs<\/a><\/p>\n<p class=\"x_MsoPlainText\" style=\"text-align: justify;\">As cartas enviadas est\u00e3o transcritas a seguir.<\/p>\n<p style=\"text-align: center;\"><a href=\"https:\/\/adcap.org.br\/wp-content\/uploads\/ct-1.jpg\" data-rel=\"penci-gallery-image-content\" ><img decoding=\"async\" loading=\"lazy\" class=\"aligncenter size-full wp-image-14758\" src=\"https:\/\/adcap.org.br\/wp-content\/uploads\/ct-1.jpg\" alt=\"\" width=\"728\" height=\"876\" srcset=\"https:\/\/adcap.org.br\/wp-content\/uploads\/ct-1.jpg 728w, https:\/\/adcap.org.br\/wp-content\/uploads\/ct-1-249x300.jpg 249w, https:\/\/adcap.org.br\/wp-content\/uploads\/ct-1-585x704.jpg 585w\" sizes=\"(max-width: 728px) 100vw, 728px\" \/><\/a><\/p>\n<p style=\"text-align: center;\"><a href=\"https:\/\/adcap.org.br\/wp-content\/uploads\/ct-2.jpg\" data-rel=\"penci-gallery-image-content\" ><img decoding=\"async\" loading=\"lazy\" class=\"aligncenter size-full wp-image-14756\" src=\"https:\/\/adcap.org.br\/wp-content\/uploads\/ct-2.jpg\" alt=\"\" width=\"730\" height=\"902\" srcset=\"https:\/\/adcap.org.br\/wp-content\/uploads\/ct-2.jpg 730w, https:\/\/adcap.org.br\/wp-content\/uploads\/ct-2-243x300.jpg 243w, https:\/\/adcap.org.br\/wp-content\/uploads\/ct-2-585x723.jpg 585w\" sizes=\"(max-width: 730px) 100vw, 730px\" \/><\/a><\/p>\n<p>&nbsp;<\/p>\n<p>&nbsp;<\/p>\n<p style=\"text-align: center;\"><a href=\"https:\/\/adcap.org.br\/wp-content\/uploads\/ct-3.jpg\" data-rel=\"penci-gallery-image-content\" ><img decoding=\"async\" loading=\"lazy\" class=\"aligncenter size-full wp-image-14757\" src=\"https:\/\/adcap.org.br\/wp-content\/uploads\/ct-3.jpg\" alt=\"\" width=\"729\" height=\"890\" srcset=\"https:\/\/adcap.org.br\/wp-content\/uploads\/ct-3.jpg 729w, https:\/\/adcap.org.br\/wp-content\/uploads\/ct-3-246x300.jpg 246w, https:\/\/adcap.org.br\/wp-content\/uploads\/ct-3-585x714.jpg 585w\" sizes=\"(max-width: 729px) 100vw, 729px\" \/><\/a><\/p>\n<p>&nbsp;<\/p>\n<p>&nbsp;<\/p>\n<p style=\"text-align: right;\"><strong>Dire\u00e7\u00e3o Nacional da ADCAP.<\/strong><\/p>\n<p>&nbsp;<\/p>\n","protected":false},"excerpt":{"rendered":"<p>A ADCAP encaminhou nesta data carta aos ministros K\u00e1tia Magalh\u00e3es Arruda, Maur\u00edcio Godinho Delgado e Luiz Philipe Vieira de Mello Filho, a respeito do julgamento ocorrido na sess\u00e3o telepresencial do&hellip;<\/p>\n","protected":false},"author":1,"featured_media":0,"comment_status":"closed","ping_status":"closed","sticky":false,"template":"","format":"standard","meta":{"_editorskit_title_hidden":false,"_editorskit_reading_time":0,"_editorskit_is_block_options_detached":false,"_editorskit_block_options_position":"{}","footnotes":""},"categories":[5,44],"tags":[],"aioseo_notices":[],"_links":{"self":[{"href":"https:\/\/adcap.org.br\/index.php\/wp-json\/wp\/v2\/posts\/14759"}],"collection":[{"href":"https:\/\/adcap.org.br\/index.php\/wp-json\/wp\/v2\/posts"}],"about":[{"href":"https:\/\/adcap.org.br\/index.php\/wp-json\/wp\/v2\/types\/post"}],"author":[{"embeddable":true,"href":"https:\/\/adcap.org.br\/index.php\/wp-json\/wp\/v2\/users\/1"}],"replies":[{"embeddable":true,"href":"https:\/\/adcap.org.br\/index.php\/wp-json\/wp\/v2\/comments?post=14759"}],"version-history":[{"count":0,"href":"https:\/\/adcap.org.br\/index.php\/wp-json\/wp\/v2\/posts\/14759\/revisions"}],"wp:attachment":[{"href":"https:\/\/adcap.org.br\/index.php\/wp-json\/wp\/v2\/media?parent=14759"}],"wp:term":[{"taxonomy":"category","embeddable":true,"href":"https:\/\/adcap.org.br\/index.php\/wp-json\/wp\/v2\/categories?post=14759"},{"taxonomy":"post_tag","embeddable":true,"href":"https:\/\/adcap.org.br\/index.php\/wp-json\/wp\/v2\/tags?post=14759"}],"curies":[{"name":"wp","href":"https:\/\/api.w.org\/{rel}","templated":true}]}}