{"id":14591,"date":"2020-09-04T19:07:53","date_gmt":"2020-09-04T19:07:53","guid":{"rendered":"https:\/\/adcap.org.br\/?p=14591"},"modified":"2020-09-17T21:56:28","modified_gmt":"2020-09-17T21:56:28","slug":"procuradoria-da-fazenda-nacional-comunica-correios-para-cumprir-decisao-sobre-isencao-do-ir-na-taxa-extra-do-postalis","status":"publish","type":"post","link":"https:\/\/adcap.org.br\/index.php\/procuradoria-da-fazenda-nacional-comunica-correios-para-cumprir-decisao-sobre-isencao-do-ir-na-taxa-extra-do-postalis\/","title":{"rendered":"Procuradoria da Fazenda Nacional comunica Correios para cumprir decis\u00e3o sobre isen\u00e7\u00e3o do IR na Taxa Extra do Postalis"},"content":{"rendered":"<p style=\"text-align: right;\">N\u00ba 110\u00a0\u2013 04\/09\/2020<\/p>\n<p style=\"text-align: center;\"><a href=\"https:\/\/adcap.org.br\/wp-content\/uploads\/IMG_7897.jpg\" data-rel=\"penci-gallery-image-content\" ><img decoding=\"async\" loading=\"lazy\" class=\"aligncenter size-full wp-image-14594\" src=\"https:\/\/adcap.org.br\/wp-content\/uploads\/IMG_7897.jpg\" alt=\"\" width=\"828\" height=\"459\" srcset=\"https:\/\/adcap.org.br\/wp-content\/uploads\/IMG_7897.jpg 828w, https:\/\/adcap.org.br\/wp-content\/uploads\/IMG_7897-300x166.jpg 300w, https:\/\/adcap.org.br\/wp-content\/uploads\/IMG_7897-768x426.jpg 768w, https:\/\/adcap.org.br\/wp-content\/uploads\/IMG_7897-585x324.jpg 585w\" sizes=\"(max-width: 828px) 100vw, 828px\" \/><\/a><\/p>\n<p>A Procuradoria da Fazenda Nacional comunicou por of\u00edcio ao POSTALIS e CORREIOS a decis\u00e3o que garante a isen\u00e7\u00e3o do IR sobre a taxa extra do POSTALIS, inclusive com rela\u00e7\u00e3o \u00e0 devolu\u00e7\u00e3o dos valores descontados no m\u00eas de julho.<\/p>\n<p style=\"text-align: justify;\">Os of\u00edcios da Receita Federal podem ser conhecidos nos link a seguir:<\/p>\n<p style=\"text-align: justify;\"><strong><a href=\"https:\/\/adcap.org.br\/wp-content\/uploads\/Of%C3%ADcio-SEI-212862-2020-ME1.pdf\" target=\"_blank\" rel=\"noopener noreferrer\">OF\u00cdCIO SEI N\u00ba 212862\/2020\/ME<\/a><\/strong><\/p>\n<p style=\"text-align: justify;\"><a href=\"https:\/\/adcap.org.br\/wp-content\/uploads\/Of%C3%ADcio-SEI-212820-2020-ME1.pdf\" target=\"_blank\" rel=\"noopener noreferrer\"><strong>OF\u00cdCIO SEI N\u00ba 212820\/2020\/ME<\/strong><\/a><\/p>\n<p style=\"text-align: right;\"><big><strong>Dire\u00e7\u00e3o Nacional da ADCAP.<\/strong><\/big><\/p>\n","protected":false},"excerpt":{"rendered":"<p>N\u00ba 110\u00a0\u2013 04\/09\/2020 A Procuradoria da Fazenda Nacional comunicou por of\u00edcio ao POSTALIS e CORREIOS a decis\u00e3o que garante a isen\u00e7\u00e3o do IR sobre a taxa extra do POSTALIS, inclusive&hellip;<\/p>\n","protected":false},"author":1,"featured_media":0,"comment_status":"closed","ping_status":"closed","sticky":false,"template":"","format":"standard","meta":{"_editorskit_title_hidden":false,"_editorskit_reading_time":0,"_editorskit_is_block_options_detached":false,"_editorskit_block_options_position":"{}","footnotes":""},"categories":[150],"tags":[],"aioseo_notices":[],"_links":{"self":[{"href":"https:\/\/adcap.org.br\/index.php\/wp-json\/wp\/v2\/posts\/14591"}],"collection":[{"href":"https:\/\/adcap.org.br\/index.php\/wp-json\/wp\/v2\/posts"}],"about":[{"href":"https:\/\/adcap.org.br\/index.php\/wp-json\/wp\/v2\/types\/post"}],"author":[{"embeddable":true,"href":"https:\/\/adcap.org.br\/index.php\/wp-json\/wp\/v2\/users\/1"}],"replies":[{"embeddable":true,"href":"https:\/\/adcap.org.br\/index.php\/wp-json\/wp\/v2\/comments?post=14591"}],"version-history":[{"count":0,"href":"https:\/\/adcap.org.br\/index.php\/wp-json\/wp\/v2\/posts\/14591\/revisions"}],"wp:attachment":[{"href":"https:\/\/adcap.org.br\/index.php\/wp-json\/wp\/v2\/media?parent=14591"}],"wp:term":[{"taxonomy":"category","embeddable":true,"href":"https:\/\/adcap.org.br\/index.php\/wp-json\/wp\/v2\/categories?post=14591"},{"taxonomy":"post_tag","embeddable":true,"href":"https:\/\/adcap.org.br\/index.php\/wp-json\/wp\/v2\/tags?post=14591"}],"curies":[{"name":"wp","href":"https:\/\/api.w.org\/{rel}","templated":true}]}}