{"id":14507,"date":"2020-08-19T14:34:47","date_gmt":"2020-08-19T14:34:47","guid":{"rendered":"https:\/\/adcap.org.br\/?p=14507"},"modified":"2020-08-19T14:34:47","modified_gmt":"2020-08-19T14:34:47","slug":"adcap-net-19-08-2020-greve-comercio-eletronico-e-operacao-greenfield-x-bny-mellon-veja-mais","status":"publish","type":"post","link":"https:\/\/adcap.org.br\/index.php\/adcap-net-19-08-2020-greve-comercio-eletronico-e-operacao-greenfield-x-bny-mellon-veja-mais\/","title":{"rendered":"Adcap Net 19\/08\/2020 &#8211; Greve, Com\u00e9rcio Eletr\u00f4nico e Opera\u00e7\u00e3o Greenfield x BNY Mellon &#8211; Veja mais!"},"content":{"rendered":"<h1 style=\"text-align: justify;\"><strong>Projeto que p\u00f5e fim ao monop\u00f3lio postal dos\u00a0<\/strong><strong>Correios deve ser enviado nas pr\u00f3ximas\u00a0<\/strong><strong>semanas<\/strong><\/h1>\n<p style=\"text-align: justify;\">Informa\u00e7\u00e3o foi dada pela secret\u00e1ria do PPI, Martha Seillier; segundo ela, medida \u00e9 necess\u00e1ria para privatizar Correios. Funcion\u00e1rios da estatal entraram em greve e s\u00e3o contra privatiza\u00e7\u00e3o.<\/p>\n<p style=\"text-align: justify;\">G1<br \/>\n18\/08\/2020<\/p>\n<p style=\"text-align: justify;\">A secret\u00e1ria do Programa de Parcerias de Investimentos (PPI) do Minist\u00e9rio da Economia, Martha Seillier, afirmou nesta ter\u00e7a-feira (18) que o governo federal deve encaminhar nas pr\u00f3ximas semanas um projeto ao Congresso Nacional para acabar com o monop\u00f3lio dos <strong>Correios <\/strong>nos servi\u00e7os postais.<\/p>\n<p style=\"text-align: justify;\">Martha Seillier deu a informa\u00e7\u00e3o ao participar de uma videoconfer\u00eancia, organizada por uma institui\u00e7\u00e3o financeira. Segundo a secret\u00e1ria, o envio do projeto \u00e9 um dos passos para o processo de privatiza\u00e7\u00e3o dos Correios.<\/p>\n<p style=\"text-align: justify;\">&#8220;O governo est\u00e1 trabalhando junto o ministro F\u00e1bio Faria [Comunica\u00e7\u00f5es] e com o Minist\u00e9rio da Economia na finaliza\u00e7\u00e3o desse projeto de lei para encaminhar ao Congresso Nacional uma regulamenta\u00e7\u00e3o de como esse servi\u00e7o pode vir a ser prestado por um parceiro privado ou por alguns parceiros privados&#8221;, declarou.<\/p>\n<p style=\"text-align: justify;\">&#8220;Esse projeto deve seguir [ao Legislativo], esperamos, nas pr\u00f3ximas semanas&#8221;, acrescentou.<\/p>\n<p style=\"text-align: justify;\">Os Correios est\u00e3o na lista de estatais a serem privatizadas. O Minist\u00e9rio da Economia aponta como motivos para privatiza\u00e7\u00e3o: corrup\u00e7\u00e3o, interfer\u00eancias pol\u00edticas na gest\u00e3o da empresa, inefici\u00eancia, greves constantes e perda de mercado para empresas privadas na entrega de mercadorias vendidas pela internet.<\/p>\n<p style=\"text-align: justify;\">Nos estudos para a venda da estatal, o Minist\u00e9rio da Economia aponta o rombo de R$ 11 bilh\u00f5es no fundo de pens\u00e3o dos funcion\u00e1rios, o Postalis.<\/p>\n<p style=\"text-align: justify;\">Al\u00e9m disso, o Postal Sa\u00fade, o plano que atende aos funcion\u00e1rios, tem um rombo de R$ 3,9 bilh\u00f5es.<\/p>\n<p style=\"text-align: justify;\">Greve<br \/>\nNesta segunda-feira (17), a Federa\u00e7\u00e3o Nacional dos Trabalhadores em Empresas dos Correios e Similares (FENTECT) decidiu entrar em greve.<\/p>\n<p style=\"text-align: justify;\">Segundo a entidade, n\u00e3o h\u00e1 prazo para o fim da paralisa\u00e7\u00e3o. De acordo com a federa\u00e7\u00e3o, os grevistas s\u00e3o contra a privatiza\u00e7\u00e3o da estatal, reclamam do que chamam de &#8220;neglig\u00eancia com a sa\u00fade dos trabalhadores&#8221; na pandemia e pedem que direitos trabalhistas sejam garantidos.<\/p>\n<p style=\"text-align: justify;\">Investimentos em infraestrutura<br \/>\nA secret\u00e1ria especial do PPI do Minist\u00e9rio da Economia tamb\u00e9m afirmou que o pa\u00eds, para continuar crescendo, precisa de investimentos em infraestrutura.<\/p>\n<p style=\"text-align: justify;\">&#8220;E sabemos que eles n\u00e3o vir\u00e3o do lado p\u00fablico do or\u00e7amento. Mesmo antes da crise do coronav\u00edrus, o or\u00e7amento de infraestrutura total [da Uni\u00e3o] n\u00e3o ultrapassava R$ 20 bilh\u00f5es para este ano&#8221;, acrescentou ela.<\/p>\n<p style=\"text-align: justify;\">De acordo com Martha Seillier, como h\u00e1 &#8220;muita demanda&#8221; por investimentos em infraestrutura no pa\u00eds, o desafio &#8220;gigantesco&#8221; \u00e9 realizar essa substitui\u00e7\u00e3o por recursos privados.<\/p>\n<p style=\"text-align: justify;\">Segundo ela, o trabalho para substitui\u00e7\u00e3o dos investimentos p\u00fablicos por privados n\u00e3o &#8220;supre&#8221; a press\u00e3o existente por mais recursos or\u00e7ament\u00e1rios. &#8220;Por isso a gente assiste todos os dias essas disputas na imprensa. \u00c9 natural essa demanda da popula\u00e7\u00e3o por servi\u00e7os e a dificuldade em avan\u00e7ar com parcerias em algumas \u00e1reas&#8221;, avaliou.<\/p>\n<p style=\"text-align: justify;\">Nesta segunda-feira, o ministro da Economia, Paulo Guedes, afirmou que o governo vai fazer remanejamento de recursos a fim de criar as condi\u00e7\u00f5es para que sejam feitos investimentos p\u00fablicos sem &#8220;furar&#8221; o teto de gastos (regra que limita o crescimento das despesas da Uni\u00e3o).<\/p>\n<p style=\"text-align: justify;\">Para o diretor-executivo da Institui\u00e7\u00e3o Fiscal Independente (IFI), \u00f3rg\u00e3o ligado ao Senado Federal, Felipe Salto, a manobra fiscal poderia abrir uma esp\u00e9cie de \u201ccaixa de pandora\u201d, em refer\u00eancia ao artefato que, segundo a mitologia grega, continha todos os males do mundo. &#8220;Se voc\u00ea come\u00e7a a fazer esse tipo de contabilidade, que pode at\u00e9 come\u00e7ar a ensejar discuss\u00f5es, como a gente teve no passado, de contabilidade criativa, isso come\u00e7a a ser um caminho perigoso\u201d, afirmou, em entrevista \u00e0 GloboNews.<\/p>\n<h1 style=\"text-align: justify;\"><strong>Entrega no prazo cai na pandemia e Correios\u00a0<\/strong><strong>t\u00eam alta em reclama\u00e7\u00f5es<\/strong><\/h1>\n<p style=\"text-align: justify;\">Estatal pagou pelo menos R$ 782 milh\u00f5es em indeniza\u00e7\u00f5es por extravios desde 2016<\/p>\n<p style=\"text-align: justify;\">Valor<br \/>\n19\/08\/2020<\/p>\n<p style=\"text-align: justify;\">O principal indicador de qualidade dos <strong>Correios<\/strong>, que enfrentam greve\u00a0desde ontem, sofreu um tombo desde o in\u00edcio da pandemia. A queda\u00a0coincide com o crescimento do com\u00e9rcio eletr\u00f4nico no per\u00edodo. O\u00a0\u00cdndice de Entrega no Prazo (IEP), criado para medir atrasos e extravios nos servi\u00e7os postais, estava em 97,16% em janeiro &#8211; perto dos n\u00edveis\u00a0mais altos j\u00e1 atingidos &#8211; e foi diminuindo at\u00e9 chegar a 92,16% em junho.<\/p>\n<p style=\"text-align: justify;\">Paralelamente, h\u00e1 uma acelera\u00e7\u00e3o das reclama\u00e7\u00f5es de clientes. O\u00a0sistema nacional de defesa do consumidor do Minist\u00e9rio da Justi\u00e7a, que\u00a0re\u00fane queixas protocoladas nos Procons estaduais, somava 5.457\u00a0atendimentos relacionados aos Correios at\u00e9 ontem. Esse n\u00famero\u00a0supera o que foi registrado ao longo de todo o ano passado (4.890) e,\u00a0mantido o ritmo at\u00e9 dezembro, poderia se aproximar do recorde\u00a0verificado em 2018 (10.120 reclama\u00e7\u00f5es).<\/p>\n<p style=\"text-align: justify;\">Os dados foram obtidos pelo Valor em relat\u00f3rio de auditoria do\u00a0Tribunal de Contas da Uni\u00e3o (TCU), por meio da Lei de Acesso \u00e0\u00a0Informa\u00e7\u00e3o e a partir de consultas \u00e0 pr\u00f3pria estatal. Eles demostram\u00a0ainda que, nos \u00faltimos quatro anos e meio (desde 2016), houve<br \/>\npagamentos de pelo menos R$ 782 milh\u00f5es em indeniza\u00e7\u00e3o a clientes\u00a0por extravio de objetos postados.<\/p>\n<p style=\"text-align: justify;\">Os trabalhadores dos Correios entraram em greve, por tempo\u00a0indeterminado, como protesto pelo corte de benef\u00edcios \u201cextra-CLT\u201d.\u00a0Segundo a estatal, ontem houve ades\u00e3o de cerca de 15% dos quase\u00a0100 mil empregados em todo o Brasil. A diretoria da estatal pretende\u00a0economizar R$ 600 milh\u00f5es anuais com a retirada de 70 cl\u00e1usulas do\u00a0acordo coletivo, incluindo adicional de 70% do sal\u00e1rio nas f\u00e9rias, 180\u00a0dias de licen\u00e7a-maternidade, vale-peru (um t\u00edquete de alimenta\u00e7\u00e3o no\u00a0valor aproximado de R$ 1 mil em dezembro) e at\u00e9 distribui\u00e7\u00e3o\u00a0obrigat\u00f3ria de acess\u00f3rios como joelheiras ou meias de compress\u00e3o.<\/p>\n<p style=\"text-align: justify;\">Com base na paralisa\u00e7\u00e3o de 2017, que afetou 30% das \u00e1reas\u00a0operacionais, os Correios estimam que cada dia de greve tem impacto\u00a0financeiro da ordem de R$ 5 milh\u00f5es, al\u00e9m de desgaste de imagem e\u00a0potencial perda de contratos com clientes corporativos.<\/p>\n<p style=\"text-align: justify;\">\u201c\u00c9 um tiro no p\u00e9\u201d, afirma o deputado federal Vinicius Poit (Novo-SP), um\u00a0dos mais engajados defensores, na C\u00e2mara, da privatiza\u00e7\u00e3o dos\u00a0Correios. Ele lembra que, enquanto grandes grupos de com\u00e9rcio\u00a0eletr\u00f4nico e de log\u00edstica investem bilh\u00f5es de reais em frota pr\u00f3pria e\u00a0melhorias na capacidade de entrega das encomendas, a estatal\u00a0enfrenta aumento das reclama\u00e7\u00f5es e sequ\u00eancias de preju\u00edzos.<\/p>\n<p style=\"text-align: justify;\">\u201cH\u00e1 alguma coisa de muito errado numa empresa que det\u00e9m o\u00a0monop\u00f3lio de servi\u00e7os postais e d\u00e9ficits na opera\u00e7\u00e3o\u201d, diz Poit. \u201c\u00c9\u00a0preciso derrubar o mito de que pequenos munic\u00edpios v\u00e3o ficar\u00a0desatendidos se houver a privatiza\u00e7\u00e3o. Se chega at\u00e9 Coca-cola e papel\u00a0higi\u00eanico em qualquer lugar do pa\u00eds, o mercado se ajusta.\u201d<\/p>\n<p style=\"text-align: justify;\">Para ele, a depender da extens\u00e3o da greve, o controle privado dos\u00a0Correios pode at\u00e9 angariar mais apoio no Congresso Nacional. \u201cA\u00a0resist\u00eancia hoje est\u00e1 principalmente no Centr\u00e3o, que faz o governo de\u00a0ref\u00e9m\u201d, acrescenta.<\/p>\n<p style=\"text-align: justify;\">Os trabalhadores, que tamb\u00e9m protestam contra a proposta de\u00a0reajuste salarial zero, discordam. \u201cO governo Bolsonaro busca, a\u00a0qualquer custo, vender um dos grandes patrim\u00f4nios dos brasileiros\u201d,\u00a0diz Jos\u00e9 Rivaldo da Silva, secret\u00e1rio-geral da Fentect, federa\u00e7\u00e3o que\u00a0congrega 31 sindicatos regionais e estima em 70% a ades\u00e3o \u00e0 greve\u00a0nesta ter\u00e7a-feira.<\/p>\n<p style=\"text-align: justify;\">A Fentect afirma que os Correios t\u00eam tido \u201ca\u00e7\u00e3o negacionista\u201d na\u00a0pandemia, recusando-se a fornecer dados sobre funcion\u00e1rios\u00a0contaminados e mortos pela covid-19, al\u00e9m de n\u00e3o garantir\u00a0equipamentos de prote\u00e7\u00e3o e afastamento de empregados nos grupos\u00a0de risco.<\/p>\n<p style=\"text-align: justify;\">O sindicalista acredita que a retirada s\u00fabita de benef\u00edcios \u00e9 uma\u00a0tentativa de avan\u00e7ar na venda da empresa. \u201cSomos respons\u00e1veis por\u00a0um dos servi\u00e7os essenciais do pa\u00eds, que conta com lucro comprovado e\u00a0com \u00e1reas como atendimento ao e-commerce, que cresce\u00a0vertiginosamente e funciona como importante meio para alavancar a\u00a0economia. Privatizar \u00e9 impedir que milhares de pessoas possam ter\u00a0acesso a esse servi\u00e7o nos rinc\u00f5es do pa\u00eds, de Norte a Sul, com custo\u00a0muito inferior aos aplicados por outras empresas\u201d, afirma Jos\u00e9 Rivaldo.<\/p>\n<p style=\"text-align: justify;\">Os Correios garantem que est\u00e3o implementando \u201cmedidas cada vez\u00a0mais exigentes de sanitiza\u00e7\u00e3o\u201d e destacam o fato de ter mantido\u00a0efic\u00e1cia superior a 90% nos prazos de entrega, al\u00e9m de queda de 40%\u00a0nas reclama\u00e7\u00f5es recebidas por canais pr\u00f3prios no ano passado. \u201cOs\u00a0impactos sofridos pela empresa s\u00e3o comuns aos correios do mundo\u00a0todo: a Uni\u00e3o Postal Universal relata que 124 pa\u00edses enfrentam\u00a0problemas com entregas, suspens\u00e3o na presta\u00e7\u00e3o de servi\u00e7os,\u00a0interrup\u00e7\u00e3o na aceita\u00e7\u00e3o de alguns servi\u00e7os, redu\u00e7\u00e3o na capacidade da\u00a0for\u00e7a de trabalho, em raz\u00e3o da pandemia\u201d, diz a empresa.<\/p>\n<h1 style=\"text-align: justify;\"><strong>Gigantes como Mercado Livre e Magalu\u00a0<\/strong><strong>driblam a depend\u00eancia dos Correios\u00a0<\/strong><\/h1>\n<p style=\"text-align: justify;\">A greve dos Correios pode afetar entregas no com\u00e9rcio eletr\u00f4nico, mas as gigantes varejistas desenvolveram nos \u00faltimos anos sua pr\u00f3pria estrutura log\u00edstica<\/p>\n<p style=\"text-align: justify;\">Exame<br \/>\n18\/08\/2020<\/p>\n<p style=\"text-align: justify;\">A pandemia e o aumento do com\u00e9rcio eletr\u00f4nico pressionaram toda a cadeia log\u00edstica \u2013 incluindo os trabalhadores dos <strong>Correios<\/strong>. Com aumento da demanda e sem medidas adequadas de prote\u00e7\u00e3o e higiene, cerca de 100.000 funcion\u00e1rios da estatal acabaram de decretar greve.<\/p>\n<p style=\"text-align: justify;\">A greve deve afetar as entregas no com\u00e9rcio eletr\u00f4nico, j\u00e1 que a estatal \u00e9 uma das maiores operadoras log\u00edsticas para as compras virtuais. As gigantes varejistas, no entanto, desenvolveram nos \u00faltimos anos sua pr\u00f3pria estrutura log\u00edstica, com integra\u00e7\u00e3o com suas lojas f\u00edsicas, dezenas de centros de distribui\u00e7\u00e3o em v\u00e1rios estados e at\u00e9 suas pr\u00f3prias startups e transportadoras. Como as empresas migraram para outras categorias de produtos al\u00e9m dos eletrodom\u00e9sticos, como moda e alimentos e bebidas, ter uma estrutura \u00e1gil \u00e9 essencial.<\/p>\n<p style=\"text-align: justify;\">Mais recentemente, passaram a realizar essa log\u00edstica tamb\u00e9m para seus parceiros de marketplace, servi\u00e7o que se intensificou com a pandemia \u2013 afinal, dezenas de milhares de pequenos lojistas se voltaram \u00e0s grandes plataformas para vender, com o fechamento tempor\u00e1rio de suas lojas f\u00edsicas. Essa estrutura aumenta a efici\u00eancia das varejistas e permite realizar entregas em uma fra\u00e7\u00e3o do tempo.<\/p>\n<p style=\"text-align: justify;\">Magazine Luiza<br \/>\nEm fun\u00e7\u00e3o dos novos h\u00e1bitos de consumo durante a pandemia, o com\u00e9rcio eletr\u00f4nico formal brasileiro cresceu 70,4% no segundo trimestre, segundo o E-bit. No Magazine Luiza, o com\u00e9rcio eletr\u00f4nico cresceu 182%, atingindo 6,7 bilh\u00f5es de reais e 78% das vendas totais no trimestre.<\/p>\n<p style=\"text-align: justify;\">Com o fechamento do com\u00e9rcio, o Magazine Luiza refor\u00e7ou sua estrat\u00e9gia de envios de produtos a partir das lojas. Com essa modalidade, cerca de 35% das entregas totais passaram a ser realizadas em at\u00e9 24 horas. Para entregar os produtos de mercado, uma das categorias de maior destaque no trimestre, mais de 700 das 1.100 lojas f\u00edsicas foram convertidas em pequenos estoques para essa categoria.<\/p>\n<p style=\"text-align: justify;\">O parceiro de entrega, a startup Logbee adquirida h\u00e1 dois anos, recolhe ent\u00e3o esses produtos nas lojas para levar \u00e0s casas dos consumidores.A Malha Luiza cresceu e passou a reunir 4.000 micro transportadores e motoristas da Logbee.<\/p>\n<p style=\"text-align: justify;\">Mercado Livre<br \/>\nO Mercado Livre, empresa mais valiosa da Am\u00e9rica Latina, chegou a 5 bilh\u00f5es de d\u00f3lares em produtos vendidos no segundo trimestre do ano. A rede gerenciada pela companhia em todos os pa\u00edses foi parte central para o crescimento do neg\u00f3cio de com\u00e9rcio eletr\u00f4nico e para a capacidade de lidar com o aumento da demanda na pandemia, diz a empresa em sua divulga\u00e7\u00e3o de resultados. Dessa forma, o Mercado Envios enviou 157,5 milh\u00f5es de itens no trimestre sem grandes problemas, alta de 124% em rela\u00e7\u00e3o ao mesmo per\u00edodo do ano passado. No Brasil, a companhia abriu 18 centros de sortimento, totalizando mais de 35.<\/p>\n<p style=\"text-align: justify;\">A maior parte dos itens s\u00e3o pagos pelo Mercado Envios, que tem uma ferramenta para c\u00e1lculo e pagamento do frete e que no Brasil trabalha em parceria com os Correios. A participa\u00e7\u00e3o do Envios \u00e9 de 96% nas entregas por aqui \u2013 no total, a fatia \u00e9 de 80%.<\/p>\n<p style=\"text-align: justify;\">Mais do que fazer a log\u00edstica de suas pr\u00f3prias entregas, as empresas est\u00e3o oferecendo esse servi\u00e7o tamb\u00e9m para os vendedores em suas plataformas de marketplace \u2013 gerenciando os estoques e envios a partir de seus pr\u00f3prios centros de distribui\u00e7\u00e3o. No Mercado Livre, empresa puramente voltada ao marketplace, esse servi\u00e7o chegou a 17% do total de envios no Brasil \u2013 chegando a 20% at\u00e9 o final de junho. Como consequ\u00eancia, as entregas no mesmo dia e no dia seguinte melhoraram. Al\u00e9m das ag\u00eancias de Correio, o Mercado Livre tem 1.300 lugares em que os vendedores podem depositar as suas encomendas.<\/p>\n<p style=\"text-align: justify;\">Via Varejo<br \/>\nA Via Varejo chegou a 5,1 bilh\u00f5es de reais em vendas totais no com\u00e9rcio eletr\u00f4nico. No segundo trimestre, as vendas online foram respons\u00e1veis por 70% do faturamento total. Para realizar essas entregas, a empresa passou de 60 para mais de 380 mini centros de log\u00edstica, que reduzem o tempo de entrega e cortaram mais de 50% no custo do \u00faltimo bra\u00e7o da log\u00edstica. O plano \u00e9 chegar a mais de 500 at\u00e9 o pr\u00f3ximo trimestre, com presen\u00e7a em todas as cidades em que a Via Varejo tem presen\u00e7a f\u00edsica.<\/p>\n<p style=\"text-align: justify;\">A empresa passou a lidar com mais de 70.000 pedidos por dia no trimestre \u2013 mais de duas vezes o total de pedidos processados por dia no quarto trimestre do ano passado, mesmo com a Black Friday e o Natal. A Asap Log, startup de log\u00edstica adquirida recentemente, n\u00e3o opera apenas as entregas da Via Varejo \u2013 10% de suas entregas s\u00e3o feitas para terceiros.<\/p>\n<p style=\"text-align: justify;\">A Via Varejo realizou uma oferta de a\u00e7\u00f5es para captar 4,4 bilh\u00f5es de reais \u2013 um ter\u00e7o desses recursos ser\u00e3o destinados \u00e0 tecnologia e \u00e0 log\u00edstica.<\/p>\n<p style=\"text-align: justify;\">B2W<br \/>\nA Lets, plataforma de entrega da B2W, faz 30% das entregas no mesmo dia e 58% das entregas em at\u00e9 48 horas, tanto para vendas pr\u00f3prias quanto para parceiros do com\u00e9rcio eletr\u00f4nico. A empresa \u00e9 dona da Americanas.com e Submarino.com.<\/p>\n<p style=\"text-align: justify;\">Para entregas ainda mais r\u00e1pidas, a empresa tem o ship from store para produtos de vendedores locais, que entrega em at\u00e9 2 horas produtos a partir de 4.000 Lojas Americanas ou lojas de vendedores parceiros.<\/p>\n<p style=\"text-align: justify;\">O consumidor tamb\u00e9m pode pedir para retirar seus produtos em 9.075 pontos em todo o Brasil. Essas parcerias incluem postos de conveni\u00eancia da BR Distribuidora, shoppings da BR Malls e Multiplan e 1.000 restaurantes do McDonald\u2019s.<\/p>\n<p style=\"text-align: justify;\">A partir de sua divis\u00e3o de log\u00edstica, a Let\u2019s, a B2W tem 17 centros de fulfillment em oito estados. Cerca de 908 vendedores tem seus estoques operados pela plataforma, atrav\u00e9s da qual todo o processo log\u00edstico, do estoque ao transporte e atendimento, \u00e9 operado pela B2W. A B2W tamb\u00e9m tem um servi\u00e7o de entregas no estilo Uber: a Ame Flash tem 20.000 entregadores independentes cadastrados em 700 cidades.<\/p>\n<h1 style=\"text-align: justify;\"><strong>Greve dos Correios: mais de 85% dos\u00a0<\/strong><strong>pequenos lojistas dependem dos servi\u00e7os<\/strong><\/h1>\n<p style=\"text-align: justify;\">Mercado e Consumo<br \/>\n19\/08\/2020<\/p>\n<p style=\"text-align: justify;\">Os funcion\u00e1rios dos <strong>Correios <\/strong>em todo o pa\u00eds entraram em greve na noite da \u00faltima segunda-feira (17), por tempo indeterminado. Com a paralisa\u00e7\u00e3o, pequenos e m\u00e9dios e-commerces podem ser afetados com o prazo do envio de seus produtos. De acordo com a Loja Integrada, plataforma de cria\u00e7\u00e3o de lojas virtuais, cerca de 86% dos lojistas utilizam os Correios como forma principal de frete, mas tamb\u00e9m utilizam transportadoras (28%) e motoboy (24%).<\/p>\n<p style=\"text-align: justify;\">Para Pedro Henrique Freitas, CEO da Loja Integrada, o ideal \u00e9 o lojista garantir parceria com v\u00e1rios tipos de entregas. \u201cA depend\u00eancia de um s\u00f3 servi\u00e7o pode prejudicar o sistema log\u00edstico do e-commerce. Hoje existem diversas transportadoras digitais com pre\u00e7os competitivos e qualidade de entrega. Minha dica \u00e9: tenha Correios, motoboy, transportadora, retirada em loja e quantas alternativas estiverem dispon\u00edveis\u201d, explica o executivo.<\/p>\n<p style=\"text-align: justify;\">O levantamento foi realizado com quase dois mil lojistas virtuais de todo o pa\u00eds durante os meses janeiro e fevereiro de 2020. O especialista listou algumas dicas para os empreendedores criarem um plano de a\u00e7\u00e3o:<\/p>\n<ol style=\"text-align: justify;\">\n<li>Avise aos clientes sobre a greve<\/li>\n<\/ol>\n<p style=\"text-align: justify;\">Por conta da paralisa\u00e7\u00e3o, provavelmente os \u00faltimos pedidos despachados ficar\u00e3o aguardando o envio, segundo Freitas. \u201cEscreva aos seus clientes informando sobre a greve e que o prazo de entrega ser\u00e1 maior do que o combinado\u201d.<\/p>\n<ol style=\"text-align: justify;\" start=\"2\">\n<li>Aumente o prazo de entrega<\/li>\n<\/ol>\n<p style=\"text-align: justify;\">Ainda n\u00e3o existe uma data para in\u00edcio e encerramento da greve, ent\u00e3o o executivo recomenda que o lojista aumente o prazo de entrega em cerca de sete dias.<\/p>\n<ol style=\"text-align: justify;\" start=\"3\">\n<li>Habilite forma alternativa de envio<\/li>\n<\/ol>\n<p style=\"text-align: justify;\">Segundo Freitas, h\u00e1 alternativas que integram outras transportadoras \u00e0 sua loja, como a Melhor Envio e a Uello (acima de 20 entregas por dia).<\/p>\n<p style=\"text-align: justify;\">Com informa\u00e7\u00f5es do portal E-commerce Brasil.<\/p>\n<h1 style=\"text-align: justify;\"><strong>Greve dos Correios exp\u00f5e depend\u00eancia\u00a0das\u00a0<\/strong><strong>empresas de com\u00e9rcio eletr\u00f4nico<\/strong><\/h1>\n<p style=\"text-align: justify;\">Mais de 150 mil lojas virtuais foram abertas durante a pandemia segundo a Associa\u00e7\u00e3o Brasileira de Com\u00e9rcio\u00a0Eletr\u00f4nico. Como n\u00e3o h\u00e1 e-commerce sem log\u00edstica de entregas, empresas buscam alternativas<\/p>\n<p style=\"text-align: justify;\">JC<br \/>\n18\/08\/2020<\/p>\n<p style=\"text-align: justify;\">A greve dos funcion\u00e1rios dos <strong>Correios <\/strong>iniciada na segunda-feira\u00a0(17), p\u00f5e em xeque o com\u00e9rcio eletr\u00f4nico, que vem apresentando\u00a0um bom desempenho desde o in\u00edcio da quarentena. Segundo\u00a0dados da Associa\u00e7\u00e3o Brasileira de Com\u00e9rcio Eletr\u00f4nico, ABComm,\u00a0foram abertas mais de 150 mil lojas virtuais desde o in\u00edcio do\u00a0isolamento social, por conta da pandemia do coronav\u00edrus. Ainda de\u00a0acordo com a associa\u00e7\u00e3o, seis milh\u00f5es de brasileiros zeram sua\u00a0primeira compra online durante o confinamento. E como n\u00e3o existe\u00a0com\u00e9rcio eletr\u00f4nico sem log\u00edstica de entrega, as empresas v\u00e3o\u00a0encontrando solu\u00e7\u00f5es alternativas para substituir a grande\u00a0capilaridade dos Correios.<\/p>\n<p style=\"text-align: justify;\">O casal Caetano Dias e Adriana Souza Melo montou h\u00e1 menos de\u00a0um m\u00eas a Juventus Cal\u00e7ados, uma loja virtual para vender sapatos\u00a0masculinos pelas redes sociais. O produto vem direto da f\u00e1brica,\u00a0em S\u00e3o Paulo, para a casa do casal, em Olinda, que serve de\u00a0dep\u00f3sito. As vendas j\u00e1 come\u00e7aram e s\u00e3o para todo o Pa\u00eds, mas a\u00a0log\u00edstica de entrega ainda representa um calo para a empresa.<\/p>\n<p style=\"text-align: justify;\">\u201cVimos que n\u00e3o d\u00e1 para depender apenas dos Correios. Agora\u00a0mesmo, segundo o rastreio, estou com uma mercadoria parada,\u00a0provavelmente por conta da greve\u201d, disse Caetano.<\/p>\n<p style=\"text-align: justify;\">A sa\u00edda para que a empresa n\u00e3o morra no nascedouro \u00e9 buscar\u00a0alternativas. \u201cTeremos que fazer um contrato com os Correios par\u00a0a\u00a0baratear os custos e, talvez, j\u00e1 incluir um seguro que cubra\u00a0poss\u00edveis extravios\u201d. Outro caminho, diz o empres\u00e1rio, \u00e9 oferecer\u00a0ao cliente v\u00e1rios tipos de remessa. \u201cO cliente vai decidir se quer receber pelos Correios, transportadora, ou at\u00e9 empresa a\u00e9rea. Ele\u00a0escolhe e paga o frete\u201d, pensa Caetano.<\/p>\n<p style=\"text-align: justify;\">ESTRUTURA<br \/>\nStefan Rehm, CEO da Intelipost, empresa de gest\u00e3o de fretes que diz Stefan. Ele reconhece que os Correios s\u00e3o a \u00fanica organiza\u00e7\u00e3o\u00a0que tem abrang\u00eancia em todos os mais de cinco mil munic\u00edpios do\u00a0Brasil, coisa que nenhuma transportadora tem. \u201cNa Europa e nos\u00a0Estados Unidos um e-commerce grande trabalha com duas ou tr\u00eas\u00a0transportadoras para entregar no Pa\u00eds inteiro. No Brasil, uma\u00a0empresa de mesmo porte precisa trabalhar com 20\u00a0transportadoras para prestar o mesmo tipo de servi\u00e7o\u201d.<\/p>\n<p style=\"text-align: justify;\">As\u00a0dimens\u00f5es continentais do Brasil e a infra-estrutura prec\u00e1ria, faz\u00a0com que aqui tudo seja mais complexo, analisou Stefan Rehm. O\u00a0executivo fala que outros players locais e nacionais est\u00e3o surgindo\u00a0e j\u00e1 s\u00e3o cerca de 100 transportadoras trabalhando diretamente\u00a0com e-commerce no Brasil.<\/p>\n<p style=\"text-align: justify;\">O Mercado Livre, um dos maiores market places da Am\u00e9rica\u00a0Latina, informou atrav\u00e9s de nota que vem investindo na amplia\u00e7\u00e3o\u00a0de sua malha log\u00edstica pr\u00f3pria. \u201cNo per\u00edodo de abril a junho deste\u00a0ano, a penetra\u00e7\u00e3o na rede gerenciada pelo Mercado Livre\u00a0ultrapassou pela primeira vez os 50%, atingindo 51,6%\u201d, informou a\u00a0nota. A empresa armou ainda que, atrav\u00e9s do Mercado Envios,\u00a0conseguiu entregar 157,5 milh\u00f5es de itens durante o trimestre\u00a0(abril a junho de 2020), representando um crescimento de 124,2%\u00a0em rela\u00e7\u00e3o ao ano anterior. No site da empresa, h\u00e1 um aviso para o\u00a0consumidor para alertar quando a entrega n\u00e3o \u00e9 feita pela rede\u00a0pr\u00f3pria: &#8221; O envio deste produto \u00e9 pelos Correios e, no momento,\u00a0eles est\u00e3o em greve. Por isso, a data de entrega \u00e9 mais longa do\u00a0que de costume. Desculpe&#8221;, diz o aviso.<\/p>\n<p style=\"text-align: justify;\">J\u00e1 os Correios informaram atrav\u00e9s de nota que a paralisa\u00e7\u00e3o de\u00a0seus empregados \u00e9 parcial e n\u00e3o vem afetando os servi\u00e7os de\u00a0atendimento da estatal. \u201cLevantamento parcial, realizado na manh\u00e3\u00a0desta ter\u00e7a-feira (18), mostra que 83% do efetivo total dos Correios\u00a0no Brasil est\u00e1 trabalhando regularmente\u201d, cita a nota. A empresa\u00a0diz ainda que j\u00e1 colocou em pr\u00e1tica medidas para minimizar os\u00a0impactos \u00e0 popula\u00e7\u00e3o como o deslocamento de empregados\u00a0administrativos para auxiliar na opera\u00e7\u00e3o; remanejamento de\u00a0ve\u00edculos e a realiza\u00e7\u00e3o de mutir\u00f5es. \u201cA rede de atendimento dos\u00a0Correios est\u00e1 aberta em todo o pa\u00eds e os servi\u00e7os, inclusive SEDEX\u00a0e PAC [de entrega de produtos], continuam sendo postados e\u00a0entregues em todos os munic\u00edpios\u201d, informou a empresa.<\/p>\n<h1 style=\"text-align: justify;\"><strong>FT Postalis: apreens\u00f5es da Opera\u00e7\u00e3o Rebate\u00a0<\/strong><strong>elucidar\u00e3o crimes contra fundo de pens\u00e3o<\/strong><\/h1>\n<p style=\"text-align: justify;\">Investiga\u00e7\u00f5es que levaram \u00e0 opera\u00e7\u00e3o contaram com duas dela\u00e7\u00f5es, relat\u00f3rios de intelig\u00eancia financeira e quebras de sigilos banc\u00e1rio e telem\u00e1tico<\/p>\n<p style=\"text-align: justify;\">MPF<br \/>\n18\/08\/2020<\/p>\n<p style=\"text-align: justify;\">A Opera\u00e7\u00e3o Rebate, deflagrada pela For\u00e7a-Tarefa <strong>Postalis<\/strong>, do Minist\u00e9rio P\u00fablico Federal, na ter\u00e7a-feira passada (11), realizou buscas em seis endere\u00e7os no Rio de Janeiro. O objetivo era reunir mais elementos que esclarecessem o conjunto de irregularidades cometidas contra o fundo de pens\u00e3o dos Correios, tais como crimes contra o sistema financeiro e lavagem de capitais. Foram alvo das buscas Jos\u00e9 Carlos Oliveira \u2013 conhecido como Zeca-, sua irm\u00e3, Beatriz Oliveira, m\u00e3e, Myriam Oliveira, a sede da empresa de Myriam, Mercatto Assessoria Empresarial, e tamb\u00e9m Marcus Vin\u00edcius Innoc\u00eancio. Os policiais apreenderam documentos, celulares, tablets e notebooks nos locais. Na casa da m\u00e3e de Zeca, foram encontrados R$50 mil em esp\u00e9cie.<\/p>\n<p style=\"text-align: justify;\">Al\u00e9m das medidas aplicadas durante as dilig\u00eancias, a For\u00e7a-Tarefa havia solicitado a pris\u00e3o de Zeca Oliveira. Principal alvo do esquema investigado, segundo os procuradores, a conduta era necess\u00e1ria por entenderem haver risco concreto de reitera\u00e7\u00e3o criminosa, bem como da pr\u00e1tica de mais lavagem de dinheiro. O MPF tamb\u00e9m desejava impedir a evas\u00e3o de Zeca Oliveira do pa\u00eds, j\u00e1 que ele possui cidadania portuguesa. A Justi\u00e7a discordou e indeferiu o pedido.<\/p>\n<p style=\"text-align: justify;\">As informa\u00e7\u00f5es que conduziram os procuradores at\u00e9 a Opera\u00e7\u00e3o Rebate foram obtidas a partir de duas dela\u00e7\u00f5es premiadas. Al\u00e9m disso, quebras telem\u00e1ticas, banc\u00e1rias e relat\u00f3rios de intelig\u00eancia financeira apontaram a ocorr\u00eancia das irregularidades.<\/p>\n<p style=\"text-align: justify;\">Os detalhes da opera\u00e7\u00e3o, como os nomes dos alvos e o pedido feito \u00e0 Justi\u00e7a pelo MPF, estavam em sigilo. O juiz da 12 \u00aa Vara de Justi\u00e7a federal, Marcus Vin\u00edcius Reis Bastos, autorizou a divulga\u00e7\u00e3o dos dados na \u00faltima quinta-feira (13).<\/p>\n<p style=\"text-align: justify;\">Entenda o caso \u2013 Jos\u00e9 Carlos Lopes Xavier de Oliveira, mais conhecido como Zeca Oliveira, foi diretor-presidente no BNY Mellon, no per\u00edodo em que aconteceram os investimentos irregulares aplicados pelo Postalis. O BNY era a institui\u00e7\u00e3o financeira que realizava a gest\u00e3o das aplica\u00e7\u00f5es do fundo. Zeca foi alvo da Opera\u00e7\u00e3o Pausare, em 2018, bem como denunciado em dois outros casos ajuizados pela FT Postalis.<\/p>\n<p style=\"text-align: justify;\">Quando os procuradores analisavam as quebras de sigilo banc\u00e1rio do ex-executivo, verificaram o registro de vultosas transfer\u00eancias e dep\u00f3sitos realizados por duas fontes: Mercatto Assessoria Empresarial e Marcus Vin\u00edcius Domingues Inoc\u00eancio. Somente dessas duas origens, Zeca recebeu, entre 2010 e 2014, mais de R$4,3 milh\u00f5es em valores hist\u00f3ricos.<\/p>\n<p style=\"text-align: justify;\">Diante da singularidade dos fatos, os investigadores identificaram que a Mercatto Assessoria pertence atualmente \u00e0 m\u00e3e de Zeca, mas tamb\u00e9m j\u00e1 foi registrada em nome dos seus irm\u00e3os. Para os procuradores, a empresa era utilizada para oculta\u00e7\u00e3o patrimonial e movimenta\u00e7\u00e3o de recursos de origem il\u00edcita. Marcus Vin\u00edcius, por sua vez, \u00e9 pessoa do mercado financeiro e propriet\u00e1rio da Solu\u00e7\u00e3o Investimentos, que realizou dep\u00f3sitos para o ex-presidente do banco e que recebeu mais de R$68 milh\u00f5es de institui\u00e7\u00f5es financeiras e fundos de investimento entre 2010 e 2015.<\/p>\n<p style=\"text-align: justify;\">Estava desenhada a suspeita que batizou o nome da opera\u00e7\u00e3o: Zeca, na fun\u00e7\u00e3o de presidente do BNY &#8211; institui\u00e7\u00e3o contratada pelo Postalis como administradora e controladora fiduci\u00e1ria do fundo \u2013 aplicava recursos da institui\u00e7\u00e3o cliente em fundos que tamb\u00e9m eram geridos pelo BNY. Os fundos pagavam, de volta para o banco e para outras empresas que tivessem atra\u00eddo o investimento, taxas com natureza de comiss\u00e3o. Por fim, era realizada de volta a transfer\u00eancia para Zeca ou para a Mercatto Assessoria. A empresa de Marcus Vin\u00edcius &#8211; Solu\u00e7\u00e3o Investimentos &#8211; era uma dessas intermediadoras dos desvios e se beneficiava do esquema.<\/p>\n<p style=\"text-align: justify;\">Conforme as investiga\u00e7\u00f5es avan\u00e7aram e a partir do cruzamento de informa\u00e7\u00f5es com dados revelados pelos colaboradores, a For\u00e7a-Tarefa teve autoriza\u00e7\u00e3o para fazer novas quebras, inclusive telem\u00e1ticas. Nesse contexto, os procuradores apuraram e-mails e movimenta\u00e7\u00f5es financeiras que atestaram os v\u00ednculos entre Zeca e a Solu\u00e7\u00f5es Investimentos, empresa de Marcus Vin\u00edcius. Tamb\u00e9m entre a Mercatto Assessoria e a Solu\u00e7\u00f5es, bem como transa\u00e7\u00f5es banc\u00e1rias envolvendo o s\u00f3cio de um dos delatores: Arthur Machado, denunciado pela Postalis em junho.<\/p>\n<p style=\"text-align: justify;\">As investiga\u00e7\u00f5es revelaram a grande proximidade que Zeca Oliveira tinha com os participantes do esquema. Os v\u00ednculos do investigado serviam para a pr\u00e1tica de il\u00edcitos diversos, dos quais se beneficiava financeiramente. Como exemplo, foi detectado que o ex-executivo recebeu v\u00e1rias benesses de Arthur Machado, tais como rel\u00f3gios, viagens, pagamentos de vantagens financeiras por meio de off shore, custeio de mais de R$320 mil para contrata\u00e7\u00e3o de advogados de defesa e inclusive um empr\u00e9stimo de R$635 mil para a aquisi\u00e7\u00e3o de um Porshe Cayenne, em 2011. Essa cifra retornou para Machado em 2012, por meio de pagamento feito pela Mercatto Assessoria. Por outro lado, o ex-presidente tamb\u00e9m beneficiou os outros participantes do plano. Somente em 2010, Zeca repassou mais de R$100 milh\u00f5es para Martin Cohen, Lyra e Arthur Machado, a pretexto de estar investindo no FIP ETB.<\/p>\n<p style=\"text-align: justify;\">Nessas rela\u00e7\u00f5es pr\u00f3ximas entre os investigados, a For\u00e7a-Tarefa tamb\u00e9m encontrou e-mail mostrando os meandros de um patroc\u00ednio fechado entre a Solu\u00e7\u00f5es Investimentos &#8211; empresa de Marcus Vin\u00edcius &#8211; e o Fluminense Football Club. Ficou provado que, apesar de o contrato e a responsabilidade pelos pagamentos serem em nome da Solu\u00e7\u00f5es, a logomarca a ser divulgada pelos atletas aqu\u00e1ticos do clube era do banco BNY. \u00c9 que Zeca \u00e9 torcedor e foi tamb\u00e9m jogador de polo aqu\u00e1tico pelo time tricolor.<\/p>\n<p style=\"text-align: justify;\">Quanto \u00e0 lavagem de dinheiro, os procuradores tiveram acesso a um Relat\u00f3rio de Intelig\u00eancia Financeira referente ao primeiro semestre de 2019. O documento informa que, somente nesse per\u00edodo, Zeca Oliveira adquiriu joias, pedras ou metais preciosos que custaram mais de R$45 milh\u00f5es e foram pagos em esp\u00e9cie. A pr\u00f3pria joalheria comunicou a movimenta\u00e7\u00e3o at\u00edpica. Para o MPF, esse tipo de aquisi\u00e7\u00e3o \u00e9 um forte indicativo de oculta\u00e7\u00e3o e lavagem de capitais. As joias n\u00e3o foram localizadas.<\/p>\n<p style=\"text-align: justify;\">A partir dos documentos apreendidos na opera\u00e7\u00e3o, a FT espera esclarecer o modo como as irregularidades foram praticadas, os pap\u00e9is de cada envolvido, bem como o tamanho dos preju\u00edzos provocados ao Postalis. O objetivo \u00e9 responsabilizar penal e civilmente cada um dos envolvidos.<\/p>\n<p style=\"text-align: justify;\">O processo tramita na Justi\u00e7a sob o n\u00famero 1030599-21.2020.4.01.3400.<br \/>\n<a href=\"http:\/\/www.mpf.mp.br\/df\/sala-de-imprensa\/docs\/pedido-principal-postalis\"><strong>\u00cdntegra do pedido principal<\/strong><\/a><\/p>\n<h1 style=\"text-align: justify;\"><strong>Entrevista do Vice-Presidente da ADCAP \u00e0\u00a0<\/strong><strong>R\u00e1dio 94 FM de Bauru<br \/>\n<\/strong><\/h1>\n<h1 style=\"text-align: justify;\"><a href=\"https:\/\/adcap.org.br\/wp-content\/uploads\/Net-1908-3.jpg\" data-rel=\"penci-gallery-image-content\" ><img decoding=\"async\" loading=\"lazy\" class=\"aligncenter size-medium wp-image-14508\" src=\"https:\/\/adcap.org.br\/wp-content\/uploads\/Net-1908-3-300x152.jpg\" alt=\"\" width=\"300\" height=\"152\" srcset=\"https:\/\/adcap.org.br\/wp-content\/uploads\/Net-1908-3-300x152.jpg 300w, https:\/\/adcap.org.br\/wp-content\/uploads\/Net-1908-3-768x388.jpg 768w, https:\/\/adcap.org.br\/wp-content\/uploads\/Net-1908-3-585x296.jpg 585w, https:\/\/adcap.org.br\/wp-content\/uploads\/Net-1908-3.jpg 944w\" sizes=\"(max-width: 300px) 100vw, 300px\" \/><\/a><\/h1>\n<p style=\"text-align: justify;\">Clique <strong><a href=\"https:\/\/adcap.org.br\/wp-content\/uploads\/Entrevista-Marcos-greve.mp3\">AQUI<\/a>\u00a0<\/strong>para ouvir.<\/p>\n<h1 style=\"text-align: justify;\">\n<strong>Correios entram em greve<\/strong><\/h1>\n<p style=\"text-align: justify;\">SBT Interior<br \/>\n18\/08\/2020<\/p>\n<p style=\"text-align: center;\"><a href=\"https:\/\/adcap.org.br\/wp-content\/uploads\/Net-1908-2.jpg\" data-rel=\"penci-gallery-image-content\" ><img decoding=\"async\" loading=\"lazy\" class=\"aligncenter size-medium wp-image-14509\" src=\"https:\/\/adcap.org.br\/wp-content\/uploads\/Net-1908-2-300x176.jpg\" alt=\"\" width=\"300\" height=\"176\" srcset=\"https:\/\/adcap.org.br\/wp-content\/uploads\/Net-1908-2-300x176.jpg 300w, https:\/\/adcap.org.br\/wp-content\/uploads\/Net-1908-2-768x449.jpg 768w, https:\/\/adcap.org.br\/wp-content\/uploads\/Net-1908-2-1024x599.jpg 1024w, https:\/\/adcap.org.br\/wp-content\/uploads\/Net-1908-2-585x342.jpg 585w, https:\/\/adcap.org.br\/wp-content\/uploads\/Net-1908-2.jpg 1128w\" sizes=\"(max-width: 300px) 100vw, 300px\" \/><\/a><\/p>\n<p style=\"text-align: justify;\">\nAssista a mat\u00e9ria <a href=\"https:\/\/www.youtube.com\/watch?v=oZJmqDt7IQA\"><strong>AQUI<\/strong><\/a>.<\/p>\n<p style=\"text-align: justify;\">\n<p style=\"text-align: right;\"><strong>Dire\u00e7\u00e3o Nacional da ADCAP.<\/strong><\/p>\n<p>&nbsp;<\/p>\n","protected":false},"excerpt":{"rendered":"<p>Projeto que p\u00f5e fim ao monop\u00f3lio postal dos\u00a0Correios deve ser enviado nas pr\u00f3ximas\u00a0semanas Informa\u00e7\u00e3o foi dada pela secret\u00e1ria do PPI, Martha Seillier; segundo ela, medida \u00e9 necess\u00e1ria para privatizar Correios.&hellip;<\/p>\n","protected":false},"author":1,"featured_media":0,"comment_status":"open","ping_status":"open","sticky":false,"template":"","format":"standard","meta":{"_editorskit_title_hidden":false,"_editorskit_reading_time":0,"_editorskit_is_block_options_detached":false,"_editorskit_block_options_position":"{}","footnotes":""},"categories":[3,43],"tags":[],"aioseo_notices":[],"_links":{"self":[{"href":"https:\/\/adcap.org.br\/index.php\/wp-json\/wp\/v2\/posts\/14507"}],"collection":[{"href":"https:\/\/adcap.org.br\/index.php\/wp-json\/wp\/v2\/posts"}],"about":[{"href":"https:\/\/adcap.org.br\/index.php\/wp-json\/wp\/v2\/types\/post"}],"author":[{"embeddable":true,"href":"https:\/\/adcap.org.br\/index.php\/wp-json\/wp\/v2\/users\/1"}],"replies":[{"embeddable":true,"href":"https:\/\/adcap.org.br\/index.php\/wp-json\/wp\/v2\/comments?post=14507"}],"version-history":[{"count":0,"href":"https:\/\/adcap.org.br\/index.php\/wp-json\/wp\/v2\/posts\/14507\/revisions"}],"wp:attachment":[{"href":"https:\/\/adcap.org.br\/index.php\/wp-json\/wp\/v2\/media?parent=14507"}],"wp:term":[{"taxonomy":"category","embeddable":true,"href":"https:\/\/adcap.org.br\/index.php\/wp-json\/wp\/v2\/categories?post=14507"},{"taxonomy":"post_tag","embeddable":true,"href":"https:\/\/adcap.org.br\/index.php\/wp-json\/wp\/v2\/tags?post=14507"}],"curies":[{"name":"wp","href":"https:\/\/api.w.org\/{rel}","templated":true}]}}