{"id":14462,"date":"2020-08-09T01:45:24","date_gmt":"2020-08-09T01:45:24","guid":{"rendered":"https:\/\/adcap.org.br\/?p=14462"},"modified":"2020-09-17T21:55:29","modified_gmt":"2020-09-17T21:55:29","slug":"deducao-do-ir-sobre-taxa-extra-voltara-a-ser-aplicada-a-todos-os-associados","status":"publish","type":"post","link":"https:\/\/adcap.org.br\/index.php\/deducao-do-ir-sobre-taxa-extra-voltara-a-ser-aplicada-a-todos-os-associados\/","title":{"rendered":"DEDU\u00c7\u00c3O DO IR SOBRE TAXA EXTRA VOLTAR\u00c1 A SER APLICADA A TODOS OS ASSOCIADOS"},"content":{"rendered":"<p style=\"text-align: right;\" data-original-attrs=\"{&quot;style&quot;:&quot;&quot;}\"><span style=\"color: #333333; font-family: helvetica;\" data-keep-original-tag=\"false\" data-original-attrs=\"{&quot;style&quot;:&quot;&quot;}\"><span data-keep-original-tag=\"false\" data-original-attrs=\"{&quot;style&quot;:&quot;&quot;}\">N\u00ba 103 \u2013 08\/08\/2020\u00a0<\/span><\/span><\/p>\n<div style=\"text-align: justify;\" data-original-attrs=\"{&quot;style&quot;:&quot;&quot;}\"><span style=\"color: #333333; font-family: helvetica;\" data-keep-original-tag=\"false\" data-original-attrs=\"{&quot;style&quot;:&quot;&quot;}\">Cumprindo o compromisso da Dire\u00e7\u00e3o da ADCAP, a Associa\u00e7\u00e3o ingressou com nova a\u00e7\u00e3o para discutir a incid\u00eancia do IR sobre a taxa extra do Postalis e obteve duas decis\u00f5es positivas em ambos os processos que unificam a situa\u00e7\u00e3o e garantem aos associados o mesmo benef\u00edcio.<\/span><\/div>\n<div style=\"text-align: justify;\" data-original-attrs=\"{&quot;style&quot;:&quot;&quot;}\"><span style=\"color: #333333;\" data-keep-original-tag=\"false\" data-original-attrs=\"{&quot;style&quot;:&quot;&quot;}\"><span style=\"font-family: helvetica;\" data-keep-original-tag=\"false\" data-original-attrs=\"{&quot;style&quot;:&quot;&quot;}\">\u00a0<\/span><\/span><\/div>\n<div style=\"text-align: justify;\" data-original-attrs=\"{&quot;style&quot;:&quot;&quot;}\"><span style=\"font-family: helvetica;\" data-keep-original-tag=\"false\" data-original-attrs=\"{&quot;style&quot;:&quot;&quot;}\">Com as decis\u00f5es, tutelas antecipat\u00f3rias da senten\u00e7a final, todos os associados ter\u00e3o isen\u00e7\u00e3o do IR sobre a taxa extra, limitada a 12% do rendimento bruto. Essa decis\u00e3o \u00e9 aplicada tanto aos associados da ativa como aos aposentados.<\/span><\/div>\n<div style=\"text-align: justify;\" data-original-attrs=\"{&quot;style&quot;:&quot;&quot;}\"><span style=\"color: #333333;\" data-keep-original-tag=\"false\" data-original-attrs=\"{&quot;style&quot;:&quot;&quot;}\"><span style=\"font-family: helvetica;\" data-keep-original-tag=\"false\" data-original-attrs=\"{&quot;style&quot;:&quot;&quot;}\">\u00a0<\/span><\/span><\/div>\n<div style=\"text-align: justify;\" data-original-attrs=\"{&quot;style&quot;:&quot;&quot;}\"><span style=\"font-family: helvetica;\" data-keep-original-tag=\"false\" data-original-attrs=\"{&quot;style&quot;:&quot;&quot;}\">Informamos, ainda, que os associados da primeira a\u00e7\u00e3o que tiveram descontos no m\u00eas de julho de 2020 ter\u00e3o a restitui\u00e7\u00e3o dos valores que n\u00e3o foram deduzidos, considerando o limite de 12% da renda bruta.<\/span><\/div>\n<div style=\"text-align: justify;\" data-original-attrs=\"{&quot;style&quot;:&quot;&quot;}\"><span style=\"color: #333333;\" data-keep-original-tag=\"false\" data-original-attrs=\"{&quot;style&quot;:&quot;&quot;}\"><span style=\"font-family: helvetica;\" data-keep-original-tag=\"false\" data-original-attrs=\"{&quot;style&quot;:&quot;&quot;}\">\u00a0<\/span><\/span><\/div>\n<div style=\"text-align: justify;\" data-original-attrs=\"{&quot;style&quot;:&quot;&quot;}\"><span style=\"font-family: helvetica;\" data-keep-original-tag=\"false\" data-original-attrs=\"{&quot;style&quot;:&quot;&quot;}\">\u00a0<\/span><\/div>\n<div>\n<div style=\"text-align: justify;\" data-original-attrs=\"{&quot;style&quot;:&quot;&quot;}\"><span style=\"font-family: helvetica;\" data-keep-original-tag=\"false\" data-original-attrs=\"{&quot;style&quot;:&quot;&quot;}\"><b>Dire\u00e7\u00e3o Nacional da ADCAP.<\/b><\/span><\/div>\n<\/div>\n","protected":false},"excerpt":{"rendered":"<p>N\u00ba 103 \u2013 08\/08\/2020\u00a0 Cumprindo o compromisso da Dire\u00e7\u00e3o da ADCAP, a Associa\u00e7\u00e3o ingressou com nova a\u00e7\u00e3o para discutir a incid\u00eancia do IR sobre a taxa extra do Postalis e&hellip;<\/p>\n","protected":false},"author":1,"featured_media":0,"comment_status":"closed","ping_status":"closed","sticky":false,"template":"","format":"standard","meta":{"_editorskit_title_hidden":false,"_editorskit_reading_time":0,"_editorskit_is_block_options_detached":false,"_editorskit_block_options_position":"{}","footnotes":""},"categories":[150],"tags":[],"aioseo_notices":[],"_links":{"self":[{"href":"https:\/\/adcap.org.br\/index.php\/wp-json\/wp\/v2\/posts\/14462"}],"collection":[{"href":"https:\/\/adcap.org.br\/index.php\/wp-json\/wp\/v2\/posts"}],"about":[{"href":"https:\/\/adcap.org.br\/index.php\/wp-json\/wp\/v2\/types\/post"}],"author":[{"embeddable":true,"href":"https:\/\/adcap.org.br\/index.php\/wp-json\/wp\/v2\/users\/1"}],"replies":[{"embeddable":true,"href":"https:\/\/adcap.org.br\/index.php\/wp-json\/wp\/v2\/comments?post=14462"}],"version-history":[{"count":0,"href":"https:\/\/adcap.org.br\/index.php\/wp-json\/wp\/v2\/posts\/14462\/revisions"}],"wp:attachment":[{"href":"https:\/\/adcap.org.br\/index.php\/wp-json\/wp\/v2\/media?parent=14462"}],"wp:term":[{"taxonomy":"category","embeddable":true,"href":"https:\/\/adcap.org.br\/index.php\/wp-json\/wp\/v2\/categories?post=14462"},{"taxonomy":"post_tag","embeddable":true,"href":"https:\/\/adcap.org.br\/index.php\/wp-json\/wp\/v2\/tags?post=14462"}],"curies":[{"name":"wp","href":"https:\/\/api.w.org\/{rel}","templated":true}]}}