{"id":14189,"date":"2020-05-29T16:05:26","date_gmt":"2020-05-29T16:05:26","guid":{"rendered":"https:\/\/adcap.org.br\/?p=14189"},"modified":"2020-05-29T16:20:37","modified_gmt":"2020-05-29T16:20:37","slug":"postalis-adiamento-das-votacoes","status":"publish","type":"post","link":"https:\/\/adcap.org.br\/index.php\/postalis-adiamento-das-votacoes\/","title":{"rendered":"POSTALIS &#8211; ADIAMENTO DAS VOTA\u00c7\u00d5ES"},"content":{"rendered":"<p style=\"text-align: justify;\">O Postalis divulgou ontem (28\/05) comunicado nos seguintes termos:<\/p>\n<p style=\"text-align: justify;\"><em>\u201cInformamos que a vota\u00e7\u00e3o para a escolha dos representantes dos participantes nos Conselhos Deliberativo e Fiscal, inicialmente prevista para o per\u00edodo de 29\/05 a 03\/06, foi adiada. A mudan\u00e7a ocorreu em aten\u00e7\u00e3o \u00e0 demanda de participantes e entidades representativas, que relataram dificuldades decorrentes do isolamento social e da pandemia.<\/em><\/p>\n<p style=\"text-align: justify;\"><em>Em breve ser\u00e1 divulgado o novo calend\u00e1rio eleitoral!<\/em><\/p>\n<p style=\"text-align: justify;\"><em>Sendo assim, solicitamos o habitual apoio no sentido de divulgar estas informa\u00e7\u00f5es nos ve\u00edculos de comunica\u00e7\u00e3o desta entidade para que um maior n\u00famero poss\u00edvel de participantes possa acompanhar as not\u00edcias e o andamento do processo eleitoral.\u201d\u00a0<\/em><\/p>\n<p style=\"text-align: justify;\">Diante da decis\u00e3o, a ADCAP esclarece que, embora reconhe\u00e7a as dificuldades decorrentes da pandemia, n\u00e3o demandou esse adiamento, pois entende importante que se restabele\u00e7a logo a governan\u00e7a do Postalis.<\/p>\n<p style=\"text-align: justify;\">A ADCAP permanecer\u00e1 acompanhando o assunto e apoiando as chapas j\u00e1 informadas.<\/p>\n<p style=\"text-align: right;\"><strong>Dire\u00e7\u00e3o Nacional da ADCAP.<\/strong><\/p>\n","protected":false},"excerpt":{"rendered":"<p>O Postalis divulgou ontem (28\/05) comunicado nos seguintes termos: \u201cInformamos que a vota\u00e7\u00e3o para a escolha dos representantes dos participantes nos Conselhos Deliberativo e Fiscal, inicialmente prevista para o per\u00edodo&hellip;<\/p>\n","protected":false},"author":1,"featured_media":0,"comment_status":"open","ping_status":"open","sticky":false,"template":"","format":"standard","meta":{"_editorskit_title_hidden":false,"_editorskit_reading_time":0,"_editorskit_is_block_options_detached":false,"_editorskit_block_options_position":"{}","footnotes":""},"categories":[5,44],"tags":[],"aioseo_notices":[],"_links":{"self":[{"href":"https:\/\/adcap.org.br\/index.php\/wp-json\/wp\/v2\/posts\/14189"}],"collection":[{"href":"https:\/\/adcap.org.br\/index.php\/wp-json\/wp\/v2\/posts"}],"about":[{"href":"https:\/\/adcap.org.br\/index.php\/wp-json\/wp\/v2\/types\/post"}],"author":[{"embeddable":true,"href":"https:\/\/adcap.org.br\/index.php\/wp-json\/wp\/v2\/users\/1"}],"replies":[{"embeddable":true,"href":"https:\/\/adcap.org.br\/index.php\/wp-json\/wp\/v2\/comments?post=14189"}],"version-history":[{"count":0,"href":"https:\/\/adcap.org.br\/index.php\/wp-json\/wp\/v2\/posts\/14189\/revisions"}],"wp:attachment":[{"href":"https:\/\/adcap.org.br\/index.php\/wp-json\/wp\/v2\/media?parent=14189"}],"wp:term":[{"taxonomy":"category","embeddable":true,"href":"https:\/\/adcap.org.br\/index.php\/wp-json\/wp\/v2\/categories?post=14189"},{"taxonomy":"post_tag","embeddable":true,"href":"https:\/\/adcap.org.br\/index.php\/wp-json\/wp\/v2\/tags?post=14189"}],"curies":[{"name":"wp","href":"https:\/\/api.w.org\/{rel}","templated":true}]}}