{"id":13599,"date":"2020-04-02T18:23:39","date_gmt":"2020-04-02T18:23:39","guid":{"rendered":"http:\/\/www.adcap.org.br\/?p=13599"},"modified":"2020-04-02T18:23:39","modified_gmt":"2020-04-02T18:23:39","slug":"entrega-da-declaracao-do-imposto-de-renda-e-adiada","status":"publish","type":"post","link":"https:\/\/adcap.org.br\/index.php\/entrega-da-declaracao-do-imposto-de-renda-e-adiada\/","title":{"rendered":"Entrega da Declara\u00e7\u00e3o do Imposto de Renda \u00e9 adiada"},"content":{"rendered":"<h1 style=\"text-align: center;\"><strong>RECEITA FEDERAL ADIA POR 60 DIAS PRAZO <\/strong><\/h1>\n<h1 style=\"text-align: center;\"><strong>PARA ENTREGA DA DECLARA\u00c7\u00c3O DO IMPOSTO <\/strong><\/h1>\n<h1 style=\"text-align: center;\"><strong>DA RENDA DA PESSOA F\u00cdSICA<\/strong><\/h1>\n<p style=\"text-align: justify;\">\nO prazo para apresenta\u00e7\u00e3o da Declara\u00e7\u00e3o do Imposto de Renda da Pessoa F\u00edsica foi adiado do dia 30 de abril para o dia 30 de junho de 2020 e a exig\u00eancia de se informar o n\u00famero constante no recibo de entrega da \u00faltima declara\u00e7\u00e3o de ajuste anual foi retirada.<\/p>\n<p>Como consequ\u00eancia, a data do agendamento do d\u00e9bito autom\u00e1tico da 1\u00aa cota passa de 10 de abril para o dia 10 de junho.<\/p>\n<p style=\"text-align: justify;\">Historicamente, h\u00e1 contribuintes que se dirigem a unidades da RFB para que lhes seja disponibilizado o n\u00famero do recibo da \u00faltima declara\u00e7\u00e3o, seja porque perderam a vers\u00e3o impressa, seja porque n\u00e3o possuem mais acesso \u00e0 m\u00eddia ou ao computador em que estava armazenado o recibo.<\/p>\n<p style=\"text-align: justify;\">Com a altera\u00e7\u00e3o do prazo e a retirada da exig\u00eancia da informa\u00e7\u00e3o do n\u00famero do recibo, objetiva-se evitar eventuais aglomera\u00e7\u00f5es de contribuintes no atendimento da RFB, bem como em empresas ou institui\u00e7\u00f5es financeiras, na busca de informes de rendimentos, e em escrit\u00f3rios de profissionais ou em entidades que prestem aux\u00edlio no preenchimento das declara\u00e7\u00f5es, de modo a contribuir com o esfor\u00e7o governamental de diminuir a propaga\u00e7\u00e3o do novo Coronav\u00edrus.<\/p>\n<p style=\"text-align: justify;\">Para os contribuintes que j\u00e1 entregaram a declara\u00e7\u00e3o, a Receita Federal informa que ser\u00e1 atualizada a vers\u00e3o do Programa gerador da Declara\u00e7\u00e3o (PGD) e assim ser\u00e1 poss\u00edvel a emiss\u00e3o de novo DARF.<\/p>\n<p style=\"text-align: justify;\">Para aqueles contribuintes que j\u00e1 agendaram o pagamento das cotas a Receita Federal aceitar\u00e1 o d\u00e9bito, de acordo com os novos prazos de vencimento.<\/p>\n<p style=\"text-align: justify;\">\n<p style=\"text-align: right;\">\n<strong>Dire\u00e7\u00e3o Nacional da ADCAP.<\/strong><\/p>\n","protected":false},"excerpt":{"rendered":"<p>RECEITA FEDERAL ADIA POR 60 DIAS PRAZO PARA ENTREGA DA DECLARA\u00c7\u00c3O DO IMPOSTO DA RENDA DA PESSOA F\u00cdSICA O prazo para apresenta\u00e7\u00e3o da Declara\u00e7\u00e3o do Imposto de Renda da Pessoa&hellip;<\/p>\n","protected":false},"author":1,"featured_media":0,"comment_status":"open","ping_status":"open","sticky":false,"template":"","format":"standard","meta":{"_editorskit_title_hidden":false,"_editorskit_reading_time":0,"_editorskit_is_block_options_detached":false,"_editorskit_block_options_position":"{}","footnotes":""},"categories":[5,44],"tags":[],"aioseo_notices":[],"_links":{"self":[{"href":"https:\/\/adcap.org.br\/index.php\/wp-json\/wp\/v2\/posts\/13599"}],"collection":[{"href":"https:\/\/adcap.org.br\/index.php\/wp-json\/wp\/v2\/posts"}],"about":[{"href":"https:\/\/adcap.org.br\/index.php\/wp-json\/wp\/v2\/types\/post"}],"author":[{"embeddable":true,"href":"https:\/\/adcap.org.br\/index.php\/wp-json\/wp\/v2\/users\/1"}],"replies":[{"embeddable":true,"href":"https:\/\/adcap.org.br\/index.php\/wp-json\/wp\/v2\/comments?post=13599"}],"version-history":[{"count":0,"href":"https:\/\/adcap.org.br\/index.php\/wp-json\/wp\/v2\/posts\/13599\/revisions"}],"wp:attachment":[{"href":"https:\/\/adcap.org.br\/index.php\/wp-json\/wp\/v2\/media?parent=13599"}],"wp:term":[{"taxonomy":"category","embeddable":true,"href":"https:\/\/adcap.org.br\/index.php\/wp-json\/wp\/v2\/categories?post=13599"},{"taxonomy":"post_tag","embeddable":true,"href":"https:\/\/adcap.org.br\/index.php\/wp-json\/wp\/v2\/tags?post=13599"}],"curies":[{"name":"wp","href":"https:\/\/api.w.org\/{rel}","templated":true}]}}