{"id":13287,"date":"2020-01-21T20:07:46","date_gmt":"2020-01-21T20:07:46","guid":{"rendered":"http:\/\/www.adcap.org.br\/?p=13287"},"modified":"2020-01-21T20:07:46","modified_gmt":"2020-01-21T20:07:46","slug":"postal-saude-informativo-do-conselheiro","status":"publish","type":"post","link":"https:\/\/adcap.org.br\/index.php\/postal-saude-informativo-do-conselheiro\/","title":{"rendered":"POSTAL SA\u00daDE &#8211;\u00a0Informativo do Conselheiro"},"content":{"rendered":"<h1 style=\"text-align: center;\"><strong>POSTAL SA\u00daDE &#8211;\u00a0Informativo do Conselheiro<\/strong><\/h1>\n<p style=\"text-align: justify;\">\nEncaminhamos informativo preparado pelo Conselheiro eleito para o Conselho Deliberativo da Postal Sa\u00fade, Jorge Ribeiro, para conhecimento dos associados a respeito das mudan\u00e7as havidas na governan\u00e7a daquela entidade.<\/p>\n<p style=\"text-align: justify;\">\n<p style=\"text-align: right;\"><strong>Dire\u00e7\u00e3o Nacional da ADCAP.<\/strong><\/p>\n<p style=\"text-align: justify;\">\n<p style=\"text-align: center;\"><strong>ATUA\u00c7\u00c3O DO CONSELHEIRO<\/strong> \u2013 <strong>Jorge Ribeiro<\/strong><\/p>\n<p style=\"text-align: center;\"><strong>Conselho Deliberativo da Postal Sa\u00fade<\/strong><\/p>\n<p style=\"text-align: justify;\">\n<p style=\"text-align: justify;\"><strong>1 &#8211; INTRODU\u00c7\u00c3O<\/strong><\/p>\n<p style=\"text-align: justify;\">Como \u00e9 do conhecimento dos benefici\u00e1rios, foi realizada, em 24\/10\/2019, uma AGE &#8211; Assembl\u00e9ia Geral Extraordin\u00e1ria, onde a ECT e a Postal sa\u00fade conseguiram aprovar um novo estatuto, sem que houvesse uma discuss\u00e3o antecipada entre as partes envolvidas.<\/p>\n<p style=\"text-align: justify;\">Na ocasi\u00e3o ocorreu um grande tumulto, entretanto o objetivo da mantenedora, que era a aprova\u00e7\u00e3o do Estatuto, foi atingido.<\/p>\n<p style=\"text-align: justify;\">Tanto a AGE como o Estatuto hoje s\u00e3o alvos de processos judiciais que tramitam na justi\u00e7a, em Bras\u00edlia, ainda sem julgamento, os quais foram promovidos pelas entidades representativas dos empregados.<\/p>\n<p style=\"text-align: justify;\">Enquanto a Justi\u00e7a n\u00e3o julgar esses processos, a rotina na Postal Sa\u00fade segue o que foi previsto no novo Estatuto. \u00c9 sobre isso que discorreremos neste relato.<\/p>\n<p style=\"text-align: justify;\"><strong>2 &#8211; NOVO ESTATUTO<\/strong><\/p>\n<p style=\"text-align: justify;\">Em rela\u00e7\u00e3o ao Conselho Deliberativo, o novo estatuto alterou radicalmente as suas configura\u00e7\u00f5es:<\/p>\n<p style=\"text-align: justify;\">\n<table>\n<tbody>\n<tr>\n<td width=\"292\"><strong>ANTES<\/strong><\/td>\n<td width=\"292\"><strong>DEPOIS<\/strong><\/td>\n<\/tr>\n<tr>\n<td width=\"292\"><strong>SE\u00c7\u00c3O III &#8211; DO CONSELHO DELIBERATIVO<\/strong><\/td>\n<td width=\"292\"><strong>SE\u00c7\u00c3O III &#8211; DO CONSELHO DELIBERATIVO<\/strong><\/td>\n<\/tr>\n<tr>\n<td width=\"292\"><strong>SUBSEC<\/strong><strong>\u0327<\/strong><strong>A\u0303O II <\/strong><strong>\u2013<\/strong><strong> DA COMPOSIC<\/strong><strong>\u0327<\/strong><strong>A\u0303O E INGRESSO<\/strong><\/td>\n<td width=\"292\"><strong>SUBSEC<\/strong><strong>\u0327<\/strong><strong>A\u0303O II <\/strong><strong>\u2013<\/strong><strong> DA COMPOSIC<\/strong><strong>\u0327<\/strong><strong>A\u0303O E INGRESSO<\/strong><\/td>\n<\/tr>\n<tr>\n<td width=\"292\">Art. 32. O Conselho Deliberativo e\u0301 composto por 6 membros titulares e respectivos suplentes, sendo:I \u2013 3 membros titulares e seus respectivos suplentes, indicados pela Mantenedora e Patrocinadoras, respeitada a proporcionalidade de Benefici\u00e1rios, garantindo a representa\u00e7\u00e3o de pelo menos uma Patrocinadora; II \u2013 3 membros titulares representantes dos Associados Beneficia\u0301rios e seus respectivos suplentes, eleitos pela Assembleia-Geral.<\/td>\n<td width=\"292\"><em>Art. 32 &#8211; O Conselho Deliberativo \u00e9 composto por 3 (tr\u00eas) membros titulares e respectivos\u00a0 suplentes, sendo: I. 2 (dois) membros titulares, e seus respectivos suplentes, indicados pela Mantenedora;II. 1 (um) membro titular representante dos Associados Benefici\u00e1rios e seu respectivo suplente, eleitos pela Assembleia Geral.<\/em><\/td>\n<\/tr>\n<tr>\n<td width=\"292\"><strong>SUBSEC<\/strong><strong>\u0327<\/strong><strong>A\u0303O III <\/strong><strong>\u2013<\/strong><strong> DO MANDATO<\/strong><\/td>\n<td width=\"292\"><strong>SUBSEC<\/strong><strong>\u0327<\/strong><strong>A\u0303O III <\/strong><strong>\u2013<\/strong><strong> DO MANDATO<\/strong><\/td>\n<\/tr>\n<tr>\n<td width=\"292\">Art. 33. O mandato dos membros do Conselho Deliberativo e\u0301 de 4 anos, admitida uma reeleic\u0327a\u0303o ou reconduc\u0327a\u0303o, desde que a soma dos anos de gesta\u0303o neste Conselho e na Diretoria Executiva na\u0303o ultrapasse 8 anos consecutivos.<\/td>\n<td width=\"292\"><em>Art. 33 &#8211; O mandato dos membros do Conselho Deliberativo \u00e9 de 4 anos, admitida uma reelei\u00e7\u00e3o ou recondu\u00e7\u00e3o, desde que a soma dos anos de gest\u00e3o neste Conselho e na Diretoria Executiva n\u00e3o ultrapasse 8 anos consecutivo<\/em>s<\/td>\n<\/tr>\n<tr>\n<td width=\"292\"><strong>SUBSEC<\/strong><strong>\u0327<\/strong><strong>A\u0303O IV <\/strong><strong>\u2013<\/strong><strong> DAS COMPETE<\/strong><strong>\u0302<\/strong><strong>NCIAS<\/strong><\/td>\n<td width=\"292\"><strong>SUBSEC<\/strong><strong>\u0327<\/strong><strong>A\u0303O IV <\/strong><strong>\u2013<\/strong><strong> DAS COMPETE<\/strong><strong>\u0302<\/strong><strong>NCIAS<\/strong><\/td>\n<\/tr>\n<tr>\n<td width=\"292\">Art. 39. O Conselho Deliberativo reunir-se-a\u0301 ordinariamente 1 vez por me\u0302s e extraordinariamente sempre que for convocado por seu Presidente ou pela maioria de seus membros. Para\u0301grafo u\u0301nico. Acarreta a perda do mandato a ause\u0302ncia sem justificativa a 3 reunio\u0303es consecutivas do Conselho Deliberativo ou a 5 alternadas no peri\u0301odo de 1 ano, ou se julgadas insatisfato\u0301rias pelos demais conselheiros as justificativas apresentadas.<\/td>\n<td width=\"292\">Art. 39 &#8211; O Conselho Deliberativo reunir-se-\u00e1 ordinariamente 1 vez por m\u00eas e, extraordinariamente, sempre que for convocado por seu Presidente ou p ela maioria de seus membros.<br \/>\nPar\u00e1grafo \u00danico &#8211; Acarreta a perda do mandato a aus\u00eancia sem justificativa a 3 reuni\u00f5es consecutivas do Conselho Deliberativo ou a 5 alternadas no per\u00edodo de 1 ano, ou se julgadas insatisfat\u00f3rias pelos demais conselheiros as justificativas apresentadas.<\/td>\n<\/tr>\n<tr>\n<td width=\"292\">Art. 40. O Conselho Deliberativo tera\u0301 1 Presidente e 1 Vice-Presidente, com mandatos de 2 anos, escolhidos pelo pro\u0301prio o\u0301rga\u0303o dentre os membros indicados pela Mantenedora.<\/td>\n<td width=\"292\">Art. 40 &#8211; O Conselho Deliberativo ter\u00e1 1 Presidente e 1 Vice-Presidente, com mandatos de 2 anos, escolhidos pelo pr\u00f3prio \u00f3rg\u00e3o dentre os membros indicados pela Mantenedora.<\/td>\n<\/tr>\n<tr>\n<td width=\"292\">Art. 41. O quo\u0301rum para as reunio\u0303es do Conselho Deliberativo e\u0301 de 4 membros. Para\u0301grafo u\u0301nico. As deciso\u0303es do Conselho Deliberativo sa\u0303o tomadas por maioria de seus membros, cabendo ao Presidente o voto de qualidade.<\/td>\n<td width=\"292\">Art. 41 &#8211; O qu\u00f3rum para as reuni\u00f5es do Conselho Deliberativo \u00e9 de 2 membros.<br \/>\nPar\u00e1grafo \u00danico &#8211; As decis\u00f5es do Conselho Deliberativo s\u00e3o tomadas por maioria de seus membros<\/td>\n<\/tr>\n<\/tbody>\n<\/table>\n<p style=\"text-align: justify;\"><strong>Observa\u00e7\u00f5es:<\/strong> A \u00edntegra do estatuto pode ser encontrada no site: <a href=\"http:\/\/www.postalsaude.com.br\">www.postalsaude.com.br\u00a0<\/a><\/p>\n<p style=\"text-align: justify;\"><strong>As principais mudan\u00e7as implementadas foram:<\/strong><\/p>\n<ol style=\"text-align: justify;\" start=\"2\">\n<li><strong>a) <\/strong>Quebra da paridade nos membros do conselho: antes eram 3 indicados e 3 eleitos com os respectivos suplentes; no novo estatuto, passou para 2 indicados e um eleito, com os respectivos suplentes.<br \/>\n<strong>b)<\/strong> Qu\u00f3rum para delibera\u00e7\u00e3o: que era de 4 membros agora passou para 2. Assim, caso o eleito n\u00e3o participe da reuni\u00e3o, haver\u00e1 possibilidade de delibera\u00e7\u00e3o apenas com os 2 indicados.<br \/>\n<strong>c)<\/strong> Os demais itens continuam praticamente os mesmos.<\/li>\n<\/ol>\n<p style=\"text-align: justify;\"><strong>3 &#8211; REIN\u00cdCIO DOS TRABALHOS DO CONSELHO DELIBERATIVO<\/strong><\/p>\n<p style=\"text-align: justify;\">Ap\u00f3s a realiza\u00e7\u00e3o da fat\u00eddica AGE (que encontra-se sob judice, conforme descrito anteriormente), a reuni\u00e3o seguinte do Conselho foi realizada em 29\/11\/2019, participando apenas os Conselheiros indicados. Como relatado antes, o qu\u00f3rum regular m\u00ednimo a partir do novo estatuto \u00e9 de dois membros.<\/p>\n<p style=\"text-align: justify;\">Nessa reuni\u00e3o foram analisados os temas constantes do item a seguir:<\/p>\n<ol style=\"text-align: justify;\">\n<li>J CODEL 01\/114\u00ba &#8211; Extraordin\u00e1ria &#8211; Indica\u00e7\u00e3o e Posse de Conselheiro Deliberativo do Postal Sa\u00fade &#8211; Corto Correios 1 J 244271\/2019 &#8211; PRESI. Os membros indicados ao Conselho Deliberativo, em aten\u00e7\u00e3o a Carta Correios 1124427 I \/2019 &#8211; PRESI. de 28 de novembro de 2019, que se refere a indica\u00e7\u00e3o de membros do Conselho Deliberativo da Postal Sa\u00fade indicados pela Mantenedora. em conformidade com os artigos 32, 33 \u00a72\u00b0 e 38 do Estatuto Social. por unanimidade. deliberaram pela posse de Carlos Frederico Freitas de Abreu, CI n\u00b0 5I 5878-8 SI-MB\/RJ e Melissa de Sousa Silva. CNH n\u00b0 02053485566. como Conselheiros Titulares do Conselho Deliberativo da Postal Sa\u00fade. com mandato at\u00e9 24 de outubro de 2023. Ato cont\u00ednuo, considerando o disposto no artigo 40 do Estatuto Social. que estabelece que o Conselho Deliberativo ter\u00e1 um presidente e um vice-presidente, com mandatos de dois anos, escolhidos pelo pr\u00f3prio \u00f3rg\u00e3o dentre os membros indicados pela Mantenedora. foi definido que o conselheiro Sr. Carlos Fredenco Freitas de Abreu ir\u00e1 presidir este conselho at\u00e9 24 de outubro de 202 consequentemente o conselheira Sra. Melissa de Sousa Silva ser\u00e1 a vice-presidente com o mesmo mandato supramencionado. Registra-se que. considerando as disposi\u00e7\u00f5es do novo Estatuto Social desta Operadora, de 24 de outubro de 2019. e indica\u00e7\u00f5o pela Mantenedora, dos novos membros deste Conselho Deliberativo, cumpre destacar a respectiva mudan\u00e7a na composi\u00e7\u00e3o deste Colegiado, sendo destitu\u00eddos os seguintes conselheifos deliberativos indicados pela Mantenedora Sr. Pietro Calixlo Antunes &#8211; Conselheiro Titular: Sra. Erica Torres Pinheiro Martins &#8211; Conselheira Titular, Sr. \u00c2ngelo Leao Dutra &#8211; Conselheiro Titular, Sr. Emerson de Oliveira Santos Lima Conselheiro Suplente, Sra. Paula Ribeiro Mesaros &#8211; Conselheira Suplente. Conforme registrado no item 1, desta ata, a Sra. Melissa de Sousa Silva, anteriormente designada como Conselheiro Suplente, foi reconduzido\u00a0 ao Conselho, para cumprimento de novo mandato como Conselheira Titular.\u00a0 No que se refere aos membros representantes dos associados benefici\u00e1rios e seus respectivos suplentes, este Conselho Deliberativo ir\u00e1 convocar para as futuras reuni\u00f5es os representantes da chapa mais votado proporcionalmente nas elei\u00e7\u00f5es <em>de <\/em>2017 e 2019, at\u00e9 que o Assembleia Geral eleja um novo membro. Assim, <strong><u>permanecer\u00e3o no Conselho. at\u00e9 que seja realizada nova assembleia para elei\u00e7\u00e3o, os Srs. Jorge Luiz Gonzaga Ribeiro &#8211; Conselheiro Titular e Sr. Maxxy Hellen de Morais &#8211; Conselheiro Suplente<\/u>.<\/strong> Desta feita. considerando o disposto no artigo 33, inciso VII do Estatuto Social. perdem o mandato, os Srs. An\u00e9zio Rodrigues &#8211; Conselheiro Titular, Joao Pinheiro de Barros Neto\u2019- Conselheiro Suplente. Raimundo Mateus da Silva &#8211; Conselheiro Titular e Caio Fl\u00e1vio F\u00e9lix de Oliveira &#8211; Conselheiro Suplente.<\/li>\n<\/ol>\n<p style=\"text-align: justify;\"><em>OBS. Integra da ATA no site da Postal Saude.<\/em><\/p>\n<p style=\"text-align: justify;\">Diante das decis\u00f5es constantes dessa ata, fomos convocados para a primeira reuni\u00e3o realizada em 04\/12\/2019, cujos temas tratados detalharemos em um pr\u00f3ximo informativo.<\/p>\n<p style=\"text-align: justify;\">Quando recebemos a convoca\u00e7\u00e3o para essa reuni\u00e3o de 04\/12, analisamos longamente se ir\u00edamos ou n\u00e3o participar novamente das reuni\u00f5es, em decorr\u00eancia de tudo que havia acontecido na AGE, das a\u00e7\u00f5es protocoladas pelas entidades representativas dos empregados ainda n\u00e3o julgadas e dos efeitos dessa nova governan\u00e7a que aviltou a participa\u00e7\u00e3o dos eleitos no colegiado. Levamos o caso para aprecia\u00e7\u00e3o da diretoria da ADCAP e da sua banca de advogados, os quais nos aconselharam a continuar participando nas reuni\u00f5es e votando na defesa dos benefici\u00e1rios, enquanto as entidades buscam, em paralelo, a repara\u00e7\u00e3o de boa governan\u00e7a da Postal Sa\u00fade..<\/p>\n<p style=\"text-align: justify;\">As reuni\u00f5es seguintes ser\u00e3o tratadas nos pr\u00f3ximos informativos<\/p>\n<p style=\"text-align: right;\">\n<p style=\"text-align: right;\">Bras\u00edlia,(DF), 21 de janeiro de 2020.<br \/>\nJORGE LUIZ GONZAGA RIBEIRO<br \/>\nConselheiro Deliberativo Eleito<\/p>\n","protected":false},"excerpt":{"rendered":"<p>POSTAL SA\u00daDE &#8211;\u00a0Informativo do Conselheiro Encaminhamos informativo preparado pelo Conselheiro eleito para o Conselho Deliberativo da Postal Sa\u00fade, Jorge Ribeiro, para conhecimento dos associados a respeito das mudan\u00e7as havidas na&hellip;<\/p>\n","protected":false},"author":1,"featured_media":0,"comment_status":"open","ping_status":"open","sticky":false,"template":"","format":"standard","meta":{"_editorskit_title_hidden":false,"_editorskit_reading_time":0,"_editorskit_is_block_options_detached":false,"_editorskit_block_options_position":"{}","footnotes":""},"categories":[5,44],"tags":[],"aioseo_notices":[],"_links":{"self":[{"href":"https:\/\/adcap.org.br\/index.php\/wp-json\/wp\/v2\/posts\/13287"}],"collection":[{"href":"https:\/\/adcap.org.br\/index.php\/wp-json\/wp\/v2\/posts"}],"about":[{"href":"https:\/\/adcap.org.br\/index.php\/wp-json\/wp\/v2\/types\/post"}],"author":[{"embeddable":true,"href":"https:\/\/adcap.org.br\/index.php\/wp-json\/wp\/v2\/users\/1"}],"replies":[{"embeddable":true,"href":"https:\/\/adcap.org.br\/index.php\/wp-json\/wp\/v2\/comments?post=13287"}],"version-history":[{"count":0,"href":"https:\/\/adcap.org.br\/index.php\/wp-json\/wp\/v2\/posts\/13287\/revisions"}],"wp:attachment":[{"href":"https:\/\/adcap.org.br\/index.php\/wp-json\/wp\/v2\/media?parent=13287"}],"wp:term":[{"taxonomy":"category","embeddable":true,"href":"https:\/\/adcap.org.br\/index.php\/wp-json\/wp\/v2\/categories?post=13287"},{"taxonomy":"post_tag","embeddable":true,"href":"https:\/\/adcap.org.br\/index.php\/wp-json\/wp\/v2\/tags?post=13287"}],"curies":[{"name":"wp","href":"https:\/\/api.w.org\/{rel}","templated":true}]}}