{"id":13277,"date":"2020-01-20T17:53:43","date_gmt":"2020-01-20T17:53:43","guid":{"rendered":"http:\/\/www.adcap.org.br\/?p=13277"},"modified":"2020-01-20T17:53:43","modified_gmt":"2020-01-20T17:53:43","slug":"adcap-net-20-01-2020-privatizacao-inss-plano-de-saude-correios-em-foco-veja-mais","status":"publish","type":"post","link":"https:\/\/adcap.org.br\/index.php\/adcap-net-20-01-2020-privatizacao-inss-plano-de-saude-correios-em-foco-veja-mais\/","title":{"rendered":"Adcap Net 20\/01\/2020 &#8211; Privatiza\u00e7\u00e3o, INSS, Plano de Sa\u00fade:  Correios em foco &#8211; Veja mais!"},"content":{"rendered":"<h1 style=\"text-align: justify;\"><strong>Governo descartou parceria com Correios para\u00a0<\/strong><strong>ajudar na crise do INSS<\/strong><\/h1>\n<p style=\"text-align: justify;\">Assunto vinha sendo discutido at\u00e9 final de 2019; de olho em privatizar, governo quer tirar protagonismo da empresa<\/p>\n<p style=\"text-align: justify;\">Veja \/ Radar<br \/>\n17\/01\/2020<\/p>\n<p style=\"text-align: justify;\">Antes do uso de militares da reserva, o governo Bolsonaro descartou uma parceria com os <strong>Correios <\/strong>\u2013 com ag\u00eancias em todo o pa\u00eds \u2013 para resolver o problema das filas do INSS. Esse assunto estava sendo discutido h\u00e1 pelo menos dois anos dentro do governo, com cria\u00e7\u00e3o de Grupo de Trabalho e reuni\u00f5es no Planalto. Mas empacou.<\/p>\n<p style=\"text-align: justify;\">De olho em privatizar a empresa, o governo quer tirar qualquer protagonismo da estatal.<\/p>\n<p style=\"text-align: justify;\">O general Juarez Cunha, ex-presidente da empresa e que foi demitido em 2019 por participar de \u201cato sindicalista\u201d com petistas na C\u00e2mara contra a privatiza\u00e7\u00e3o, defendia essa parceria. Seria um contrato dos Correios com o INSS. O custo seria bem menor que com os militares, pelas contas feitas.<\/p>\n<p style=\"text-align: justify;\">Os Correios cobrariam, em m\u00e9dia, R$ 50,00 por atendimento ao segurado. O custo final at\u00e9 a regulariza\u00e7\u00e3o da situa\u00e7\u00e3o de todos os casos seria de R$ 100 milh\u00f5es. Com os militares, que ainda v\u00e3o aprender a tarefa, o processo ser\u00e1 mais longo e essa conta pode chegar a R$ 400 milh\u00f5es.<\/p>\n<p style=\"text-align: justify;\">A parceria Correios-INSS seria feita nos moldes da ECT com o DPVAT, na as ag\u00eancias atendiam os usu\u00e1rios do seguro nos rec\u00f4nditos do pa\u00eds.<\/p>\n<p style=\"text-align: justify;\">Registra-se que o INSS sempre resistiu a dividir esse servi\u00e7o e agora est\u00e3o tendo que engolir os milicos de pijama.<\/p>\n<h1 style=\"text-align: justify;\"><strong>Correios: TST suspende reajuste de\u00a0<\/strong><strong>mensalidade do plano de sa\u00fade<\/strong><\/h1>\n<p style=\"text-align: justify;\">Tribunal Superior do Trabalho suspendeu liminar do STF que permitia aumentar de 30% para 50% a coparticipa\u00e7\u00e3o do conv\u00eanio m\u00e9dico e reduzia a vig\u00eancia do acordo coletivo<\/p>\n<p>Valor<br \/>\n17\/01\/2020<\/p>\n<p style=\"text-align: justify;\">O Tribunal Superior do Trabalho (TST) suspendeu ontem uma liminar dada pelo Supremo Tribunal Federal (STF) que acatava pedido da Empresa Brasileira de <strong>Correios <\/strong>e Tel\u00e9grafos (ECT) para aumentar de 30% para 50% a coparticipa\u00e7\u00e3o do conv\u00eanio m\u00e9dico operado pela Postal Sa\u00fade e reduzir a vig\u00eancia do acordo coletivo de dois para um ano.<\/p>\n<p style=\"text-align: justify;\">Em dezembro de 2019, a estatal recorreu ao STF para rever os termos das novas normas estabelecidas pela categoria, julgada pelo TST em outubro. Dias Toffoli, presidente do Supremo, deferiu a liminar e as diretorias dos Correios e a mantenedora Postal Sa\u00fade comunicaram aos funcion\u00e1rios as novas regras.<\/p>\n<p style=\"text-align: justify;\">Para Jos\u00e9 Aparecido Gimenes Gandara, presidente da Federa\u00e7\u00e3o Interestadual dos Sindicatos dos Trabalhadores e Trabalhadoras dos Correios (Findect), a mudan\u00e7a faria a mensalidade ultrapassar o limite de desconto de 10% dos sal\u00e1rios. S\u00e3o 306.036 vidas cobertas pelo plano, mas at\u00e9 outubro estavam inclu\u00eddos 50.541 pais e m\u00e3es de funcion\u00e1rios.<\/p>\n<p style=\"text-align: justify;\">Este comunicado foi realizado aos empregados no informativo interno \u201cPrimeira Hora\u201d em 3 de janeiro e a vig\u00eancia seria a partir do dia 10, com os descontos sendo efetuados na folha de pagamento de janeiro.<\/p>\n<p style=\"text-align: justify;\">\u201cA ECT havia imposto unilateralmente novas regras para o custeio do plano de sa\u00fade, afetando a coparticipa\u00e7\u00e3o, o valor, o teto e a base de c\u00e1lculo para a cobran\u00e7a das mensalidades, que elevaram o custo para o trabalhador. Foi dado o prazo at\u00e9 13 de janeiro para o funcion\u00e1rio deixar o plano se n\u00e3o concordar com a nova regra de custeio\u201d, disse Gandara.<\/p>\n<p style=\"text-align: justify;\">15 mil deixaram o plano<\/p>\n<p>O sindicalista afirmou que diante deste cen\u00e1rio, 15 mil empregados e aposentados j\u00e1 haviam solicitado a exclus\u00e3o do plano por n\u00e3o terem condi\u00e7\u00f5es de arcar com o novo patamar de despesas. As discuss\u00f5es sobre o plano de sa\u00fade entre os Correios e os funcion\u00e1rios acontecem desde 2013.<\/p>\n<p style=\"text-align: justify;\">Procurada pelo Valor para se manifestar sobre o assunto, a ECT respondeu por e-mail: \u201cNo que se refere ao plano de sa\u00fade dos empregados dos Correios, a empresa informa que segue cumprindo as decis\u00f5es judiciais sobre o assunto\u201d. Os processos voltar\u00e3o a ser analisados ap\u00f3s o recesso no Judici\u00e1rio.<\/p>\n<p style=\"text-align: justify;\">Um julgamento em 2018 definiu a sa\u00edda dos pais e m\u00e3es no per\u00edodo de um ano. Estes dependentes representaram 30% das despesas em 2018, o equivalente a R$ 521,3 milh\u00f5es. Tinham direito \u00e0 inclus\u00e3o os empregados com sal\u00e1rio de at\u00e9 R$ 2,5 mil, que s\u00e3o 80% da base, cujos pais recebessem at\u00e9 1,2 sal\u00e1rio m\u00ednimo por m\u00eas e tivessem mais de 55 anos.<\/p>\n<p style=\"text-align: justify;\">Em 2018, a Postal Sa\u00fade registrou um preju\u00edzo de R$ 12,7 milh\u00f5es, ante um lucro de R$ 22,7 milh\u00f5es em 2017. A receita foi de R$ 1,82 bilh\u00e3o, queda de 2,47%. A demonstra\u00e7\u00e3o financeira de 2019 ainda n\u00e3o foi divulgada pela institui\u00e7\u00e3o.<\/p>\n<h1 style=\"text-align: justify;\"><strong>Para privatizar Correios, governo precisa\u00a0<\/strong><strong>reduzir n\u00famero de funcion\u00e1rios<\/strong><\/h1>\n<p style=\"text-align: justify;\">Correio Braziliense<br \/>\n20\/01\/2020<\/p>\n<p style=\"text-align: justify;\">Em meio a estudos sobre como desligar servidores da estatal, governo corre contra o tempo para entregar a empresa ao mercado a tempo h\u00e1bil de colher os resultados ainda nesta gest\u00e3o. Hoje, s\u00e3o 100 mil trabalhadores<\/p>\n<p style=\"text-align: justify;\">Com 100 mil funcion\u00e1rios, sendo 40 mil concursados, os <strong>Correios <\/strong>se tornaram uma pedra no sapato das inten\u00e7\u00f5es do governo. O Executivo decidiu incluir a empresa no Programa de Parcerias de Investimentos (PPI) para que possa ser privatizada. No entanto, o plano j\u00e1 se arrasta h\u00e1 um ano e a tarefa se mostrou muito mais complexa do que imaginava o Minist\u00e9rio da Economia: a extens\u00e3o da estatal e a atua\u00e7\u00e3o no mercado postal exigem energia e tempo do governo. A principal preocupa\u00e7\u00e3o do Executivo \u00e9 o que fazer com os trabalhadores da empresa. No ano passado, um Plano de Demiss\u00e3o Volunt\u00e1ria resultou no desligamento de 7,3 mil empregados p\u00fablicos. Mas, para tornar a empresa atraente para o mercado, \u00e9 necess\u00e1rio acabar com as d\u00edvidas.<\/p>\n<p style=\"text-align: justify;\">Apenas o Postalis, o fundo de previd\u00eancia dos trabalhadores dos Correios, apresenta rombo de R$ 11 bilh\u00f5es, deixado por governos anteriores e por esquemas de corrup\u00e7\u00e3o e pagamentos de propina. As contas trabalhistas devidas aos funcion\u00e1rios podem afundar o neg\u00f3cio. Caso n\u00e3o consiga vender, o Executivo estuda a liquida\u00e7\u00e3o da empresa p\u00fablica, o que poderia representar um grande entrave pol\u00edtico e jogar \u00e1gua fria na pol\u00edtica de privatiza\u00e7\u00f5es almejada pelo ministro Paulo Guedes.<\/p>\n<p style=\"text-align: justify;\">Atualmente, os Correios concentram 91% da distribui\u00e7\u00e3o postal nos munic\u00edpios brasileiros. O temor do governo \u00e9 que a privatiza\u00e7\u00e3o prejudique seriamente o servi\u00e7o, que j\u00e1 recebe fortes cr\u00edticas da popula\u00e7\u00e3o, como extravio de encomendas e demora excessiva na entrega de cartas. A comunica\u00e7\u00e3o por correspond\u00eancias, assim como outros servi\u00e7os postais, est\u00e1 em queda no Brasil. Em 2019, os Correios realizaram 5,9 bilh\u00f5es de entregas \u2014 12% a menos do que em rela\u00e7\u00e3o ao ano anterior, que fechou com 6,7 bilh\u00f5es.<\/p>\n<p style=\"text-align: justify;\">No entanto, a atividade ainda \u00e9 considerada essencial. Atualmente, empresas como a Fedex e a Loggi atuam no mercado de entregas, e ganhariam espa\u00e7o com a privatiza\u00e7\u00e3o dos Correios, que teria uma estrutura menor. Nas m\u00e3os do setor privado, de acordo com avalia\u00e7\u00f5es recebidas pelo governo nos bastidores, teria o quadro com metade dos funcion\u00e1rios atuais. Algumas propostas falam em 40 mil trabalhadores, ou seja, 60% a menos do que o contingente atual. Mas a conta relacionada ao desligamento dos servidores n\u00e3o sairia barata. Os aprovados em concursos dos Correios s\u00e3o regidos pela Consolida\u00e7\u00e3o das Leis do Trabalho (CLT) e t\u00eam praticamente os mesmos direitos de quem atua na iniciativa privada. O presidente da empresa, general Floriano Peixoto, assegura que todos os direitos ser\u00e3o garantidos em qualquer cen\u00e1rio.<\/p>\n<p style=\"text-align: justify;\">Concentra\u00e7\u00e3o<\/p>\n<p style=\"text-align: justify;\">O presidente da C\u00e2mara, Rodrigo Maia (DEM-RJ), aprova a privatiza\u00e7\u00e3o dos Correios, para acabar com o monop\u00f3lio postal. No entanto, as empresas privadas que assumirem o servi\u00e7o podem se concentrar apenas nas grandes capitais, deixando cidades do interior sem op\u00e7\u00e3o, justamente onde \u00e9 mais essencial. Em meio \u00e0s discuss\u00f5es, o general Jos\u00e9 Orlando Cardoso foi empossado como presidente da Postal Sa\u00fade, que administra o plano dos trabalhadores da empresa. O aumento do custo deste servi\u00e7o \u00e9 alvo de amea\u00e7as de greve dos funcion\u00e1rios.<\/p>\n<p style=\"text-align: justify;\">De qualquer forma, uma eventual privatiza\u00e7\u00e3o n\u00e3o sair\u00e1 em 2020. Segundo o secret\u00e1rio de Desestatiza\u00e7\u00e3o, Desinvestimento e Mercados do Minist\u00e9rio da Economia, Salim Mattar, o Executivo contratar\u00e1 uma consultoria para avaliar as alternativas do modelo de privatiza\u00e7\u00e3o dos Correios e, por conta disso, dificilmente a venda da companhia ocorrer\u00e1 neste ano. \u201cA empresa tem uma complexidade muito grande, tem um monop\u00f3lio estatal e a quest\u00e3o da universalidade da entrega da carta (que est\u00e1 prevista na Constitui\u00e7\u00e3o Federal), tem mais de 100 mil funcion\u00e1rios. Por isso, os Correios v\u00e3o dar um pouco mais de trabalho\u201d, afirmou. \u201cA empresa tem ativos que valem. Uma liquida\u00e7\u00e3o est\u00e1 fora de cogita\u00e7\u00e3o\u201d, garantiu.<\/p>\n<p style=\"text-align: justify;\">Marcus Vinicius Macedo Pessanha, especialista em direito administrativo, regula\u00e7\u00e3o e infraestrutura, afirma que o caminho comum, nos casos de privatiza\u00e7\u00f5es, \u00e9 a cria\u00e7\u00e3o de um programa de demiss\u00e3o volunt\u00e1ria. \u201cAs pessoas que trabalham nas empresas p\u00fablicas s\u00e3o contratadas pelo regime celetista. A diferen\u00e7a em rela\u00e7\u00e3o \u00e0 iniciativa privada \u00e9 que as contrata\u00e7\u00f5es s\u00e3o por concurso p\u00fablico. O comum neste caso \u00e9 a cria\u00e7\u00e3o de um programa de demiss\u00e3o volunt\u00e1ria para reduzir o quadro de servidores antes da privatiza\u00e7\u00e3o\u201d, explica.<\/p>\n<p style=\"text-align: justify;\">Cess\u00e3o<\/p>\n<p>Existe ainda a possibilidade de que alguns empregados dos Correios sejam deslocados para outras empresas p\u00fablicas. O governo j\u00e1 vem recebendo pedidos de cess\u00e3o por outras \u00e1reas do Executivo. No entanto, o temor da equipe econ\u00f4mica \u00e9 de que as transfer\u00eancias, se realizadas, enfraque\u00e7am o programa de privatiza\u00e7\u00e3o, que tem como foco reduzir o tamanho da m\u00e1quina p\u00fablica e os gastos com pessoal. Dessa forma, cess\u00f5es poderiam gerar maior rejei\u00e7\u00e3o a privatiza\u00e7\u00f5es futuras.<\/p>\n<p style=\"text-align: justify;\">A economista Elena Landau, especialista em privatiza\u00e7\u00f5es, aponta que poderia ser criada uma empresa extra para absolver os funcion\u00e1rios. Para ela, a d\u00edvida com encargos trabalhistas, se for elevada, tira a atratividade do neg\u00f3cio. \u201cVoc\u00ea pode fazer um PDV antes, ou deixar funcion\u00e1rios e d\u00edvidas em uma empresa separada e o governo assume. A d\u00edvida com os encargos trabalhistas pode ser t\u00e3o grande que n\u00e3o interessa \u00e0 gest\u00e3o privada. Tem que estudar, n\u00e3o pode usar isso como desculpa para n\u00e3o come\u00e7ar. J\u00e1 tem um ano e nada foi feito\u201d, destaca.<\/p>\n<p style=\"text-align: justify;\"><strong>Carro\u00e7a na frente dos bois<\/strong><\/p>\n<p style=\"text-align: justify;\">Diante da incerteza de qual ser\u00e1 o futuro da estatal, entidades representativas de trabalhadores da empresa se juntaram para criar o movimento Frente Ampla Todos pelos Correios. O principal objetivo do grupo \u00e9 ressaltar a import\u00e2ncia de o Brasil contar com um servi\u00e7o postal 100% p\u00fablico. O vice-presidente da Associa\u00e7\u00e3o dos Profissionais dos Correios (<strong>Adcap<\/strong>), <strong>Marcos Cesar Alves<\/strong>, acredita que h\u00e1 um equ\u00edvoco por parte do governo federal ao incluir a institui\u00e7\u00e3o na carteira do PPI e alerta que o Executivo est\u00e1 \u201ccolocando a carro\u00e7a na frente dos bois\u201d.<\/p>\n<p style=\"text-align: justify;\">\u201cO Brasil tem um territ\u00f3rio gigantesco, e os Correios est\u00e3o presentes em todos os munic\u00edpios, com uma infraestrutura j\u00e1 instalada, que funciona bem e \u00e9 paga pela pr\u00f3pria empresa, pois a estatal n\u00e3o depende de recursos do Tesouro Nacional. Al\u00e9m disso, os n\u00edveis de qualidade do servi\u00e7o ultrapassam 98% no \u00edndice geral. Atualmente, temos uma situa\u00e7\u00e3o est\u00e1vel, sendo que os Correios s\u00e3o usados pelos pr\u00f3prios concorrentes, visto que eles n\u00e3o conseguem fazer entregas no interior do Amap\u00e1, por exemplo\u201d, cita.<\/p>\n<p style=\"text-align: justify;\">Alves acredita que, antes de decidir por um plano de privatiza\u00e7\u00e3o, o governo federal deveria implementar um marco regulat\u00f3rio, assim como foi feito h\u00e1 alguns anos com o servi\u00e7o de telecomunica\u00e7\u00f5es e, em 2019, com o saneamento b\u00e1sico. Ele acrescenta que \u00e9 dif\u00edcil entender a motiva\u00e7\u00e3o de se privatizar a estatal visto que s\u00e3o poucos pa\u00edses com um servi\u00e7o de correio privado: Mal\u00e1sia, Malta, Holanda, Cingapura, Aruba, Gr\u00e3-Bretanha, L\u00edbano e Portugal. Neste \u00faltimo, a popula\u00e7\u00e3o tem protestado e sa\u00eddo \u00e0s ruas pedindo uma \u201crenacionaliza\u00e7\u00e3o\u201d dos correios.<\/p>\n<p>Protesto<\/p>\n<p style=\"text-align: justify;\">Diante da incerteza de qual ser\u00e1 o futuro da estatal, entidades representativas de trabalhadores da empresa se juntaram para criar o movimento Frente Ampla Todos pelos Correios. O principal objetivo do grupo \u00e9 ressaltar a import\u00e2ncia de o Brasil contar com um servi\u00e7o postal 100% p\u00fablico. O vice-presidente da Associa\u00e7\u00e3o dos Profissionais dos Correios (Adcap), Marcos Cesar Alves, acredita que h\u00e1 um equ\u00edvoco por parte do governo federal ao incluir a institui\u00e7\u00e3o na carteira do PPI e alerta que o Executivo est\u00e1 \u201ccolocando a carro\u00e7a na frente dos bois\u201d.<\/p>\n<p style=\"text-align: justify;\">\u201cO Brasil tem um territ\u00f3rio gigantesco, e os Correios est\u00e3o presentes em todos os munic\u00edpios, com uma infraestrutura j\u00e1 instalada, que funciona bem e \u00e9 paga pela pr\u00f3pria empresa, pois a estatal n\u00e3o depende de recursos do Tesouro Nacional. Al\u00e9m disso, os n\u00edveis de qualidade do servi\u00e7o ultrapassam 98% no \u00edndice geral. Atualmente, temos uma situa\u00e7\u00e3o est\u00e1vel, sendo que os Correios s\u00e3o usados pelos pr\u00f3prios concorrentes, visto que eles n\u00e3o conseguem fazer entregas no interior do Amap\u00e1, por exemplo\u201d, cita.<br \/>\nAlves acredita que, antes de decidir por um plano de privatiza\u00e7\u00e3o, o governo federal deveria implementar um marco regulat\u00f3rio, assim como foi feito h\u00e1 alguns anos com o servi\u00e7o de telecomunica\u00e7\u00f5es e, em 2019, com o saneamento b\u00e1sico. Ele acrescenta que \u00e9 dif\u00edcil entender a motiva\u00e7\u00e3o de se privatizar a estatal visto que s\u00e3o poucos pa\u00edses com um servi\u00e7o de correio privado: Mal\u00e1sia, Malta, Holanda, Cingapura, Aruba, Gr\u00e3-Bretanha, L\u00edbano e Portugal. Neste \u00faltimo, a popula\u00e7\u00e3o tem protestado e sa\u00eddo \u00e0s ruas pedindo uma \u201crenacionaliza\u00e7\u00e3o\u201d dos correios.<\/p>\n<p style=\"text-align: justify;\">Cinco perguntas para\u00a0general Floriano Peixoto, presidente dos Correios<\/p>\n<p>Revis\u00e3o de processos internos<\/p>\n<p style=\"text-align: justify;\">Desde que o senhor assumiu, no ano passado, o que mudou a empresa?<\/p>\n<p>A Diretoria dos Correios promoveu a mudan\u00e7a do foco de atua\u00e7\u00e3o da empresa. Agora, a ordem \u00e9 garantir a sustentabilidade financeira e a m\u00e1xima efici\u00eancia na presta\u00e7\u00e3o de servi\u00e7os. Estamos revisando o portf\u00f3lio de produtos e atendimento ao cliente, firmando novas parcerias com entes p\u00fablicos e privados, modernizando processos internos, racionalizando a carteira imobili\u00e1ria e promovendo uma reestrutura\u00e7\u00e3o interna que viabiliza as opera\u00e7\u00f5es de maneira eficaz.<\/p>\n<p style=\"text-align: justify;\">Por quais motivos chegamos \u00e0 situa\u00e7\u00e3o de se discutir a privatiza\u00e7\u00e3o dos Correios?<\/p>\n<p>Existe no programa de governo do Presidente Jair Bolsonaro a premissa da desburocratiza\u00e7\u00e3o do Estado, do investimento de esfor\u00e7os e recursos em temas priorit\u00e1rios para o cidad\u00e3o, que s\u00e3o, principalmente, a educa\u00e7\u00e3o, a sa\u00fade e a seguran\u00e7a. Esse contexto inclui a desestatiza\u00e7\u00e3o de empresas p\u00fablicas como os Correios.<\/p>\n<p style=\"text-align: justify;\">Comenta-se sobre a abertura de capital da estatal ou at\u00e9 a liquida\u00e7\u00e3o total. Qual a sua avalia\u00e7\u00e3o sobre o futuro dos Correios?<\/p>\n<p>Conforme determinado pelo Decreto n\u00ba 10.066\/2019, os estudos de viabilidade econ\u00f4mico-financeira coordenados pelo BNDES indicar\u00e3o a melhor alternativa para os Correios. \u00c9 um processo semelhante ao ocorrido com o Sistema Telebr\u00e1s, que apontou o modelo que hoje temos no setor. O processo j\u00e1 est\u00e1 em andamento e, quando estiver conclu\u00eddo, com certeza teremos uma resolu\u00e7\u00e3o que priorizar\u00e1 a sociedade e o cidad\u00e3o. Os estudos conduzidos pela Casa Civil ser\u00e3o enviados a inst\u00e2ncias superiores para delibera\u00e7\u00e3o que ser\u00e3o cumpridas pelos Correios.<\/p>\n<p style=\"text-align: justify;\">Em caso de privatiza\u00e7\u00e3o, como fica a situa\u00e7\u00e3o dos franqueados?<\/p>\n<p>Os estudos conduzidos pelo BNDES tamb\u00e9m dever\u00e3o tratar desse assunto, uma vez que a rede franqueada representa importante parcela das opera\u00e7\u00f5es dos Correios.<\/p>\n<p style=\"text-align: justify;\">Qual seria o destino dos empregados concursados em uma eventual privatiza\u00e7\u00e3o?<\/p>\n<p>Os funcion\u00e1rios dos Correios, como celetistas que s\u00e3o, podem ficar tranquilos, pois ter\u00e3o assegurados os direitos trabalhistas.<\/p>\n<h1 style=\"text-align: justify;\"><strong>As grandes mentiras sobre os\u00a0<\/strong><strong>Correios\u00a0propagadas pelo governo<\/strong><\/h1>\n<p style=\"text-align: justify;\">Correios do Brasil<br \/>\n20\/01\/2020<\/p>\n<p style=\"text-align: justify;\">Preparamos uma mat\u00e9ria explicativa rebatendo todas as informa\u00e7\u00f5es falsas divulgadas pelo\u00a0governo sobre a situa\u00e7\u00e3o dos <strong>Correios<\/strong>.<\/p>\n<p style=\"text-align: justify;\">A mentira virou m\u00e9todo do governo e sua equipe econ\u00f4mica. Sem qualquer\u00a0fundamenta\u00e7\u00e3o ou credibilidade, as frases de impacto potencializados pelos\u00a0in\u00fameros seguidores com perfis falsos, distorcem a verdade atrav\u00e9s de sua\u00a0mil\u00edcia digital.<\/p>\n<p style=\"text-align: justify;\">Infelizmente, o governo usa das mesmas pr\u00e1ticas da \u201cvelha pol\u00edtica\u201d que tanto criticou,\u00a0ou seja, propaga mentiras ou meias verdades, principalmente sobre os Correios.<\/p>\n<p style=\"text-align: justify;\">Para desmistificar esse tema, preparamos uma mat\u00e9ria explicativa rebatendo todas as\u00a0informa\u00e7\u00f5es falsas divulgadas pelo governo sobre a situa\u00e7\u00e3o dos Correios.<\/p>\n<p style=\"text-align: justify;\">Saiba mais:<\/p>\n<p style=\"text-align: justify;\">A PRIVATIZA\u00c7\u00c3O DOS CORREIOS SER\u00c1 BOA PARA A ECONOMIA DO\u00a0PA\u00cdS?<\/p>\n<p>MENTIRA.<\/p>\n<p>Al\u00e9m de destruir um patrim\u00f4nio p\u00fablico vital para o pa\u00eds e sua economia, com a\u00a0privatiza\u00e7\u00e3o dos Correios poderemos ver mais um setor estrat\u00e9gico para o avan\u00e7o do pa\u00eds\u00a0dado de bandeja ao capital internacional.<\/p>\n<p>Desta forma, a privatiza\u00e7\u00e3o impactar\u00e1 diretamente e negativamente na economia,\u00a0prejudicando os pequenos e grandes empres\u00e1rios que dependem dos servi\u00e7os dos Correios p\u00fablicos com tarifas baixas para alavancar suas empresas e gerar mais<br \/>\nempregos.<\/p>\n<p style=\"text-align: justify;\">Vale ressaltar que os Correios s\u00e3o a empresa p\u00fablica que mais emprega no pa\u00eds, s\u00e3o mais\u00a0de 100 mil funcion\u00e1rios diretos e aproximadamente 300 mil indiretos e terceirizados.<\/p>\n<p style=\"text-align: justify;\">SE PRIVATIZAR AS TARIFAS POSTAIS V\u00c3O CAIR?<\/p>\n<p style=\"text-align: justify;\">MENTIRA.<\/p>\n<p style=\"text-align: justify;\">O Brasil t\u00eam um hist\u00f3rico de privatiza\u00e7\u00f5es onde comprova que nenhuma delas teve como\u00a0foco a redu\u00e7\u00e3o de tarifas, pelo contr\u00e1rio, s\u00f3 aumentou, extorquindo a popula\u00e7\u00e3o e a\u00a0qualidade do servi\u00e7o s\u00f3 piorou.<\/p>\n<p style=\"text-align: justify;\">Atualmente, as tarifas postais praticadas pelos Correios s\u00e3o em m\u00e9dia 40% menores que\u00a0nas empresas do mesmo seguimento no pa\u00eds. Entretanto, apenas os Correios atua em\u00a0todos os munic\u00edpios, as outras priorizam as grandes cidades, resumindo sua atua\u00e7\u00e3o em\u00a0menos de 150 cidades das 5570 existentes no Brasil.<\/p>\n<p style=\"text-align: justify;\">OS CORREIOS D\u00c3O PREJU\u00cdZO?<\/p>\n<p style=\"text-align: justify;\">MENTIRA.<\/p>\n<p style=\"text-align: justify;\">Os Correios s\u00e3o uma empresa altamente lucrativa, mesmo com as mentiras veiculadas,\u00a0os n\u00fameros divulgados pela dire\u00e7\u00e3o da ECT e governo, desmentem as declara\u00e7\u00f5es do\u00a0presidente.<\/p>\n<p style=\"text-align: justify;\">O boletim das estatais, divulgado pelo governo, comprova que os Correios nunca foi\u00a0dependente da Uni\u00e3o, pelo contr\u00e1rio, entre os anos de 2011 e 2016, o governo levou mais\u00a0de R$ 6 bilh\u00f5es dos cofres dos Correios, al\u00e9m dos dividendos.<\/p>\n<p style=\"text-align: justify;\">Nos \u00faltimos anos, a ECT apresentou resultados positivos em 2017 (R$ 667 milh\u00f5es),\u00a02018 ( R$ 161 milh\u00f5es) e a perspectiva para 2019 \u00e9 de recorde de faturamento. \u00c9\u00a0inacredit\u00e1vel a cara lisa desse pessoal em mais uma mentira deslavada.<\/p>\n<p style=\"text-align: justify;\">O POVO BRASILEIRO PAGA O ROMBO DO FUNDO DE PENS\u00c3O\u00a0(POSTALIS)?<\/p>\n<p style=\"text-align: justify;\">MENTIRA.<\/p>\n<p style=\"text-align: justify;\">Em mais uma informa\u00e7\u00e3o falsa, o governo distorce e tenta justificar uma privatiza\u00e7\u00e3o\u00a0pelo preju\u00edzo no fundo de pens\u00e3o, por\u00e9m esconde que o Ministro da Economia Paulo\u00a0Guedes, segue acusado de m\u00e1 gest\u00e3o do dinheiro dos fundos de pens\u00e3o pela justi\u00e7a.<\/p>\n<p style=\"text-align: justify;\">Os trabalhadores dos Correios ativos e aposentados, \u00e9 que arcam atrav\u00e9s de descontos\u00a0enormes em seus holerites, o rombo causado pela atua\u00e7\u00e3o desastrosa dos indicados\u00a0do governo para administrar o dinheiro da aposentadoria dos trabalhadores.<\/p>\n<p style=\"text-align: justify;\">PLANO DE SA\u00daDE \u00c9 BANCADO PELO POVO PAGADOR DE IMPOSTOS?<\/p>\n<p style=\"text-align: justify;\">MENTIRA.<\/p>\n<p style=\"text-align: justify;\">O povo brasileiro N\u00c3O, quem arca com o alto custeio do plano de sa\u00fade s\u00e3o os\u00a0trabalhadores dos Correios, que est\u00e3o amargando uma batalha contra o aumento das<br \/>\nmensalidades e da coparticipa\u00e7\u00e3o em 100%, totalmente fora da realidade econ\u00f4mica\u00a0dos trabalhadores que ganham em m\u00e9dia pouco mais de um sal\u00e1rio m\u00ednimo.<\/p>\n<p style=\"text-align: justify;\">O governo insiste em mentir sobre a realidade econ\u00f4mica dos Correios,\u00a0zomba dos trabalhadores, de suas fam\u00edlias, dos empres\u00e1rios e da popula\u00e7\u00e3o.<\/p>\n<p style=\"text-align: justify;\">Esquece que 92% do lucro dos Correios v\u00eam de apenas 324 munic\u00edpios brasileiros, e que 90% das lojas virtuais usam os servi\u00e7os da empresa por\u00a0contas das tarifas atrativas e pela confiabilidade.<\/p>\n<p style=\"text-align: justify;\">A PRIVATIZA\u00c7\u00c3O far\u00e1 com que os lugares mais long\u00ednquos e extremos\u00a0fiquem sem a cobertura do servi\u00e7o postal, j\u00e1 imaginou o quanto seria ruim?<\/p>\n<h1 style=\"text-align: justify;\"><strong>E a privatiza\u00e7\u00e3o dos Correios?<\/strong><\/h1>\n<p style=\"text-align: justify;\">Antagonista<br \/>\n20.01.20 10:27<\/p>\n<p style=\"text-align: justify;\">Jair Bolsonaro abriu o flanco nos Correios.<\/p>\n<p style=\"text-align: justify;\">A <strong>Adcap<\/strong>, associa\u00e7\u00e3o dos profissionais da estatal, sustenta que a empresa deu lucro nos \u00faltimos dois anos e questiona a motiva\u00e7\u00e3o do governo \u201cpara denegrir a imagem dos Correios e de seus trabalhadores, afetando, assim, o pr\u00f3prio valor da empresa que alegam querer vender\u201d.<\/p>\n<p style=\"text-align: justify;\">\u201cSem argumentos para justificar a inten\u00e7\u00e3o do governo federal de privatizar os Correios, Salim Mattar, secret\u00e1rio de Desestatiza\u00e7\u00e3o do Minist\u00e9rio da Economia, tem mentido sistematicamente\u201d, diz a Adcap, em nota.<\/p>\n<p style=\"text-align: justify;\">H\u00e1 duas semanas, Bolsonaro afirmou que pretende privatizar a estatal neste ano.<\/p>\n<p style=\"text-align: justify;\">\n<p style=\"text-align: right;\"><strong>Dire\u00e7\u00e3o Nacional da ADCAP.<\/strong><\/p>\n","protected":false},"excerpt":{"rendered":"<p>Governo descartou parceria com Correios para\u00a0ajudar na crise do INSS Assunto vinha sendo discutido at\u00e9 final de 2019; de olho em privatizar, governo quer tirar protagonismo da empresa Veja \/&hellip;<\/p>\n","protected":false},"author":1,"featured_media":0,"comment_status":"open","ping_status":"open","sticky":false,"template":"","format":"standard","meta":{"_editorskit_title_hidden":false,"_editorskit_reading_time":0,"_editorskit_is_block_options_detached":false,"_editorskit_block_options_position":"{}","footnotes":""},"categories":[3,43],"tags":[],"aioseo_notices":[],"_links":{"self":[{"href":"https:\/\/adcap.org.br\/index.php\/wp-json\/wp\/v2\/posts\/13277"}],"collection":[{"href":"https:\/\/adcap.org.br\/index.php\/wp-json\/wp\/v2\/posts"}],"about":[{"href":"https:\/\/adcap.org.br\/index.php\/wp-json\/wp\/v2\/types\/post"}],"author":[{"embeddable":true,"href":"https:\/\/adcap.org.br\/index.php\/wp-json\/wp\/v2\/users\/1"}],"replies":[{"embeddable":true,"href":"https:\/\/adcap.org.br\/index.php\/wp-json\/wp\/v2\/comments?post=13277"}],"version-history":[{"count":0,"href":"https:\/\/adcap.org.br\/index.php\/wp-json\/wp\/v2\/posts\/13277\/revisions"}],"wp:attachment":[{"href":"https:\/\/adcap.org.br\/index.php\/wp-json\/wp\/v2\/media?parent=13277"}],"wp:term":[{"taxonomy":"category","embeddable":true,"href":"https:\/\/adcap.org.br\/index.php\/wp-json\/wp\/v2\/categories?post=13277"},{"taxonomy":"post_tag","embeddable":true,"href":"https:\/\/adcap.org.br\/index.php\/wp-json\/wp\/v2\/tags?post=13277"}],"curies":[{"name":"wp","href":"https:\/\/api.w.org\/{rel}","templated":true}]}}