{"id":13252,"date":"2020-01-13T16:49:41","date_gmt":"2020-01-13T16:49:41","guid":{"rendered":"http:\/\/www.adcap.org.br\/?p=13252"},"modified":"2020-01-13T16:49:41","modified_gmt":"2020-01-13T16:49:41","slug":"adcap-net-13-01-2020-funcionarios-dos-correios-ameacam-nova-greve-veja-mais","status":"publish","type":"post","link":"https:\/\/adcap.org.br\/index.php\/adcap-net-13-01-2020-funcionarios-dos-correios-ameacam-nova-greve-veja-mais\/","title":{"rendered":"Adcap Net 13\/01\/2020- Funcion\u00e1rios dos Correios amea\u00e7am nova greve &#8211; Veja mais!"},"content":{"rendered":"<h1 style=\"text-align: justify;\"><strong>Funcion\u00e1rios dos Correios amea\u00e7am nova\u00a0<\/strong><strong>greve<\/p>\n<p><\/strong><\/h1>\n<p style=\"text-align: center;\">Federa\u00e7\u00e3o Nacional dos Trabalhadores em Empresas de Correios far\u00e1 reuni\u00f5es com sindicatos para tratar do tema<\/p>\n<p style=\"text-align: center;\"><a href=\"http:\/\/www.adcap.org.br\/wp-content\/uploads\/Materia-Painel-Folha-1301.jpg\" data-rel=\"penci-gallery-image-content\" ><img decoding=\"async\" loading=\"lazy\" class=\"aligncenter size-full wp-image-13253\" src=\"http:\/\/www.adcap.org.br\/wp-content\/uploads\/Materia-Painel-Folha-1301.jpg\" alt=\"\" width=\"631\" height=\"422\" srcset=\"https:\/\/adcap.org.br\/wp-content\/uploads\/Materia-Painel-Folha-1301.jpg 631w, https:\/\/adcap.org.br\/wp-content\/uploads\/Materia-Painel-Folha-1301-300x201.jpg 300w, https:\/\/adcap.org.br\/wp-content\/uploads\/Materia-Painel-Folha-1301-585x391.jpg 585w\" sizes=\"(max-width: 631px) 100vw, 631px\" \/><\/a><\/p>\n<p style=\"text-align: center;\">Estatal e trabalhadores n\u00e3o chegaram a consenso sobre acordo coletivo,<br \/>\nque venceu dia 31 de agosto<\/p>\n<p style=\"text-align: justify;\">\n<p style=\"text-align: justify;\">Painel Folha SP<br \/>\n13\/01\/2020<\/p>\n<p style=\"text-align: justify;\">Insatisfeita com a liminar do presidente do STF, Dias Toffoli, que em novembro suspendeu uma decis\u00e3o do Tribunal Superior do Trabalho sobre plano de sa\u00fade dos trabalhadores dos <strong>Correios<\/strong>, a categoria amea\u00e7a entrar em greve novamente. A Fentec (Federa\u00e7\u00e3o Nacional dos Trabalhadores em Empresas de Correios) far\u00e1 reuni\u00f5es quarta (15) e quinta (16) com sindicatos para tratar do tema. A assembleia para votar a greve ser\u00e1 no dia 29, com indicativo de paralisa\u00e7\u00e3o no dia 30.<\/p>\n<p style=\"text-align: justify;\">Extravio\u2002Uma das grandes reclama\u00e7\u00f5es dos funcion\u00e1rios, que chegaram a entrar em greve no ano passado, \u00e9 o tamanho da coparticipa\u00e7\u00e3o que s\u00e3o obrigados a pagar nos procedimentos m\u00e9dicos e os gastos com interna\u00e7\u00f5es. As idas e vindas no custo da m\u00e3o de obra comprometem os planos de privatiza\u00e7\u00e3o.<\/p>\n<p style=\"text-align: justify;\">Envelope\u2002\u201cParece que a diretoria quer provocar greve. O pessoal j\u00e1 foi penalizado no julgamento do diss\u00eddio quando caiu o plano de sa\u00fade para pai e m\u00e3e dos empregados. Foi decis\u00e3o do TST, o pessoal aceitou, mas parece que a diretoria n\u00e3o considerou suficiente e conseguiu a liminar do Toffoli para mudar o compartilhamento\u201d, diz <strong>Marcos Alves<\/strong>, da <strong>Adcap <\/strong>(Associa\u00e7\u00e3o dos Profissionais dos Correios).<\/p>\n<p style=\"text-align: justify;\">\n<p style=\"text-align: right;\"><strong>Dire\u00e7\u00e3o Nacional da ADCAP.<\/strong><\/p>\n","protected":false},"excerpt":{"rendered":"<p>Funcion\u00e1rios dos Correios amea\u00e7am nova\u00a0greve Federa\u00e7\u00e3o Nacional dos Trabalhadores em Empresas de Correios far\u00e1 reuni\u00f5es com sindicatos para tratar do tema Estatal e trabalhadores n\u00e3o chegaram a consenso sobre acordo&hellip;<\/p>\n","protected":false},"author":1,"featured_media":0,"comment_status":"open","ping_status":"open","sticky":false,"template":"","format":"standard","meta":{"_editorskit_title_hidden":false,"_editorskit_reading_time":0,"_editorskit_is_block_options_detached":false,"_editorskit_block_options_position":"{}","footnotes":""},"categories":[3,43],"tags":[],"aioseo_notices":[],"_links":{"self":[{"href":"https:\/\/adcap.org.br\/index.php\/wp-json\/wp\/v2\/posts\/13252"}],"collection":[{"href":"https:\/\/adcap.org.br\/index.php\/wp-json\/wp\/v2\/posts"}],"about":[{"href":"https:\/\/adcap.org.br\/index.php\/wp-json\/wp\/v2\/types\/post"}],"author":[{"embeddable":true,"href":"https:\/\/adcap.org.br\/index.php\/wp-json\/wp\/v2\/users\/1"}],"replies":[{"embeddable":true,"href":"https:\/\/adcap.org.br\/index.php\/wp-json\/wp\/v2\/comments?post=13252"}],"version-history":[{"count":0,"href":"https:\/\/adcap.org.br\/index.php\/wp-json\/wp\/v2\/posts\/13252\/revisions"}],"wp:attachment":[{"href":"https:\/\/adcap.org.br\/index.php\/wp-json\/wp\/v2\/media?parent=13252"}],"wp:term":[{"taxonomy":"category","embeddable":true,"href":"https:\/\/adcap.org.br\/index.php\/wp-json\/wp\/v2\/categories?post=13252"},{"taxonomy":"post_tag","embeddable":true,"href":"https:\/\/adcap.org.br\/index.php\/wp-json\/wp\/v2\/tags?post=13252"}],"curies":[{"name":"wp","href":"https:\/\/api.w.org\/{rel}","templated":true}]}}