{"id":13065,"date":"2019-11-13T15:41:18","date_gmt":"2019-11-13T15:41:18","guid":{"rendered":"http:\/\/www.adcap.org.br\/?p=13065"},"modified":"2019-11-13T15:41:18","modified_gmt":"2019-11-13T15:41:18","slug":"mais-uma-capital-aprova-mocao-de-repudio-a-intencao-de-privatizacao-dos-correios","status":"publish","type":"post","link":"https:\/\/adcap.org.br\/index.php\/mais-uma-capital-aprova-mocao-de-repudio-a-intencao-de-privatizacao-dos-correios\/","title":{"rendered":"Mais uma capital aprova mo\u00e7\u00e3o de rep\u00fadio \u00e0 inten\u00e7\u00e3o de privatiza\u00e7\u00e3o dos Correios"},"content":{"rendered":"<h1 style=\"text-align: center;\"><strong>MAIS UMA CAPITAL APROVA MO\u00c7\u00c3O DE <\/strong><\/h1>\n<h1 style=\"text-align: center;\"><strong>REP\u00daDIO \u00c0 INTEN\u00c7\u00c3O DE <\/strong><\/h1>\n<h1 style=\"text-align: center;\"><strong>PRIVATIZA\u00c7\u00c3O\u00a0DOS CORREIOS<\/strong><\/h1>\n<p style=\"text-align: justify;\">\nBelo Horizonte \u00e9 mais uma capital a aprovar mo\u00e7\u00e3o de rep\u00fadio \u00e0 inten\u00e7\u00e3o de privatiza\u00e7\u00e3o dos Correios, demonstrando que a atua\u00e7\u00e3o e presen\u00e7a dos Correios \u00e9 importante tamb\u00e9m nas grandes cidades.<\/p>\n<p style=\"text-align: justify;\">Minas Gerais continua liderando o ranking de mo\u00e7\u00f5es obtidas, com 58.<\/p>\n<p style=\"text-align: justify;\">Contamos com o engajamento dos n\u00facleos nesse esfor\u00e7o que \u00e9 fundamental para combater a inten\u00e7\u00e3o de privatiza\u00e7\u00e3o dos Correios.<\/p>\n<p>&nbsp;<\/p>\n<p style=\"text-align: center;\"><a href=\"http:\/\/www.adcap.org.br\/wp-content\/uploads\/Mocao-1.jpg\" data-rel=\"penci-gallery-image-content\" ><img decoding=\"async\" loading=\"lazy\" class=\"aligncenter size-full wp-image-13066\" src=\"http:\/\/www.adcap.org.br\/wp-content\/uploads\/Mocao-1.jpg\" alt=\"\" width=\"638\" height=\"901\" srcset=\"https:\/\/adcap.org.br\/wp-content\/uploads\/Mocao-1.jpg 638w, https:\/\/adcap.org.br\/wp-content\/uploads\/Mocao-1-212x300.jpg 212w, https:\/\/adcap.org.br\/wp-content\/uploads\/Mocao-1-585x826.jpg 585w\" sizes=\"(max-width: 638px) 100vw, 638px\" \/><\/a><\/p>\n<p><a href=\"http:\/\/www.adcap.org.br\/wp-content\/uploads\/Mocao-2.jpg\" data-rel=\"penci-gallery-image-content\" ><img decoding=\"async\" loading=\"lazy\" class=\"aligncenter size-full wp-image-13067\" src=\"http:\/\/www.adcap.org.br\/wp-content\/uploads\/Mocao-2.jpg\" alt=\"\" width=\"640\" height=\"886\" srcset=\"https:\/\/adcap.org.br\/wp-content\/uploads\/Mocao-2.jpg 640w, https:\/\/adcap.org.br\/wp-content\/uploads\/Mocao-2-217x300.jpg 217w, https:\/\/adcap.org.br\/wp-content\/uploads\/Mocao-2-585x810.jpg 585w\" sizes=\"(max-width: 640px) 100vw, 640px\" \/><\/a><a href=\"http:\/\/www.adcap.org.br\/wp-content\/uploads\/Mocao-3.jpg\" data-rel=\"penci-gallery-image-content\" ><img decoding=\"async\" loading=\"lazy\" class=\"aligncenter size-full wp-image-13068\" src=\"http:\/\/www.adcap.org.br\/wp-content\/uploads\/Mocao-3.jpg\" alt=\"\" width=\"639\" height=\"823\" srcset=\"https:\/\/adcap.org.br\/wp-content\/uploads\/Mocao-3.jpg 639w, https:\/\/adcap.org.br\/wp-content\/uploads\/Mocao-3-233x300.jpg 233w, https:\/\/adcap.org.br\/wp-content\/uploads\/Mocao-3-585x753.jpg 585w\" sizes=\"(max-width: 639px) 100vw, 639px\" \/><\/a><\/p>\n<p style=\"text-align: right;\"><strong>Dire\u00e7\u00e3o Nacional da ADCAP.<\/strong><\/p>\n","protected":false},"excerpt":{"rendered":"<p>MAIS UMA CAPITAL APROVA MO\u00c7\u00c3O DE REP\u00daDIO \u00c0 INTEN\u00c7\u00c3O DE PRIVATIZA\u00c7\u00c3O\u00a0DOS CORREIOS Belo Horizonte \u00e9 mais uma capital a aprovar mo\u00e7\u00e3o de rep\u00fadio \u00e0 inten\u00e7\u00e3o de privatiza\u00e7\u00e3o dos Correios, demonstrando&hellip;<\/p>\n","protected":false},"author":1,"featured_media":0,"comment_status":"open","ping_status":"open","sticky":false,"template":"","format":"standard","meta":{"_editorskit_title_hidden":false,"_editorskit_reading_time":0,"_editorskit_is_block_options_detached":false,"_editorskit_block_options_position":"{}","footnotes":""},"categories":[5,44],"tags":[],"aioseo_notices":[],"_links":{"self":[{"href":"https:\/\/adcap.org.br\/index.php\/wp-json\/wp\/v2\/posts\/13065"}],"collection":[{"href":"https:\/\/adcap.org.br\/index.php\/wp-json\/wp\/v2\/posts"}],"about":[{"href":"https:\/\/adcap.org.br\/index.php\/wp-json\/wp\/v2\/types\/post"}],"author":[{"embeddable":true,"href":"https:\/\/adcap.org.br\/index.php\/wp-json\/wp\/v2\/users\/1"}],"replies":[{"embeddable":true,"href":"https:\/\/adcap.org.br\/index.php\/wp-json\/wp\/v2\/comments?post=13065"}],"version-history":[{"count":0,"href":"https:\/\/adcap.org.br\/index.php\/wp-json\/wp\/v2\/posts\/13065\/revisions"}],"wp:attachment":[{"href":"https:\/\/adcap.org.br\/index.php\/wp-json\/wp\/v2\/media?parent=13065"}],"wp:term":[{"taxonomy":"category","embeddable":true,"href":"https:\/\/adcap.org.br\/index.php\/wp-json\/wp\/v2\/categories?post=13065"},{"taxonomy":"post_tag","embeddable":true,"href":"https:\/\/adcap.org.br\/index.php\/wp-json\/wp\/v2\/tags?post=13065"}],"curies":[{"name":"wp","href":"https:\/\/api.w.org\/{rel}","templated":true}]}}