{"id":12992,"date":"2019-10-29T15:47:50","date_gmt":"2019-10-29T15:47:50","guid":{"rendered":"http:\/\/www.adcap.org.br\/?p=12992"},"modified":"2019-10-29T15:47:50","modified_gmt":"2019-10-29T15:47:50","slug":"adcap-net-29-10-2019-funcionarios-dos-correios-avaliam-ir-a-justica-contra-guedes-e-mattar-veja-mais","status":"publish","type":"post","link":"https:\/\/adcap.org.br\/index.php\/adcap-net-29-10-2019-funcionarios-dos-correios-avaliam-ir-a-justica-contra-guedes-e-mattar-veja-mais\/","title":{"rendered":"Adcap Net 29\/10\/2019 &#8211; Funcion\u00e1rios dos Correios avaliam ir \u00e0 Justi\u00e7a contra Guedes e Mattar &#8211; Veja mais!"},"content":{"rendered":"<h1 style=\"text-align: justify;\"><strong>Funcion\u00e1rios dos Correios v\u00e3o \u00e0 Justi\u00e7a contra\u00a0<\/strong><strong>Guedes por uso de dados mentirosos sobre a\u00a0<\/strong><strong>estatal<\/strong><\/h1>\n<p style=\"text-align: justify;\">Revista Forum<br \/>\n28 de outubro de 2019<\/p>\n<p style=\"text-align: justify;\">Os funcion\u00e1rios dos <strong>Correios <\/strong>avaliam ir \u00e0 Justi\u00e7a contra o ministro da Economia, Paulo Guedes, e Salim Mattar, secret\u00e1rio de Desestatiza\u00e7\u00e3o, pelo uso de informa\u00e7\u00f5es sobre a estatal que eles afirmam ser mentirosas, com o objetivo de manipular a opini\u00e3o p\u00fablica e justificar a privatiza\u00e7\u00e3o da empresa. Informa\u00e7\u00e3o \u00e9 da coluna de <a href=\"https:\/\/epoca.globo.com\/guilherme-amado\/funcionarios-dos-correios-avaliam-ir-justica-contra-guedes-mattar-24045503\">Guilherme Amado<\/a>, na \u00c9poca.<\/p>\n<p style=\"text-align: justify;\">Uma das informa\u00e7\u00f5es que os funcion\u00e1rios afirmam estar errada \u00e9 sobre o balan\u00e7o dos Correios, que, de acordo com eles, registraram lucro de R$ 800 milh\u00f5es nos \u00faltimos dois anos. Enquanto isso, o ministro da Economia tem repetido que a empresa d\u00e1 preju\u00edzo.<\/p>\n<p style=\"text-align: justify;\">Os Correios t\u00eam sido o principal alvo do governo de Jair Bolsonaro (PSL). O presidente chegou a dizer que \u201c<a href=\"https:\/\/revistaforum.com.br\/noticias\/estatais-na-faca-do-governo-privatizacao-comeca-pelos-correios-diz-bolsonaro\/\">privatiza\u00e7\u00e3o come\u00e7a pelos Correios\u201d<\/a> e a empresa \u00e9 uma das 15\u00a0inclu\u00eddas no <a href=\"https:\/\/revistaforum.com.br\/noticias\/eletrobras-correios-ebc-casa-da-moeda-saiba-quais-as-estatais-que-serao-privatizadas-por-bolsonaro\/\">plano de privatiza\u00e7\u00f5es de Paulo Guedes<\/a>, que\u00a0 abarca tamb\u00e9m Eletrobras, a EBC e a Casa da Moeda.<\/p>\n<p style=\"text-align: justify;\">No entanto, um levantamento do Datafolha divulgado no \u00faltimo m\u00eas revelou que\u00a0a popula\u00e7\u00e3o brasileira n\u00e3o est\u00e1 de acordo com os planos. Segundo a pesquisa, <a href=\"https:\/\/revistaforum.com.br\/politica\/maioria-da-populacao-se-opoe-a-privatizacao-de-estatais-defendida-por-paulo-guedes\/\">67% dos brasileiros s\u00e3o contr\u00e1rios<\/a> \u00e0s desestatiza\u00e7\u00f5es e apenas 25% se diz favor\u00e1vel.<\/p>\n<h1 style=\"text-align: justify;\"><strong>Funcion\u00e1rios dos Correios avaliam ir \u00e0 Justi\u00e7a\u00a0<\/strong><strong>contra Guedes e Mattar<\/strong><\/h1>\n<p style=\"text-align: justify;\">Reconta A\u00ed<br \/>\n28 outubro<\/p>\n<p style=\"text-align: justify;\"><a href=\"https:\/\/epoca.globo.com\/guilherme-amado\/funcionarios-dos-correios-avaliam-ir-justica-contra-guedes-mattar-24045503\">Em sua coluna desta segunda<\/a>-feira (28) na \u00c9poca, o jornalista Guilherme Amado afirma que os funcion\u00e1rios dos <strong>Correios <\/strong>estudam a hip\u00f3tese de ir \u00e0 Justi\u00e7a contra o ministro da Economia, Paulo Guedes, e o Secret\u00e1rio Especial de Desestatiza\u00e7\u00e3o, Desinvestimento e Mercados, Salim Mattar.<\/p>\n<p style=\"text-align: justify;\">A justificativa, segundo o colunista, seria \u201cpelo uso sistem\u00e1tico de informa\u00e7\u00f5es sobre a estatal que eles afirmam ser erradas, com o objetivo de justificar a privatiza\u00e7\u00e3o da estatal.\u201d<\/p>\n<p style=\"text-align: justify;\"><strong>Marcos C\u00e9sar Alves Silva<\/strong>, vice-presidente da Associa\u00e7\u00e3o dos Profissionais dos Correios (<strong>ADCAP<\/strong>), contou que uma das informa\u00e7\u00f5es falsas usadas pelas autoridades \u00e9 de que a empresa p\u00fablica tem dado preju\u00edzo.<\/p>\n<p style=\"text-align: justify;\">\u201cO Minist\u00e9rio da Economia sabe, por for\u00e7a de of\u00edcio, porque est\u00e1 no site dos Correios, que nos \u00faltimos dois anos demos lucro de mais de R$ 800 milh\u00f5es\u201d, disse.<\/p>\n<p>Alves Silva ressalta que a a\u00e7\u00e3o vem como uma resposta dos funcion\u00e1rios que est\u00e3o \u201ccansados de ver isso acontecendo e a diretoria da empresa silenciosa\u201d.<\/p>\n<p style=\"text-align: justify;\">Ele finaliza dizendo que os \u201cultraliberais extremistas do governo est\u00e3o afoitos para provar suas teses extremistas e por isso criam <em>fake news<\/em> para macular a imagem de estatais que deveriam ter seu trabalho reconhecido\u201d.<\/p>\n<p style=\"text-align: justify;\">Os Correios <a href=\"https:\/\/recontaai.com.br\/2019\/10\/16\/enem-e-correios\/\">exercem um papel fundamental<\/a> na log\u00edstica de correspond\u00eancia no Brasil. Sem essa expertise da empresa p\u00fablica, <a href=\"https:\/\/recontaai.com.br\/2019\/10\/16\/enem-e-correios\/\">seria imposs\u00edvel realizar o Enem<\/a>, por exemplo. Al\u00e9m disso, n\u00e3o h\u00e1 meios de garantir capilaridade de atendimento e inviolabilidade das correspond\u00eancias se a empresa perder seu car\u00e1ter p\u00fablico.<\/p>\n<p style=\"text-align: justify;\">O governo <a href=\"https:\/\/oglobo.globo.com\/economia\/governo-anunciou-17-privatizacoes-veja-lista-23892489\">anunciou uma lista com 17 estatais<\/a> a serem privatizadas, dentre elas os Correios, a Telebras, Serpro, <a href=\"https:\/\/recontaai.com.br\/2019\/09\/30\/podcast-ep08-o-governo-quer-vender-meus-dados\/\">Dataprev<\/a>, <a href=\"https:\/\/recontaai.com.br\/2019\/06\/06\/destruir-para-privatizar-como-bolsonaro-pretende-privatizar-a-experiencia-da-casa-da-moeda\/\">Casa da Moeda<\/a> e Eletrobras.<\/p>\n<h1 style=\"text-align: justify;\"><strong>Correios confirmam fim de contrato com BB\u00a0<\/strong><strong>no Banco Postal<\/strong><\/h1>\n<p style=\"text-align: justify;\">Valor<br \/>\n28\/10\/19<\/p>\n<p style=\"text-align: justify;\">Os <strong>Correios <\/strong>e o Banco do Brasil n\u00e3o chegaram a um acordo sobre a renova\u00e7\u00e3o do contrato do Banco Postal. A parceria entre as estatais ser\u00e1 encerrada em 15 de dezembro e a presta\u00e7\u00e3o do servi\u00e7o ser\u00e1 descontinuada, apurou o Valor. A informa\u00e7\u00e3o foi confirmada pela empresa postal.<\/p>\n<p style=\"text-align: justify;\">A partir desta data, a presta\u00e7\u00e3o de servi\u00e7os b\u00e1sicos como saques, dep\u00f3sitos, pagamentos de contas e consultas ser\u00e3o feitos por meio do Balc\u00e3o do Cidad\u00e3o, em parceria com mais de uma institui\u00e7\u00e3o financeira. O pr\u00f3prio Banco do Brasil negocia ades\u00e3o a este modelo de servi\u00e7o.<\/p>\n<p style=\"text-align: justify;\">Em 2018, o Banco Postal estava presente em 6.058 ag\u00eancias e teve receita de R$ 234,61\u00a0milh\u00f5es. O n\u00famero de ag\u00eancias que oferece o servi\u00e7o \u00e0 popula\u00e7\u00e3o caiu 60% entre desde o ano passado, totalizando 2.448 unidades. Entre os munic\u00edpios sem servi\u00e7os banc\u00e1rios, passou de 1.929 para 829.<\/p>\n<p style=\"text-align: justify;\">No in\u00edcio do m\u00eas, o Valor mostrou que os dois lados estavam negociando a quest\u00e3o, mas que havia dificuldades. O Banco do Brasil queria evitar o pagamento de \u201cluvas\u201d pelo direito de operar o servi\u00e7os, enquanto os Correios desejavam receber esse b\u00f4nus para fechar a parceria com o banco estatal ou outra institui\u00e7\u00e3o.<\/p>\n<p style=\"text-align: justify;\">O banco p\u00fablico discute os termos para aderir \u00e0 proposta para prestar servi\u00e7os banc\u00e1rios sem exclusividade com nenhuma institui\u00e7\u00e3o financeira. A ideia no BB \u00e9 tentar manter opera\u00e7\u00f5es por meio dos Correios em lugares de mais dif\u00edcil acesso, em posi\u00e7\u00e3o complementar \u00e0 sua pr\u00f3pria opera\u00e7\u00e3o. Esse projeto de ampliar a presta\u00e7\u00e3o de servi\u00e7os nas 6.248 ag\u00eancias espalhadas pelos 5.570 munic\u00edpios surgiu na administra\u00e7\u00e3o de Juarez Cunha, que comandou a estatal de remessas por sete meses e foi substitu\u00eddo por Floriano Peixoto junho deste ano.<\/p>\n<p style=\"text-align: justify;\">Uma fonte disse \u00e0 reportagem que a ideia de Cunha era aumentar a oferta de servi\u00e7os para mostrar ao governo federal a import\u00e2ncia dos Correios e evitar a privatiza\u00e7\u00e3o. Neste m\u00eas, um decreto assinado pelo presidente Jair Bolsonaro incluiu a empresa no Programa de Parcerias de Investimentos (PPI), que far\u00e1 estudos sobre a privatiza\u00e7\u00e3o.<\/p>\n<p style=\"text-align: justify;\">Segundo a estatal, todas as unidades de atendimento dos Correios estar\u00e3o dispon\u00edveis para a presta\u00e7\u00e3o do servi\u00e7o no Balc\u00e3o do Cidad\u00e3o, que ser\u00e1 formalizado por meio de contratos comerciais entre a empresa e as institui\u00e7\u00f5es financeiras. Por Alexandre Melo e Fabio Graner, Valor Econ\u00f4mico.<\/p>\n<p style=\"text-align: justify;\">\n<p style=\"text-align: right;\"><strong>Dire\u00e7\u00e3o Nacional da ADCAP.<\/strong><\/p>\n","protected":false},"excerpt":{"rendered":"<p>Funcion\u00e1rios dos Correios v\u00e3o \u00e0 Justi\u00e7a contra\u00a0Guedes por uso de dados mentirosos sobre a\u00a0estatal Revista Forum 28 de outubro de 2019 Os funcion\u00e1rios dos Correios avaliam ir \u00e0 Justi\u00e7a contra&hellip;<\/p>\n","protected":false},"author":1,"featured_media":0,"comment_status":"open","ping_status":"open","sticky":false,"template":"","format":"standard","meta":{"_editorskit_title_hidden":false,"_editorskit_reading_time":0,"_editorskit_is_block_options_detached":false,"_editorskit_block_options_position":"{}","footnotes":""},"categories":[3,43],"tags":[],"aioseo_notices":[],"_links":{"self":[{"href":"https:\/\/adcap.org.br\/index.php\/wp-json\/wp\/v2\/posts\/12992"}],"collection":[{"href":"https:\/\/adcap.org.br\/index.php\/wp-json\/wp\/v2\/posts"}],"about":[{"href":"https:\/\/adcap.org.br\/index.php\/wp-json\/wp\/v2\/types\/post"}],"author":[{"embeddable":true,"href":"https:\/\/adcap.org.br\/index.php\/wp-json\/wp\/v2\/users\/1"}],"replies":[{"embeddable":true,"href":"https:\/\/adcap.org.br\/index.php\/wp-json\/wp\/v2\/comments?post=12992"}],"version-history":[{"count":0,"href":"https:\/\/adcap.org.br\/index.php\/wp-json\/wp\/v2\/posts\/12992\/revisions"}],"wp:attachment":[{"href":"https:\/\/adcap.org.br\/index.php\/wp-json\/wp\/v2\/media?parent=12992"}],"wp:term":[{"taxonomy":"category","embeddable":true,"href":"https:\/\/adcap.org.br\/index.php\/wp-json\/wp\/v2\/categories?post=12992"},{"taxonomy":"post_tag","embeddable":true,"href":"https:\/\/adcap.org.br\/index.php\/wp-json\/wp\/v2\/tags?post=12992"}],"curies":[{"name":"wp","href":"https:\/\/api.w.org\/{rel}","templated":true}]}}