{"id":12951,"date":"2019-10-17T12:55:31","date_gmt":"2019-10-17T12:55:31","guid":{"rendered":"http:\/\/www.adcap.org.br\/?p=12951"},"modified":"2019-10-17T12:55:31","modified_gmt":"2019-10-17T12:55:31","slug":"mocao-de-apelo-contra-a-privatizacao-em-sao-miguel-do-oeste","status":"publish","type":"post","link":"https:\/\/adcap.org.br\/index.php\/mocao-de-apelo-contra-a-privatizacao-em-sao-miguel-do-oeste\/","title":{"rendered":"Mo\u00e7\u00e3o de apelo contra a privatiza\u00e7\u00e3o em S\u00e3o Miguel do Oeste"},"content":{"rendered":"<h1 style=\"text-align: center;\"><strong>MO\u00c7\u00c3O DE APELO CONTRA A PRIVATIZA\u00c7\u00c3O <\/strong><\/h1>\n<h1 style=\"text-align: center;\"><strong>EM S\u00c3O MIGUEL DO OESTE<\/strong><\/h1>\n<p>&nbsp;<\/p>\n<p style=\"text-align: center;\"><a href=\"http:\/\/www.adcap.org.br\/wp-content\/uploads\/Sao-Miguel-do-Oeste-2.jpg\" data-rel=\"penci-gallery-image-content\" ><img decoding=\"async\" loading=\"lazy\" class=\"aligncenter wp-image-12953 size-large\" src=\"http:\/\/www.adcap.org.br\/wp-content\/uploads\/Sao-Miguel-do-Oeste-2-1024x682.jpg\" alt=\"\" width=\"1024\" height=\"682\" srcset=\"https:\/\/adcap.org.br\/wp-content\/uploads\/Sao-Miguel-do-Oeste-2-1024x682.jpg 1024w, https:\/\/adcap.org.br\/wp-content\/uploads\/Sao-Miguel-do-Oeste-2-300x200.jpg 300w, https:\/\/adcap.org.br\/wp-content\/uploads\/Sao-Miguel-do-Oeste-2-768x512.jpg 768w, https:\/\/adcap.org.br\/wp-content\/uploads\/Sao-Miguel-do-Oeste-2-1170x780.jpg 1170w, https:\/\/adcap.org.br\/wp-content\/uploads\/Sao-Miguel-do-Oeste-2-585x390.jpg 585w, https:\/\/adcap.org.br\/wp-content\/uploads\/Sao-Miguel-do-Oeste-2.jpg 1280w\" sizes=\"(max-width: 1024px) 100vw, 1024px\" \/><\/a><\/p>\n<p style=\"text-align: justify;\">\nConforme proposi\u00e7\u00e3o da C\u00e2mara de Vereadores de S\u00e3o Miguel do Oeste, foi realizada no dia 15\/10\/2019 uma sess\u00e3o com a participa\u00e7\u00e3o de representante da ADCAP para subsidiar a C\u00e2mara de Vereadores com informa\u00e7\u00f5es para elabora\u00e7\u00e3o de Mo\u00e7\u00e3o de Apelo contra a privatiza\u00e7\u00e3o dos Correios.<\/p>\n<p style=\"text-align: justify;\">Participaram da Sess\u00e3o Alexandre Brescansin, representando a ADCAP SC, e Cedenir Donada, representando o SINTECT SC, al\u00e9m de mais 21 colaboradores dos Correios de S\u00e3o Miguel do Oeste e munic\u00edpios vizinhos. Foi apresentada e enfatizada a hist\u00f3ria dos Correios e sua import\u00e2ncia para as pessoas, para a sociedade e para as empresas, bem como os potenciais problemas que devem ocorrer com a privatiza\u00e7\u00e3o, bem como os preju\u00edzos para a popula\u00e7\u00e3o.<\/p>\n<p style=\"text-align: justify;\">A Mo\u00e7\u00e3o de apelo contra a privatiza\u00e7\u00e3o foi aprovada e assinada por todos os vereadores por unanimidade e encaminhada aos \u00f3rg\u00e3os governamentais.<\/p>\n<p>&nbsp;<\/p>\n<p style=\"text-align: center;\"><a href=\"http:\/\/www.adcap.org.br\/wp-content\/uploads\/Sao-Miguel-do-Oeste-1.jpg\" data-rel=\"penci-gallery-image-content\" ><img decoding=\"async\" loading=\"lazy\" class=\"aligncenter wp-image-12952 size-large\" src=\"http:\/\/www.adcap.org.br\/wp-content\/uploads\/Sao-Miguel-do-Oeste-1-1024x682.jpg\" alt=\"\" width=\"1024\" height=\"682\" srcset=\"https:\/\/adcap.org.br\/wp-content\/uploads\/Sao-Miguel-do-Oeste-1-1024x682.jpg 1024w, https:\/\/adcap.org.br\/wp-content\/uploads\/Sao-Miguel-do-Oeste-1-300x200.jpg 300w, https:\/\/adcap.org.br\/wp-content\/uploads\/Sao-Miguel-do-Oeste-1-768x512.jpg 768w, https:\/\/adcap.org.br\/wp-content\/uploads\/Sao-Miguel-do-Oeste-1-1170x780.jpg 1170w, https:\/\/adcap.org.br\/wp-content\/uploads\/Sao-Miguel-do-Oeste-1-585x390.jpg 585w, https:\/\/adcap.org.br\/wp-content\/uploads\/Sao-Miguel-do-Oeste-1.jpg 1280w\" sizes=\"(max-width: 1024px) 100vw, 1024px\" \/><\/a><\/p>\n<p style=\"text-align: justify;\">\n<p style=\"text-align: right;\">\n<strong>Dire\u00e7\u00e3o Nacional da ADCAP.<\/strong><\/p>\n","protected":false},"excerpt":{"rendered":"<p>MO\u00c7\u00c3O DE APELO CONTRA A PRIVATIZA\u00c7\u00c3O EM S\u00c3O MIGUEL DO OESTE &nbsp; Conforme proposi\u00e7\u00e3o da C\u00e2mara de Vereadores de S\u00e3o Miguel do Oeste, foi realizada no dia 15\/10\/2019 uma sess\u00e3o&hellip;<\/p>\n","protected":false},"author":1,"featured_media":0,"comment_status":"open","ping_status":"open","sticky":false,"template":"","format":"standard","meta":{"_editorskit_title_hidden":false,"_editorskit_reading_time":0,"_editorskit_is_block_options_detached":false,"_editorskit_block_options_position":"{}","footnotes":""},"categories":[5,44],"tags":[],"aioseo_notices":[],"_links":{"self":[{"href":"https:\/\/adcap.org.br\/index.php\/wp-json\/wp\/v2\/posts\/12951"}],"collection":[{"href":"https:\/\/adcap.org.br\/index.php\/wp-json\/wp\/v2\/posts"}],"about":[{"href":"https:\/\/adcap.org.br\/index.php\/wp-json\/wp\/v2\/types\/post"}],"author":[{"embeddable":true,"href":"https:\/\/adcap.org.br\/index.php\/wp-json\/wp\/v2\/users\/1"}],"replies":[{"embeddable":true,"href":"https:\/\/adcap.org.br\/index.php\/wp-json\/wp\/v2\/comments?post=12951"}],"version-history":[{"count":0,"href":"https:\/\/adcap.org.br\/index.php\/wp-json\/wp\/v2\/posts\/12951\/revisions"}],"wp:attachment":[{"href":"https:\/\/adcap.org.br\/index.php\/wp-json\/wp\/v2\/media?parent=12951"}],"wp:term":[{"taxonomy":"category","embeddable":true,"href":"https:\/\/adcap.org.br\/index.php\/wp-json\/wp\/v2\/categories?post=12951"},{"taxonomy":"post_tag","embeddable":true,"href":"https:\/\/adcap.org.br\/index.php\/wp-json\/wp\/v2\/tags?post=12951"}],"curies":[{"name":"wp","href":"https:\/\/api.w.org\/{rel}","templated":true}]}}