{"id":12946,"date":"2019-10-16T17:07:35","date_gmt":"2019-10-16T17:07:35","guid":{"rendered":"http:\/\/www.adcap.org.br\/?p=12946"},"modified":"2019-10-16T17:07:35","modified_gmt":"2019-10-16T17:07:35","slug":"assembleia-extraordinaria-da-postal-saude","status":"publish","type":"post","link":"https:\/\/adcap.org.br\/index.php\/assembleia-extraordinaria-da-postal-saude\/","title":{"rendered":"Assembleia Extraordin\u00e1ria da Postal Sa\u00fade"},"content":{"rendered":"<h1 style=\"text-align: center;\"><strong>ASSEMBLEIA GERAL EXTRAORDIN\u00c1RIA\u00a0<\/strong><strong>DA POSTAL SA\u00daDE<\/strong><\/h1>\n<p>&nbsp;<\/p>\n<p>Como \u00e9 do conhecimento dos associados, foi convocada, para o dia 24\/10\/2019, \u00e0s 18h, no sal\u00e3o nobre dos Correios em Bras\u00edlia, uma AGE \u2013 Assembleia Geral Extraordin\u00e1ria, cuja ordem do dia \u00e9 a aprova\u00e7\u00e3o da mudan\u00e7a do Estatuto Social da Postal Sa\u00fade, proposta pela empresa.<\/p>\n<p>A ADCAP tem recebido mensagens,\u00a0demonstrando preocupa\u00e7\u00e3o por parte dos associados sobre as altera\u00e7\u00f5es pretendidas pela ECT e os poss\u00edveis desdobramentos.<\/p>\n<p>Sobre o assunto, informamos que a ADCAP est\u00e1 analisando as altera\u00e7\u00f5es propostas e seus poss\u00edveis desdobramentos para adotar as medidas pertinentes em prol dos seus associados.<\/p>\n<p>&nbsp;<\/p>\n<p style=\"text-align: right;\">\n<strong>Dire\u00e7\u00e3o Nacional da ADCAP.<\/strong><\/p>\n","protected":false},"excerpt":{"rendered":"<p>ASSEMBLEIA GERAL EXTRAORDIN\u00c1RIA\u00a0DA POSTAL SA\u00daDE &nbsp; Como \u00e9 do conhecimento dos associados, foi convocada, para o dia 24\/10\/2019, \u00e0s 18h, no sal\u00e3o nobre dos Correios em Bras\u00edlia, uma AGE \u2013&hellip;<\/p>\n","protected":false},"author":1,"featured_media":0,"comment_status":"open","ping_status":"open","sticky":false,"template":"","format":"standard","meta":{"_editorskit_title_hidden":false,"_editorskit_reading_time":0,"_editorskit_is_block_options_detached":false,"_editorskit_block_options_position":"{}","footnotes":""},"categories":[5,44],"tags":[],"aioseo_notices":[],"_links":{"self":[{"href":"https:\/\/adcap.org.br\/index.php\/wp-json\/wp\/v2\/posts\/12946"}],"collection":[{"href":"https:\/\/adcap.org.br\/index.php\/wp-json\/wp\/v2\/posts"}],"about":[{"href":"https:\/\/adcap.org.br\/index.php\/wp-json\/wp\/v2\/types\/post"}],"author":[{"embeddable":true,"href":"https:\/\/adcap.org.br\/index.php\/wp-json\/wp\/v2\/users\/1"}],"replies":[{"embeddable":true,"href":"https:\/\/adcap.org.br\/index.php\/wp-json\/wp\/v2\/comments?post=12946"}],"version-history":[{"count":0,"href":"https:\/\/adcap.org.br\/index.php\/wp-json\/wp\/v2\/posts\/12946\/revisions"}],"wp:attachment":[{"href":"https:\/\/adcap.org.br\/index.php\/wp-json\/wp\/v2\/media?parent=12946"}],"wp:term":[{"taxonomy":"category","embeddable":true,"href":"https:\/\/adcap.org.br\/index.php\/wp-json\/wp\/v2\/categories?post=12946"},{"taxonomy":"post_tag","embeddable":true,"href":"https:\/\/adcap.org.br\/index.php\/wp-json\/wp\/v2\/tags?post=12946"}],"curies":[{"name":"wp","href":"https:\/\/api.w.org\/{rel}","templated":true}]}}