{"id":12611,"date":"2019-08-02T14:57:17","date_gmt":"2019-08-02T14:57:17","guid":{"rendered":"http:\/\/www.adcap.org.br\/?p=12611"},"modified":"2020-09-21T20:30:41","modified_gmt":"2020-09-21T20:30:41","slug":"incorporacao-dos-valores-recebidos-a-titulo-de-funcao-gratificada-pelos-associados-da-adcap","status":"publish","type":"post","link":"https:\/\/adcap.org.br\/index.php\/incorporacao-dos-valores-recebidos-a-titulo-de-funcao-gratificada-pelos-associados-da-adcap\/","title":{"rendered":"INCORPORA\u00c7\u00c3O DOS VALORES RECEBIDOS \u00c0 T\u00cdTULO DE FUN\u00c7\u00c3O GRATIFICADA PELOS ASSOCIADOS DA ADCAP"},"content":{"rendered":"<p>&nbsp;<\/p>\n<h1 style=\"text-align: center;\"><strong>Incorpora\u00e7\u00e3o dos valores recebidos<\/strong><\/h1>\n<h1 style=\"text-align: center;\"><strong>\u00e0 t\u00edtulo de fun\u00e7\u00e3o gratificada <\/strong><\/h1>\n<h1 style=\"text-align: center;\"><strong>pelos associados da ADCAP<\/strong><\/h1>\n<p style=\"text-align: right;\">\u00a0 \u00a0N\u00ba 49\u00a0\u2013 02\/08\/2019<\/p>\n<p>&nbsp;<\/p>\n<p style=\"text-align: justify;\">Em 07\/11\/2017, antes da entrada em vigor da Reforma Trabalhista (ocorreu em 11\/11\/2017), a Adcap prop\u00f4s A\u00e7\u00e3o Civil P\u00fablica requerendo a incorpora\u00e7\u00e3o das gratifica\u00e7\u00f5es de fun\u00e7\u00f5es aos sal\u00e1rios dos associados que percebiam a verba h\u00e1, no m\u00ednimo, dez anos.<\/p>\n<p style=\"text-align: justify;\">Em senten\u00e7a, o ju\u00edzo de primeiro grau entendeu pela improced\u00eancia do pedido, fundamentando a negativa na necessidade de aplica\u00e7\u00e3o da legisla\u00e7\u00e3o nova (Reforma Trabalhista) que permite o decote da gratifica\u00e7\u00e3o em se havendo o corte da fun\u00e7\u00e3o, mesmo ap\u00f3s 10 anos de exerc\u00edcio.<\/p>\n<p style=\"text-align: justify;\">Contra esta decis\u00e3o a Adcap apresentou o competente recurso e o Tribunal reformou a decis\u00e3o da primeira inst\u00e2ncia, aplicando a norma vigente \u00e0 \u00e9poca da propositura da a\u00e7\u00e3o que permitia a incorpora\u00e7\u00e3o ao sal\u00e1rio das gratifica\u00e7\u00f5es.<\/p>\n<p style=\"text-align: justify;\">Assim, os associados da Adcap que completaram o requisito temporal de 10 anos de percep\u00e7\u00e3o da gratifica\u00e7\u00e3o at\u00e9 11\/11\/2017 t\u00eam o direito de ver incorporado aos respectivos sal\u00e1rios o valor m\u00e9dio das gratifica\u00e7\u00f5es auferidas nos \u00faltimos 10 anos em raz\u00e3o da estabilidade financeira.<\/p>\n<p style=\"text-align: justify;\">Esta decis\u00e3o ainda n\u00e3o se tornou definitiva, podendo haver recurso por parte da ECT, mas representa um efetivo reconhecimento dos direitos dos associados da ADCAP.<\/p>\n<p>&nbsp;<\/p>\n<p style=\"text-align: right;\"><strong>Dire\u00e7\u00e3o Nacional da ADCAP.<\/strong><\/p>\n","protected":false},"excerpt":{"rendered":"<p>&nbsp; Incorpora\u00e7\u00e3o dos valores recebidos \u00e0 t\u00edtulo de fun\u00e7\u00e3o gratificada pelos associados da ADCAP \u00a0 \u00a0N\u00ba 49\u00a0\u2013 02\/08\/2019 &nbsp; Em 07\/11\/2017, antes da entrada em vigor da Reforma Trabalhista (ocorreu&hellip;<\/p>\n","protected":false},"author":3,"featured_media":0,"comment_status":"closed","ping_status":"closed","sticky":false,"template":"","format":"standard","meta":{"_editorskit_title_hidden":false,"_editorskit_reading_time":0,"_editorskit_is_block_options_detached":false,"_editorskit_block_options_position":"{}","footnotes":""},"categories":[150],"tags":[],"aioseo_notices":[],"_links":{"self":[{"href":"https:\/\/adcap.org.br\/index.php\/wp-json\/wp\/v2\/posts\/12611"}],"collection":[{"href":"https:\/\/adcap.org.br\/index.php\/wp-json\/wp\/v2\/posts"}],"about":[{"href":"https:\/\/adcap.org.br\/index.php\/wp-json\/wp\/v2\/types\/post"}],"author":[{"embeddable":true,"href":"https:\/\/adcap.org.br\/index.php\/wp-json\/wp\/v2\/users\/3"}],"replies":[{"embeddable":true,"href":"https:\/\/adcap.org.br\/index.php\/wp-json\/wp\/v2\/comments?post=12611"}],"version-history":[{"count":0,"href":"https:\/\/adcap.org.br\/index.php\/wp-json\/wp\/v2\/posts\/12611\/revisions"}],"wp:attachment":[{"href":"https:\/\/adcap.org.br\/index.php\/wp-json\/wp\/v2\/media?parent=12611"}],"wp:term":[{"taxonomy":"category","embeddable":true,"href":"https:\/\/adcap.org.br\/index.php\/wp-json\/wp\/v2\/categories?post=12611"},{"taxonomy":"post_tag","embeddable":true,"href":"https:\/\/adcap.org.br\/index.php\/wp-json\/wp\/v2\/tags?post=12611"}],"curies":[{"name":"wp","href":"https:\/\/api.w.org\/{rel}","templated":true}]}}