{"id":12581,"date":"2019-07-16T14:51:25","date_gmt":"2019-07-16T14:51:25","guid":{"rendered":"http:\/\/www.adcap.org.br\/?p=12581"},"modified":"2019-07-16T14:51:25","modified_gmt":"2019-07-16T14:51:25","slug":"campanha-todos-pelos-correios","status":"publish","type":"post","link":"https:\/\/adcap.org.br\/index.php\/campanha-todos-pelos-correios\/","title":{"rendered":"Campanha \u201cTodos Pelos Correios\u201d"},"content":{"rendered":"<h1 style=\"text-align: center;\"><strong>CAMPANHA &#8220;TODOS PELOS CORREIOS&#8221;<\/strong><\/h1>\n<p>&nbsp;<\/p>\n<p style=\"text-align: center;\"><img decoding=\"async\" loading=\"lazy\" class=\"aligncenter wp-image-12582 size-medium\" src=\"http:\/\/www.adcap.org.br\/wp-content\/uploads\/64607816_343966112945021_4066158823180599296_n-300x300.jpg\" alt=\"\" width=\"300\" height=\"300\" srcset=\"https:\/\/adcap.org.br\/wp-content\/uploads\/64607816_343966112945021_4066158823180599296_n-300x300.jpg 300w, https:\/\/adcap.org.br\/wp-content\/uploads\/64607816_343966112945021_4066158823180599296_n-150x150.jpg 150w, https:\/\/adcap.org.br\/wp-content\/uploads\/64607816_343966112945021_4066158823180599296_n-768x768.jpg 768w, https:\/\/adcap.org.br\/wp-content\/uploads\/64607816_343966112945021_4066158823180599296_n-585x585.jpg 585w, https:\/\/adcap.org.br\/wp-content\/uploads\/64607816_343966112945021_4066158823180599296_n.jpg 864w\" sizes=\"(max-width: 300px) 100vw, 300px\" \/><\/p>\n<p style=\"text-align: justify;\">\n<p style=\"text-align: justify;\">A campanha contra a inten\u00e7\u00e3o de privatiza\u00e7\u00e3o da Empresa \u2013 \u201cTodos Pelos Correios\u201d est\u00e1 a todo vapor, com inser\u00e7\u00f5es di\u00e1rias em redes sociais \u2013 facebook, twitter e instagram \u2013 e envios pelos whatsapp.<\/p>\n<p style=\"text-align: justify;\">E todos podem participar de diversas maneiras:<\/p>\n<p style=\"text-align: justify;\">&#8211; utilizando no facebook o filtro da campanha em sua imagem de perfil \u2013 \u00e9 s\u00f3 clicar no link a seguir:\u00a0<strong><a href=\"https:\/\/bit.ly\/31KrLlc?fbclid=IwAR1yjSRuDFZ4CmUhRo-6KuNqtW_jd-EH5NvOt5GfZNKUSzXBYG3yd5EiC2I\" data-ft=\"{&quot;tn&quot;:&quot;-U&quot;}\" data-lynx-mode=\"async\" data-lynx-uri=\"https:\/\/l.facebook.com\/l.php?u=https%3A%2F%2Fbit.ly%2F31KrLlc%3Ffbclid%3DIwAR1yjSRuDFZ4CmUhRo-6KuNqtW_jd-EH5NvOt5GfZNKUSzXBYG3yd5EiC2I&amp;h=AT2OA5zeBCN9PDdbZnjUxItuCMUkhcNPAU6emjRNCI_Z94-Sa3x9-XbKZCGoojqBCvTapBdHSCUDnJBJ6Q38l7NbQgEqTt6MzuU7yI62TsX2fevu6lnn7iHuD-6UrL79USY_5_HUQsC0D_CvvsdlI1cpAhzRxE7Boh0yFcrQHjwk9hyj0fTKSRCI_DOavdL-3eN9fTrveaPo6k528YlU4tQe14EH7dUP3EA1Rf2AiVQJD74Ut88veOD5fgTgPcSQtCEc48rWQJ1Zg3zFeM_RLhwNvqhxLBQVwWxaBL1ZCbWyDVY0dFFugq0Ksi2jou3l7aiTrzL0r3ZOW_6y77soDPFUOJnI9PsiNtWWCBcDx5CX52YDos2DfCJCt9hnwQUd1txE-ksTi2L51KShK-VJj1F3TPMBb9gMu8rlDmZ9N54psfJBHW6CIFIjJFLYKHZyPSJJ46YLUmBVrqPUQ_oxYTRm1GQ-VmDUsijD3H7hrUPPV2iyEZGubaZSx9Vxz-sotKWTHzJMlqNMjDkc0oRixgysuWfGz5pIQL8ISef_xY7mGgEkv88wZQ3lmDtWsnnp827-sd5ueznrWr5g467ofMGJ-xRRLT5_prubBN0yP07o4768BYYVRxq3xGqZ_7ElJ9iaVv-Kn1cJjGWvrg\">http:\/\/bit.ly\/31KrLlc<\/a>\u00a0<\/strong>;<\/p>\n<p style=\"text-align: justify;\">&#8211; inscrevendo-se no whatsapp, n\u00ba (61) 9 9448-7766, para receber automaticamente as mensagens da campanha em seu celular; basta enviar uma mensagem qualquer para o n\u00famero e voc\u00ea estar\u00e1 automaticamente inscrito;<\/p>\n<p style=\"text-align: justify;\">&#8211; curtindo e compartilhando as mensagens da campanha em suas redes sociais \u2013 facebook, twitter e instagram;<\/p>\n<p style=\"text-align: justify;\">&#8211; divulgando os argumentos contra a inten\u00e7\u00e3o de privatiza\u00e7\u00e3o em sua fam\u00edlia, comunidade etc;<\/p>\n<p style=\"text-align: justify;\">&#8211; se tiver acesso a algum vereador de seu munic\u00edpio ou deputado estadual de seu Estado, divulgando para ele a minuta de mo\u00e7\u00e3o: <strong><a href=\"http:\/\/www.adcap.org.br\/wp-content\/uploads\/Mocao-Correios.docx\">AQUI<\/a><\/strong> ; argumentos e passo a passo: <a href=\"http:\/\/www.adcap.org.br\/wp-content\/uploads\/Minuta-passo-a-passo-Mocao.docx\"><strong>AQUI<\/strong>\u00a0<\/a>.<\/p>\n<p style=\"text-align: justify;\">Participe! Esta bandeira \u00e9 de todos!<\/p>\n<p>#TodosPelosCorreios<\/p>\n<p style=\"text-align: justify;\">\n<p style=\"text-align: right;\">\n<strong>Dire\u00e7\u00e3o Nacional da ADCAP.<\/strong><\/p>\n","protected":false},"excerpt":{"rendered":"<p>CAMPANHA &#8220;TODOS PELOS CORREIOS&#8221; &nbsp; A campanha contra a inten\u00e7\u00e3o de privatiza\u00e7\u00e3o da Empresa \u2013 \u201cTodos Pelos Correios\u201d est\u00e1 a todo vapor, com inser\u00e7\u00f5es di\u00e1rias em redes sociais \u2013 facebook,&hellip;<\/p>\n","protected":false},"author":3,"featured_media":0,"comment_status":"open","ping_status":"open","sticky":false,"template":"","format":"standard","meta":{"_editorskit_title_hidden":false,"_editorskit_reading_time":0,"_editorskit_is_block_options_detached":false,"_editorskit_block_options_position":"{}","footnotes":""},"categories":[5,44],"tags":[],"aioseo_notices":[],"_links":{"self":[{"href":"https:\/\/adcap.org.br\/index.php\/wp-json\/wp\/v2\/posts\/12581"}],"collection":[{"href":"https:\/\/adcap.org.br\/index.php\/wp-json\/wp\/v2\/posts"}],"about":[{"href":"https:\/\/adcap.org.br\/index.php\/wp-json\/wp\/v2\/types\/post"}],"author":[{"embeddable":true,"href":"https:\/\/adcap.org.br\/index.php\/wp-json\/wp\/v2\/users\/3"}],"replies":[{"embeddable":true,"href":"https:\/\/adcap.org.br\/index.php\/wp-json\/wp\/v2\/comments?post=12581"}],"version-history":[{"count":0,"href":"https:\/\/adcap.org.br\/index.php\/wp-json\/wp\/v2\/posts\/12581\/revisions"}],"wp:attachment":[{"href":"https:\/\/adcap.org.br\/index.php\/wp-json\/wp\/v2\/media?parent=12581"}],"wp:term":[{"taxonomy":"category","embeddable":true,"href":"https:\/\/adcap.org.br\/index.php\/wp-json\/wp\/v2\/categories?post=12581"},{"taxonomy":"post_tag","embeddable":true,"href":"https:\/\/adcap.org.br\/index.php\/wp-json\/wp\/v2\/tags?post=12581"}],"curies":[{"name":"wp","href":"https:\/\/api.w.org\/{rel}","templated":true}]}}