{"id":11390,"date":"2018-11-01T14:25:30","date_gmt":"2018-11-01T14:25:30","guid":{"rendered":"http:\/\/www.adcap.org.br\/?p=11390"},"modified":"2018-11-01T14:25:30","modified_gmt":"2018-11-01T14:25:30","slug":"pl-8821-2017","status":"publish","type":"post","link":"https:\/\/adcap.org.br\/index.php\/pl-8821-2017\/","title":{"rendered":"PL-8821\/2017"},"content":{"rendered":"<h1 style=\"text-align: center;\"><strong>PL-8821\/2017<\/strong><\/h1>\n<p style=\"text-align: justify;\">\nO Projeto de Lei n. 8821\/2017, de autoria do Deputado Sergio Souza (PMDB-PR), que disp\u00f5e que n\u00e3o se aplica o limite de dedu\u00e7\u00e3o do imposto de renda nas contribui\u00e7\u00f5es adicionais para equacionamento de d\u00e9ficits dos planos de entidades fechadas de previd\u00eancia complementar, foi aprovado hoje, 21\/10\/2018, por unanimidade, na Comiss\u00e3o de Finan\u00e7as e Tributa\u00e7\u00e3o &#8211; CFT.<\/p>\n<p>O pr\u00f3ximo passo ser\u00e1 a an\u00e1lise na Comiss\u00e3o de Constitui\u00e7\u00e3o e Justi\u00e7a \u2013 CCJ, para em seguida, ser votado no Plen\u00e1rio C\u00e2mara Federal.<\/p>\n<p>Projeto de Lei n. 8821\/2017: &#8220;Acrescenta \u00a7 8\u00ba ao art. 11 da Lei n\u00ba 9.532, de 10 de dezembro de 1997, que altera a legisla\u00e7\u00e3o tribut\u00e1ria federal e d\u00e1 outras provid\u00eancias, para dispor que n\u00e3o se aplica o limite de dedu\u00e7\u00e3o do imposto devido na declara\u00e7\u00e3o de rendimentos, na hip\u00f3tese de contribui\u00e7\u00e3o adicional para equacionamento de resultado deficit\u00e1rio dos planos de benef\u00edcios de entidade fechada de previd\u00eancia complementar&#8221;.<br \/>\nO Congresso Nacional decreta:<\/p>\n<p>Art. 1\u00ba O art. 11 da Lei n\u00ba 9.532, de 10 de dezembro de 1997, passa a vigorar acrescido do seguinte par\u00e1grafo:<\/p>\n<p>\u201cArt. 11&#8230;&#8230;&#8230;&#8230;&#8230;&#8230;&#8230;&#8230;&#8230;&#8230;&#8230;&#8230;&#8230;&#8230;&#8230;&#8230;&#8230;&#8230;&#8230;&#8230;&#8230;&#8230;&#8230;&#8230;&#8230;&#8230;&#8230;&#8230;&#8230;&#8230;&#8230;&#8230;&#8230;&#8230;..<\/p>\n<p>\u00a7 8\u00ba As dedu\u00e7\u00f5es relativas \u00e0s contribui\u00e7\u00f5es adicionais para entidades fechadas de previd\u00eancia complementar a que se refere o \u00a7 1\u00ba do art. 21 da Lei Complementar n\u00ba 109, de 29 de maio de 2001, n\u00e3o se sujeitam ao limite previsto no caput.\u201d (NR)<br \/>\nArt. 2\u00ba Esta Lei entra em vigor na data de sua publica\u00e7\u00e3o.\n<\/p>\n<p style=\"text-align: justify;\">\n<p style=\"text-align: justify;\">\n<strong>Dire\u00e7\u00e3o Nacional da ADCAP.<\/strong><\/p>\n","protected":false},"excerpt":{"rendered":"<p>PL-8821\/2017 O Projeto de Lei n. 8821\/2017, de autoria do Deputado Sergio Souza (PMDB-PR), que disp\u00f5e que n\u00e3o se aplica o limite de dedu\u00e7\u00e3o do imposto de renda nas contribui\u00e7\u00f5es&hellip;<\/p>\n","protected":false},"author":3,"featured_media":0,"comment_status":"open","ping_status":"open","sticky":false,"template":"","format":"standard","meta":{"_editorskit_title_hidden":false,"_editorskit_reading_time":0,"_editorskit_is_block_options_detached":false,"_editorskit_block_options_position":"{}","footnotes":""},"categories":[5,44],"tags":[],"aioseo_notices":[],"_links":{"self":[{"href":"https:\/\/adcap.org.br\/index.php\/wp-json\/wp\/v2\/posts\/11390"}],"collection":[{"href":"https:\/\/adcap.org.br\/index.php\/wp-json\/wp\/v2\/posts"}],"about":[{"href":"https:\/\/adcap.org.br\/index.php\/wp-json\/wp\/v2\/types\/post"}],"author":[{"embeddable":true,"href":"https:\/\/adcap.org.br\/index.php\/wp-json\/wp\/v2\/users\/3"}],"replies":[{"embeddable":true,"href":"https:\/\/adcap.org.br\/index.php\/wp-json\/wp\/v2\/comments?post=11390"}],"version-history":[{"count":0,"href":"https:\/\/adcap.org.br\/index.php\/wp-json\/wp\/v2\/posts\/11390\/revisions"}],"wp:attachment":[{"href":"https:\/\/adcap.org.br\/index.php\/wp-json\/wp\/v2\/media?parent=11390"}],"wp:term":[{"taxonomy":"category","embeddable":true,"href":"https:\/\/adcap.org.br\/index.php\/wp-json\/wp\/v2\/categories?post=11390"},{"taxonomy":"post_tag","embeddable":true,"href":"https:\/\/adcap.org.br\/index.php\/wp-json\/wp\/v2\/tags?post=11390"}],"curies":[{"name":"wp","href":"https:\/\/api.w.org\/{rel}","templated":true}]}}