{"id":11184,"date":"2018-08-29T17:37:50","date_gmt":"2018-08-29T17:37:50","guid":{"rendered":"http:\/\/www.adcap.org.br\/?p=11184"},"modified":"2018-08-29T17:37:50","modified_gmt":"2018-08-29T17:37:50","slug":"adcap-net-29-08-2018-trabalhadores-criticam-novas-regras-dos-planos-de-saude-de-estatais-federais-veja-mais","status":"publish","type":"post","link":"https:\/\/adcap.org.br\/index.php\/adcap-net-29-08-2018-trabalhadores-criticam-novas-regras-dos-planos-de-saude-de-estatais-federais-veja-mais\/","title":{"rendered":"Adcap Net 29\/08\/2018 &#8211; Trabalhadores criticam novas regras dos planos de sa\u00fade de estatais federais &#8211; Veja mais!"},"content":{"rendered":"<h1 style=\"text-align: justify;\"><strong>Correios passam a cobrar taxa de R$ 15 para\u00a0<\/strong><strong>todas as encomendas internacionais<\/strong><\/h1>\n<p style=\"text-align: justify;\">Globo Play<br \/>\n29\/08\/2018<\/p>\n<p style=\"text-align: justify;\"><a href=\"https:\/\/globoplay.globo.com\/v\/6980770\/\">https:\/\/globoplay.globo.com\/v\/6980770\/<\/a><\/p>\n<h1 style=\"text-align: justify;\"><strong>Correios passam a cobrar R$ 15 por\u00a0<\/strong><strong>encomenda vinda do exterior<\/strong><\/h1>\n<p style=\"text-align: justify;\">\u00c9poca Neg\u00f3cios<br \/>\n28\/08\/2018<\/p>\n<p style=\"text-align: justify;\">Na \u00faltima segunda-feira (27\/8), os <strong>Correios <\/strong>come\u00e7aram a cobrar uma taxa fixa de R$ 15 para todas as encomendas internacionais que chegam ao Brasil, seja por via a\u00e9rea ou mar\u00edtima. Antes, essa cobran\u00e7a era feita apenas para encomendas taxadas pela Receita Federal.<\/p>\n<p style=\"text-align: justify;\">A nova regra vale para todos os pacotes que possuem um c\u00f3digo de rastreamento que comece com as letras E, C, R e L. Aqueles que n\u00e3o forem registrados e, portanto, n\u00e3o possuem c\u00f3digo, tamb\u00e9m entrar\u00e3o na nova cobran\u00e7a, chamada de \u201cDespacho Postal\u201d.<\/p>\n<p style=\"text-align: justify;\">De acordo com assessoria de imprensa dos Correios, essa nova taxa\u00e7\u00e3o n\u00e3o tem rela\u00e7\u00e3o com a maneira que a encomenda \u00e9 enviada, mas com os diversos servi\u00e7os que s\u00e3o realizados em solo brasileiro, como inspe\u00e7\u00e3o por raio-X, formaliza\u00e7\u00e3o da importa\u00e7\u00e3o, distribui\u00e7\u00e3o, entre outros. A tarifa visa cobri-los. &#8220;O valor cobrado \u00e9 quatro vezes menor do que a m\u00e9dia praticada por outros operadores log\u00edsticos para realizar procedimentos similares&#8221;, afirmou os Correios por meio de nota.<\/p>\n<p style=\"text-align: justify;\">O que muda para o cidad\u00e3o?<br \/>\nUma das mudan\u00e7as que podem acontecer para o consumidor final \u00e9 que a partir de agora importar itens de baixo custo, como assess\u00f3rios para celular, ser\u00e1 menos interessante, mesmo para as lojas que oferecem frete gr\u00e1tis. Al\u00e9m disso, ser\u00e1 mais complicado comprar v\u00e1rios itens de um mesmo produto, o que pode prejudicar comerciantes. Em muitos casos, a mercadoria \u00e9 transportada em pacotes separados e assim cada uma delas ser\u00e1 taxada.a \u00faltima segunda-feira (27\/8), os Correios come\u00e7aram a cobrar uma taxa fixa de R$ 15 para todas as encomendas internacionais que chegam ao Brasil, seja por via a\u00e9rea ou mar\u00edtima. Antes, essa cobran\u00e7a era feita apenas para encomendas taxadas pela Receita Federal.<\/p>\n<p style=\"text-align: justify;\">A nova regra vale para todos os pacotes que possuem um c\u00f3digo de rastreamento que comece com as letras E, C, R e L. Aqueles que n\u00e3o forem registrados e, portanto, n\u00e3o possuem c\u00f3digo, tamb\u00e9m entrar\u00e3o na nova cobran\u00e7a, chamada de \u201cDespacho Postal\u201d.<\/p>\n<h1 style=\"text-align: justify;\"><strong>Trabalhadores criticam novas regras dos\u00a0<\/strong><strong>planos de sa\u00fade de estatais federais<\/strong><\/h1>\n<p style=\"text-align: justify;\">C\u00e2mara Not\u00edcias<br \/>\n28\/08\/2018<\/p>\n<p style=\"text-align: justify;\">Trabalhadores de empresas p\u00fablicas, como Caixa, <strong>Correios <\/strong>e Petrobras, criticaram nesta ter\u00e7a-feira (28), em audi\u00eancia p\u00fablica na C\u00e2mara dos Deputados, duas resolu\u00e7\u00f5es (22\/18 e 23\/18) do Minist\u00e9rio do Planejamento, Desenvolvimento e Gest\u00e3o que criam novas regras para o custeio de planos de sa\u00fade geridos por estatais federais para atender a seus pr\u00f3prios funcion\u00e1rios.Al\u00e9m de reduzir a participa\u00e7\u00e3o dessas empresas no custeio dos chamados planos de autogest\u00e3o, as resolu\u00e7\u00f5es, segundo os trabalhadores, desrespeitam o direito \u00e0 livre negocia\u00e7\u00e3o e t\u00eam como foco a privatiza\u00e7\u00e3o dos conv\u00eanios dos empregados p\u00fablicos. Os planos de autogest\u00e3o atendem a 4,7 milh\u00f5es de usu\u00e1rios no Pa\u00eds, dos quais 3 milh\u00f5es s\u00e3o empregados de estatais.<\/p>\n<p style=\"text-align: justify;\">Representante do Comit\u00ea Nacional em Defesa das Empresas P\u00fablicas, Maria Rita Serrano disse que as resolu\u00e7\u00f5es s\u00e3o \u201cum ataque aos brasileiros e \u00e0s condi\u00e7\u00f5es de vida das pessoas, n\u00e3o s\u00f3 de trabalhadores\u201d, e, de acordo com ela, somam-se a outras limita\u00e7\u00f5es impostas \u00e0 sa\u00fade, como a Emenda Constitucional 95\/16, que estabelece um teto para os gastos p\u00fablicos federais.<\/p>\n<p style=\"text-align: justify;\">Para Serrano, as resolu\u00e7\u00f5es pretendem favorecer planos de sa\u00fade privados e diminuir os custos do governo federal com planos de autogest\u00e3o. \u201cA medida \u00e9 privatista. Em empresas com at\u00e9 20 mil benefici\u00e1rios, a orienta\u00e7\u00e3o \u00e9 privatizar os planos \u201d, apontou.<\/p>\n<p style=\"text-align: justify;\">A deputada Erika Kokay (PT-DF), que prop\u00f4s o debate na Comiss\u00e3o de Trabalho, de Administra\u00e7\u00e3o e Servi\u00e7o P\u00fablico, disse que as resolu\u00e7\u00f5es ferem direitos adquiridos e interferem no direito das categorias \u00e0 livre negocia\u00e7\u00e3o coletiva. \u201cApresentamos proposta para sustar os efeitos desses documentos, que consideramos abusivos e ilegais\u201d, declarou Kokay, autora do Projeto de Decreto Legislativo (PDC) 956\/18.<\/p>\n<p style=\"text-align: justify;\">Participa\u00e7\u00f5es<br \/>\nDiretora da Federa\u00e7\u00e3o Nacional das Associa\u00e7\u00f5es de Pessoal da Caixa, Fabiana Cristina Matheus afirmou que as resolu\u00e7\u00f5es praticamente inviabilizam o Sa\u00fade Caixa &#8211; plano que o banco oferece a 288,587 mil trabalhadores. \u201cA Caixa j\u00e1 inseriu no seu estatuto um teto para gastos com assist\u00eancia \u00e0 sa\u00fade de 6,5% da folha de pagamentos. Com isso, despesas m\u00e9dicas que ultrapassem o teto ser\u00e3o custeadas pelos trabalhadores\u201d, explicou.<\/p>\n<p style=\"text-align: justify;\">A resolu\u00e7\u00e3o 23\/18, no entanto, vai al\u00e9m e determina que a contribui\u00e7\u00e3o da empresa estatal para o custeio do benef\u00edcio de assist\u00eancia \u00e0 sa\u00fade n\u00e3o poder\u00e1 exceder a contribui\u00e7\u00e3o dos empregados. Conforme Fabiana Matheus, o acordo coletivo vigente estabelece que 70% das despesas assistenciais do Sa\u00fade Caixa devem ser de responsabilidade da Caixa e 30% dos empregados.<\/p>\n<p style=\"text-align: justify;\">\u201cO Planalto quer impor, de forma absurda, essa paridade\u201d, comentou o deputado Tadeu Alencar (PSB-PE), que tamb\u00e9m criticou as resolu\u00e7\u00f5es e defendeu a aprova\u00e7\u00e3o do PDC 956\/18.<\/p>\n<p style=\"text-align: justify;\">Mensalidades<br \/>\nGeraldo Rodrigues, representante da Federa\u00e7\u00e3o Nacional dos Trabalhadores em Empresas de Correios e Tel\u00e9grafos e Similares (Fentect), criticou altera\u00e7\u00f5es no valor das contribui\u00e7\u00f5es. \u201cN\u00f3s passamos a pagar mensalidades conforme o sal\u00e1rio bruto. Ou seja, se eu fizer hora-extra, pago mais. Por isso, muitos est\u00e3o desistindo de pagar plano de sa\u00fade\u201d, destacou. Desde janeiro, as mensalidades dos planos de autogest\u00e3o passaram a ser cobradas por pessoa e segundo a faixa et\u00e1ria. Antes, a mensalidade era \u00fanica.Procurador do Trabalho da 21\u00aa Regi\u00e3o, Afonso Rocha informou que o Minist\u00e9rio P\u00fablico do Trabalho (MPT) j\u00e1 foi acionado por conta de questionamentos das categorias. De acordo com ele, a atua\u00e7\u00e3o do MPT ter\u00e1 como princ\u00edpios zelar pelos direitos e garantias dos trabalhadores e defender a livre negocia\u00e7\u00e3o coletiva. Pinheiro chamou aten\u00e7\u00e3o ainda para os impactos do enfraquecimento dos planos de autogest\u00e3o no sistema p\u00fablico de sa\u00fade do Pa\u00eds.<\/p>\n<p style=\"text-align: justify;\">Nenhum debatedor presente \u00e0 audi\u00eancia manifestou-se favoravelmente \u00e0s resolu\u00e7\u00f5es do Minist\u00e9rio do Planejamento.<\/p>\n<p style=\"text-align: justify;\"><a href=\"http:\/\/www.camara.gov.br\/proposicoesWeb\/fichadetramitacao?idProposicao=2176886\">\u00cdNTEGRA DA PROPOSTA: PDC-956\/2018<\/a><\/p>\n<h1 style=\"text-align: justify;\"><strong>Jo\u00e3o Am\u00f4edo diz que ir\u00e1 privatizar Caixa\u00a0<\/strong><strong>Econ\u00f4mica, Banco do Brasil e Correios<\/strong><\/h1>\n<p style=\"text-align: justify;\">G1<br \/>\n28\/08\/2018<\/p>\n<p style=\"text-align: justify;\">O candidato \u00e0 Presid\u00eancia Jo\u00e3o Am\u00f4edo disse nesta ter\u00e7a-feira (28) que, se eleito, ir\u00e1 privatizar a Caixa Econ\u00f4mica, o Banco do Brasil e os <strong>Correios<\/strong>. &#8220;N\u00f3s entendemos que n\u00e3o cabe ao estado fazer gest\u00e3o de institui\u00e7\u00f5es financeiras, de entregas de correspond\u00eancias, de posto de gasolina&#8221;, afirmou.<\/p>\n<p style=\"text-align: justify;\">O empres\u00e1rio participou nesta manh\u00e3 de uma sabatina promovida pelo jornal &#8220;O Estado de S\u00e3o Paulo&#8221; em parceria com a Funda\u00e7\u00e3o Armando Alvares Penteado (FAAP), das 10 \u00e0s 12h.<\/p>\n<p style=\"text-align: justify;\">&#8220;O estado tem que direcionar sua atua\u00e7\u00e3o para aquelas \u00e1reas que o cidad\u00e3o precisa, educa\u00e7\u00e3o b\u00e1sica, sa\u00fade, seguran\u00e7a e deixar a gest\u00e3o das empresas &#8211; que na verdade as empresas p\u00fablicas viraram cabides de empregos para partidos pol\u00edticos \u2013 para a iniciativa privada, promovendo maior concorr\u00eancia\u201d, disse Am\u00f4edo.<\/p>\n<p style=\"text-align: justify;\">O candidato foi questionado sobre o legado da Opera\u00e7\u00e3o Lava Jato. &#8220;A Lava Jato deu uma chacolhada. Ser\u00e1 que esse monte de estatal \u00e9 para resolver nosso problema ou para favorecer quem est\u00e1 l\u00e1?&#8221;, questionou o empres\u00e1rio.<\/p>\n<p style=\"text-align: justify;\">Perguntado sobre a taxa\u00e7\u00e3o de grandes fortunas, o candidato disse que \u00e9 contra. &#8220;N\u00e3o defendo o Estado m\u00ednimo, defendo o cidad\u00e3o m\u00e1ximo. Queremos tirar dinheiro do Estado que n\u00e3o funciona e levar para as pessoas&#8221;, disse Amo\u00eado.<\/p>\n<p style=\"text-align: justify;\">Desemprego<br \/>\nAm\u00f4edo disse que para reverter o atual desemprego, o governo &#8220;tem que equilibrar contas, vender estatais, dar seguran\u00e7a jur\u00eddica pra quem quer investir&#8221;.<\/p>\n<p style=\"text-align: justify;\">\u201cA gente tem que lembrar o seguinte, o governo n\u00e3o gera emprego, o governo na verdade tem nos atrapalhado fazendo com que a gente trabalhe cinco meses por ano s\u00f3 para pagar impostos, trazendo inseguran\u00e7a jur\u00eddica e dificuldades pro empreendedor&#8221;.<\/p>\n<p style=\"text-align: justify;\">Segundo o candidato, com as contas equilibradas e &#8220;liberdade&#8221; para as pessoas empreenderem, o pa\u00eds voltar\u00e1 a receber investimentos. &#8220;Especialmente na \u00e1rea produtiva, e a\u00ed a gente come\u00e7a a ter gera\u00e7\u00e3o de emprego&#8221;.<\/p>\n<p style=\"text-align: justify;\">Armas<br \/>\nNa sabatina, o candidato foi questionado sobre o porte de armas e disse ser a favor. &#8220;Um dos valores principais do Novo \u00e9 a defesa das liberdades individuais. O cidad\u00e3o tem direito \u00e0 leg\u00edtima defesa. Ser\u00edamos a favor do porte de armas, com alguns testes, condicionantes. De forma alguma entendo que isso \u00e9 uma pol\u00edtica de seguran\u00e7a p\u00fablica\u201d.<\/p>\n<p style=\"text-align: justify;\">\u201cN\u00e3o \u00e9 dando arma para todo mundo que vai resolver o problema da seguran\u00e7a, mas \u00e9 uma liberdade que as pessoas t\u00eam que ter, com sua responsabilidade atrelada&#8221;, completa.<\/p>\n<p style=\"text-align: justify;\">O Estatuto do Desarmamento, de 2003, restringiu a circula\u00e7\u00e3o de armas no pa\u00eds, mas pela lei, uma pessoa com mais de 25 anos pode pleitear o porte de armas, se apresentar documentos como antecedentes criminais \u00e0 Pol\u00edcia Federal.<\/p>\n<h1 style=\"text-align: justify;\"><strong>Lei das Estatais faz BC reprovar indica\u00e7\u00e3o de\u00a0<\/strong><strong>conselheiro do Banrisul<\/strong><\/h1>\n<p style=\"text-align: justify;\">Valor<br \/>\n28\/08\/2018<\/p>\n<p style=\"text-align: justify;\">Ao mesmo tempo, o BC aprovou a indica\u00e7\u00e3o de Ademar Schardong para compor o conselho do Banrisul.<\/p>\n<p style=\"text-align: justify;\">S\u00c3O PAULO \u00a0&#8211; \u00a0O Banrisul informou que o Banco Central reprovou a indica\u00e7\u00e3o de Jo\u00e3o Gabbardo dos Reis para o conselho de administra\u00e7\u00e3o da institui\u00e7\u00e3o financeira. Segundo a autoridade monet\u00e1ria, a nomea\u00e7\u00e3o foi vedada por incorrer no artigo 17 da Lei 13.303, a chamada Lei das Estatais.<\/p>\n<p style=\"text-align: justify;\">O par\u00e1grafo segundo, inciso primeiro do artigo citado, diz que \u00e9 vedada a indica\u00e7\u00e3o para o conselho e diretoria \u201cde representante do \u00f3rg\u00e3o regulador ao qual a empresa p\u00fablica ou a sociedade de economia mista est\u00e1 sujeita; de Ministro de Estado; de Secret\u00e1rio de Estado; de Secret\u00e1rio Municipal; de titular de cargo, sem v\u00ednculo permanente com o servi\u00e7o p\u00fablico, de natureza especial ou de dire\u00e7\u00e3o e assessoramento superior na administra\u00e7\u00e3o p\u00fablica; de dirigente estatut\u00e1rio de partido pol\u00edtico; e de titular de mandato no Poder Legislativo de qualquer ente da federa\u00e7\u00e3o, ainda que licenciados do cargo\u201d.<\/p>\n<p style=\"text-align: justify;\">Reis, que \u00e9 m\u00e9dico, foi secret\u00e1rio de Sa\u00fade no Rio Grande do Sul, no governo de Jos\u00e9 Sartori (MDB), at\u00e9 abril deste ano. Em junho, assumiu a presid\u00eancia do Instituto de Assist\u00eancia \u00e0 Sa\u00fade dos Servidores P\u00fablicos do RS, o Ip\u00ea-Sa\u00fade.<\/p>\n<p style=\"text-align: justify;\">Ao mesmo tempo, o BC aprovou a indica\u00e7\u00e3o de Ademar Schardong para compor o conselho do Banrisul.<\/p>\n<p style=\"text-align: justify;\">\n<p style=\"text-align: justify;\"><strong>Dire\u00e7\u00e3o Nacional da ADCAP.<\/strong><\/p>\n","protected":false},"excerpt":{"rendered":"<p>Correios passam a cobrar taxa de R$ 15 para\u00a0todas as encomendas internacionais Globo Play 29\/08\/2018 https:\/\/globoplay.globo.com\/v\/6980770\/ Correios passam a cobrar R$ 15 por\u00a0encomenda vinda do exterior \u00c9poca Neg\u00f3cios 28\/08\/2018 Na&hellip;<\/p>\n","protected":false},"author":3,"featured_media":0,"comment_status":"open","ping_status":"open","sticky":false,"template":"","format":"standard","meta":{"_editorskit_title_hidden":false,"_editorskit_reading_time":0,"_editorskit_is_block_options_detached":false,"_editorskit_block_options_position":"{}","footnotes":""},"categories":[3,43],"tags":[],"aioseo_notices":[],"_links":{"self":[{"href":"https:\/\/adcap.org.br\/index.php\/wp-json\/wp\/v2\/posts\/11184"}],"collection":[{"href":"https:\/\/adcap.org.br\/index.php\/wp-json\/wp\/v2\/posts"}],"about":[{"href":"https:\/\/adcap.org.br\/index.php\/wp-json\/wp\/v2\/types\/post"}],"author":[{"embeddable":true,"href":"https:\/\/adcap.org.br\/index.php\/wp-json\/wp\/v2\/users\/3"}],"replies":[{"embeddable":true,"href":"https:\/\/adcap.org.br\/index.php\/wp-json\/wp\/v2\/comments?post=11184"}],"version-history":[{"count":0,"href":"https:\/\/adcap.org.br\/index.php\/wp-json\/wp\/v2\/posts\/11184\/revisions"}],"wp:attachment":[{"href":"https:\/\/adcap.org.br\/index.php\/wp-json\/wp\/v2\/media?parent=11184"}],"wp:term":[{"taxonomy":"category","embeddable":true,"href":"https:\/\/adcap.org.br\/index.php\/wp-json\/wp\/v2\/categories?post=11184"},{"taxonomy":"post_tag","embeddable":true,"href":"https:\/\/adcap.org.br\/index.php\/wp-json\/wp\/v2\/tags?post=11184"}],"curies":[{"name":"wp","href":"https:\/\/api.w.org\/{rel}","templated":true}]}}