{"id":11088,"date":"2018-08-09T18:04:51","date_gmt":"2018-08-09T18:04:51","guid":{"rendered":"http:\/\/www.adcap.org.br\/?p=11088"},"modified":"2018-08-09T18:04:51","modified_gmt":"2018-08-09T18:04:51","slug":"adcap-net-09-08-2018-o-que-esta-em-jogo-na-negociacao-para-evitar-a-greve-dos-correios-veja-mais","status":"publish","type":"post","link":"https:\/\/adcap.org.br\/index.php\/adcap-net-09-08-2018-o-que-esta-em-jogo-na-negociacao-para-evitar-a-greve-dos-correios-veja-mais\/","title":{"rendered":"Adcap Net 09\/08\/2018 &#8211; O que est\u00e1 em jogo na negocia\u00e7\u00e3o para evitar a greve dos Correios &#8211; Veja mais!"},"content":{"rendered":"<h1 style=\"text-align: justify;\">Mentiras e tempo perdido<\/h1>\n<p style=\"text-align: justify;\">Blog Uni\u00e3o Para Fazer Acontecer<br \/>\n9 de agosto de 2018<\/p>\n<p>Em minha vida pessoal e profissional, sempre prezei pela verdade. Penso que, quando falta a verdade, tudo o que vem depois fica comprometido.<\/p>\n<p>Hoje fui surpreendido por um\u00a0<a href=\"http:\/\/www.faaco.org.br\/galeria_audio.php#audio\">\u00e1udio<\/a>\u00a0sobre evento realizado pela FAACO em julho, no qual sou citado em fala do interventor. N\u00e3o tratarei aqui de diversas outras afirma\u00e7\u00f5es do interventor proferidas na ocasi\u00e3o com as quais n\u00e3o concordo e nem das in\u00fameras ofensas que ele faz a outros colegas, me limitando \u00e0 reuni\u00e3o do Conselho de Administra\u00e7\u00e3o que \u00e9 ali mencionada.<\/p>\n<p>Na 6.\u00aa Reuni\u00e3o Ordin\u00e1ria do Conselho de Administra\u00e7\u00e3o, ap\u00f3s ouvir do interventor uma afirma\u00e7\u00e3o de baix\u00edssimo cal\u00e3o, como n\u00e3o \u00e9 incomum em suas falas, atribuindo de forma grotesca aos participantes responsabilidade pela situa\u00e7\u00e3o havida no Postalis, reagi dizendo-lhe que, como participante, exigia respeito, porque os participantes n\u00e3o foram agentes nesse processo de assalto ao Postalis, mas sim v\u00edtimas dos roubos ali perpetrados. Em resposta, ele pediu longas desculpas e prosseguiu tentando se justificar. Mais \u00e0 frente, no calor da discuss\u00e3o e respondendo a pedido para que confiasse nele, informei que n\u00e3o confiava nele e nem em sua equipe. Era uma rea\u00e7\u00e3o ao fato de que nossas reservas do PostalPrev haviam sido diminu\u00eddas de um dia para o outro e os ativos do BD reprecificados com desvaloriza\u00e7\u00e3o de mais de 45%, tudo isso sem nenhum detalhamento que permitisse aos participantes avaliar essa brusca mudan\u00e7a de avalia\u00e7\u00e3o. Como poderia algu\u00e9m confiar em quem agia assim? Nesse momento da reuni\u00e3o, o Presidente do Conselho interveio e a discuss\u00e3o foi encerrada.<\/p>\n<p>Como poder\u00e1 ser percebido ouvindo o\u00a0<a href=\"http:\/\/www.faaco.org.br\/galeria_audio.php#audio\">\u00e1udio\u00a0<\/a>(a partir de 25:25, Dia 1, Tarde), a vers\u00e3o apresentada pelo interventor \u00e9 diferente desta que, entretanto, pode ser confirmada por todos os que estavam na reuni\u00e3o, membros do Conselho de Administra\u00e7\u00e3o e colegas da Empresa.<\/p>\n<p>Acompanhei o movimento das entidades quando foram \u00e0 PREVIC pedir interven\u00e7\u00e3o no POSTALIS em 2014 e n\u00e3o foram ouvidas. Estive com os colegas que coletaram assinaturas para abertura da CPI dos Fundos de Pens\u00e3o. Acompanhei, de camisa amarela, sess\u00f5es da CPI. Estou pagando, como os demais colegas, um pesado equacionamento do plano BD e recebi a not\u00edcia que os ativos do fundo ser\u00e3o depreciados em mais de 45%. Tive as reservas de minha conta no PostalPREV reduzidas em mais de 11% sem sequer saber que ativos foram reprecificados e por que. Sou v\u00edtima, como os demais participantes, e mere\u00e7o respeito, principalmente de algu\u00e9m que \u00e9 um empregado p\u00fablico e que deveria ter a correta percep\u00e7\u00e3o da miss\u00e3o que lhe foi confiada e saber que a responsabilidade por esse quadro instalado no POSTALIS jamais poderia ser atribu\u00edda aos pr\u00f3prios participantes.<\/p>\n<p>Lamento, finalmente, que os participantes sejam levados a tratar de quest\u00f5es como esta enquanto o tempo passa (309 dias de interven\u00e7\u00e3o) e n\u00e3o se vislumbra solu\u00e7\u00e3o adequada para os problemas enfrentados pelo POSTALIS.<\/p>\n<h1><strong>O que est\u00e1 em jogo na negocia\u00e7\u00e3o para evitar\u00a0<\/strong><strong>a greve dos Correios<\/strong><\/h1>\n<p style=\"text-align: justify;\">Veja<br \/>\n8 ago 2018<\/p>\n<p style=\"text-align: justify;\">Funcion\u00e1rios dos <strong>Correios <\/strong>amea\u00e7avam entrar em greve a partir desta quarta-feira (8) em todo o pa\u00eds. Mas a categoria decidiu em assembleias realizadas na noite de ontem esperar at\u00e9 o dia 14 para avaliar novamente o in\u00edcio da paralisa\u00e7\u00e3o.<\/p>\n<p style=\"text-align: justify;\">O que mudou o rumo do protesto foi a proposta de concilia\u00e7\u00e3o apresentada ontem pelo vice-presidente Tribunal Superior do Trabalho (TST), Renato de Lacerda Paiva. A proposta prev\u00ea reposi\u00e7\u00e3o salarial pela infla\u00e7\u00e3o e manuten\u00e7\u00e3o de cl\u00e1usulas do acordo coletivo.<\/p>\n<p style=\"text-align: justify;\">Com a proposta do TST, o reajuste ficaria em 3,68%, maior que os 2,21% oferecidos pelos Correios. Os trabalhadores pediam um aumento de 5% a 8%. A manuten\u00e7\u00e3o das cl\u00e1usulas do acordo garante benef\u00edcios que corriam o risco de serem extintos, como pagamento do vale-alimenta\u00e7\u00e3o durante a licen\u00e7a m\u00e9dica por acidente de trabalho e do vale-cultura.<\/p>\n<p style=\"text-align: justify;\">Mas um dos itens considerados cruciais pelos funcion\u00e1rios dos Correios \u00e9 o fim da cobran\u00e7a da mensalidade dos planos de sa\u00fade. Segundo as duas federa\u00e7\u00f5es da categoria \u2014 Findect e Fentect \u2014 a cobran\u00e7a do plano de sa\u00fade causar\u00e1 uma perda salarial de at\u00e9 70% para os trabalhadores.<\/p>\n<p style=\"text-align: justify;\">Em nota, as duas federa\u00e7\u00f5es afirmam que devem procurar o ministro do TST at\u00e9 o dia 14 para \u201cavan\u00e7ar na proposta apresentada [\u2026] no tocante ao plano de sa\u00fade, uma vez que ele manifestou sensibilidade quanto \u00e0 perda salarial, pessoal e familiar, que est\u00e3o sofrendo os ecetistas ap\u00f3s implanta\u00e7\u00e3o da mensalidade em cima do sal\u00e1rio bruto\u201d.<\/p>\n<p style=\"text-align: justify;\">O problema \u00e9 que a proposta do TST n\u00e3o trata da quest\u00e3o do plano de sa\u00fade. Foi o pr\u00f3prio TST que decidiu em mar\u00e7o deste ano que os funcion\u00e1rios dos Correios deveriam passar a pagar uma mensalidade. Segundo os sindicatos da categoria, mais de 14.000 funcion\u00e1rios sa\u00edram do plano por n\u00e3o conseguirem arcar com a mensalidade.<\/p>\n<p style=\"text-align: justify;\">Hoje, os Correios t\u00eam 108.000 empregados, mas paga as despesas m\u00e9dicas de 400.000 pessoas. Al\u00e9m dos 32.000 aposentados, tamb\u00e9m s\u00e3o cobertos pelo plano de sa\u00fade filhos, c\u00f4njuges e pais dos trabalhadores. Atualmente, os custos do plano de sa\u00fade para a empresa geram uma despesa da ordem de 1,8 bilh\u00e3o de reais ao ano.<\/p>\n<p style=\"text-align: justify;\">Em nota, as federa\u00e7\u00f5es de trabalhadores dos Correios dizem que a proposta do TST precisa ser melhor analisada e por isso adiaram a deflagra\u00e7\u00e3o da greve.<\/p>\n<p style=\"text-align: justify;\">A proposta do TST d\u00e1 aos funcion\u00e1rios dos Correios prazo at\u00e9 esta quinta-feira (9) para aceita\u00e7\u00e3o. A proposta perde a vig\u00eancia caso os trabalhadores optem pela greve da categoria ao longo deste per\u00edodo. E define que os Correios t\u00eam at\u00e9 sexta (10) para se manifestar.<\/p>\n<p style=\"text-align: justify;\">A Empresa Brasileira de Correios e Tel\u00e9grafos informou em nota ontem que aguardava a aprova\u00e7\u00e3o da proposta do TST pelas assembleias para assinar o acordo coletivo da categoria.<\/p>\n<h1 style=\"text-align: justify;\"><strong>Greve nos Correios \u00e9 suspensa ap\u00f3s proposta\u00a0<\/strong><strong>de acordo do TST<\/strong><\/h1>\n<p style=\"text-align: justify;\">Rede Brasil Atual<br \/>\n08\/08\/2018<\/p>\n<p style=\"text-align: justify;\">Os trabalhadores dos <strong>Correios <\/strong>decidiram em assembleias realizadas na noite de ontem (7) pela suspens\u00e3o da greve, depois que o Tribunal Superior do Trabalho (TST) apresentou uma proposta de acordo que os sindicalistas consideraram positiva. \u201cDiante dos ataques da Empresa Brasileira de Correios e Tel\u00e9grafos (ECT) ao acordo de trabalho, a proposta sinaliza um avan\u00e7o, preservando as conquistas hist\u00f3ricas\u201d, afirma em nota a Fentect, federa\u00e7\u00e3o nacional da categoria.<\/p>\n<p style=\"text-align: justify;\">Mas os sindicatos ligados \u00e0 Fentect mantiveram o &#8220;estado de greve&#8221;, com novas assembleias programadas para o dia 14. A ideia \u00e9 marcar, at\u00e9 l\u00e1, uma reuni\u00e3o com o vice-presidente do TST, ministro Renato de Lacerda Paiva, que tenta costurar o acordo. \u201cO tribunal precisa ouvir os trabalhadores, por isso lan\u00e7amos um informe para dialogar com a Federa\u00e7\u00e3o Interestadual dos Sindicatos dos Trabalhadores dos Correios (Findect, outra federa\u00e7\u00e3o) na busca de unidade\u201d, ressaltou o secret\u00e1rio-geral da Fentect, Jos\u00e9 Rivaldo da Silva.<\/p>\n<p style=\"text-align: justify;\">\u201cN\u00e3o quero dizer que o ministro vai mudar a situa\u00e7\u00e3o, mas precisa ouvir e saber como \u00e9 nossa realidade\u201d, completou Rivaldo. A categoria se queixa de problemas relacionados com o sucateamento da estatal, que consideram proposital como parte de um plano do governo Michel Temer (MDB) de privatizar a empresa. Mesmo a proposta de acordo do TST leva em conta condi\u00e7\u00f5es dif\u00edceis em que se encontram os trabalhadores dos Correios, especialmente em decorr\u00eancia de cortes recentes.<\/p>\n<p style=\"text-align: justify;\">O principal corte foi no custeio do plano de sa\u00fade. Desde o in\u00edcio do ano, a dire\u00e7\u00e3o da ECT tenta alterar a cobran\u00e7a do plano, que os trabalhadores consideram uma conquista hist\u00f3rica. Custeado em 95% pela empresa, a dire\u00e7\u00e3o quer que os funcion\u00e1rios arquem com 50%, al\u00e9m de n\u00e3o poder incluir pais e m\u00e3es. \u201cEntendo que os trabalhadores ecetistas se encontram razoavelmente fragilizados, em fun\u00e7\u00e3o do recente \u00f4nus decorrente do custeio do plano de sa\u00fade\u201d, afirmou o ministro do TST no texto da proposta.<\/p>\n<p style=\"text-align: justify;\">Para evitar cortes e precariza\u00e7\u00e3o, os trabalhadores trazem uma reivindica\u00e7\u00e3o central: a manuten\u00e7\u00e3o do acordo coletivo. A proposta do TST contempla a exig\u00eancia e ainda garante outro ponto importante, a reposi\u00e7\u00e3o salarial da infla\u00e7\u00e3o do per\u00edodo medida pelo \u00cdndice Nacional de Pre\u00e7os ao Consumidor (INPC). O IBGE informou hoje que o INPC acumulado em 12 meses, at\u00e9 julho (v\u00e9spera da data-base, \u00e9 de 3,61%). Em duas rodadas anteriores de negocia\u00e7\u00f5es, a dire\u00e7\u00e3o da empresa, propunha a quebra do acordo coletivo, al\u00e9m de reajustes abaixo da infla\u00e7\u00e3o.<\/p>\n<p style=\"text-align: justify;\">Em nota, a dire\u00e7\u00e3o da ECT atesta que todas as unidades funcionam com normalidade e que possui um plano de conting\u00eancia em caso de greve pr\u00f3xima. A empresa tamb\u00e9m se pronunciou sobre a proposta do tribunal. &#8220;Os Correios j\u00e1 se manifestaram favor\u00e1veis \u00e0 proposta do TST (&#8230;) O tribunal condicionou a proposta \u00e0 n\u00e3o realiza\u00e7\u00e3o de greve por parte dos trabalhadores. Al\u00e9m disso, solicitou, que a proposta fosse levada \u00e0s assembleias e que uma resposta fosse dada pelas federa\u00e7\u00f5es.&#8221;<\/p>\n<h1 style=\"text-align: justify;\"><strong>Correios estudam criar pacote de entregas\u00a0<\/strong><strong>para pequenas empresas<\/strong><\/h1>\n<p style=\"text-align: justify;\">e-commercebrasil<br \/>\n06 de agosto de 2018<\/p>\n<p style=\"text-align: justify;\">Os <strong>Correios <\/strong>afirmaram que estudam criar novos pacotes de entregas, voltados a pequenas empresas que ainda n\u00e3o tenham alto volume de vendas.<\/p>\n<p style=\"text-align: justify;\">A inten\u00e7\u00e3o de desenvolver os novos produtos foi informada ao E-Commerce Brasil como resposta a mat\u00e9ria publicada em 25 de julho. Nela, a estatal admitia a suspens\u00e3o do contrato b\u00e1sico de envios.<\/p>\n<p style=\"text-align: justify;\">Segundo a nota, at\u00e9 que as solu\u00e7\u00f5es estejam dispon\u00edveis para o mercado, ser\u00e3o renovados ou firmados novas parcerias para o pacote \u201cEncomendas 2\u201d \u2013 cujo valor m\u00ednimo de gastos \u00e9 de R$ 2 mil por m\u00eas para encomendas \u2013 ou tenham perspectiva de utiliza\u00e7\u00e3o mensal superior a R$ 1 mil, caso desejem outros servi\u00e7os do portf\u00f3lio.<\/p>\n<p style=\"text-align: justify;\">A empresa tamb\u00e9m confirmou que essas regras se aplicam apenas aos novos contratos e renova\u00e7\u00f5es. Dessa maneira, os pacotes j\u00e1 contratados podem continuar sendo utilizados normalmente.<\/p>\n<p style=\"text-align: justify;\">At\u00e9 agora, a estatal n\u00e3o definiu nenhuma data para lan\u00e7amento dos pacotes espec\u00edficos a pequenas empresas.<\/p>\n<p style=\"text-align: justify;\">Confira a \u00edntegra da resposta da estatal:<\/p>\n<p style=\"text-align: justify;\">\u201cOs Correios s\u00e3o o maior parceiro do e-Commerce brasileiro e ao longo dos anos vem desenvolvendo solu\u00e7\u00f5es que facilitam o dia a dia das pequenas e grandes empresas do setor na atua\u00e7\u00e3o nacional por meio das suas mais de 7.000 ag\u00eancias presentes em todo o pa\u00eds. O acesso a esse conjunto de solu\u00e7\u00f5es \u00e9 concedido pela aquisi\u00e7\u00e3o de nossos servi\u00e7os na modalidade de pagamento \u00e0 vista ou a faturar, por meio de nossos contratos comerciais.<\/p>\n<p style=\"text-align: justify;\">Ao firmar um contrato comercial com os Correios, o cliente torna-se parceiro da maior empresa de log\u00edstica de encomendas do Brasil e passa a ter acesso a um conjunto de benef\u00edcios associados ao cumprimento de contrapartidas espec\u00edficas.<\/p>\n<p style=\"text-align: justify;\">Alinhado ao objetivo de melhoria cont\u00ednua, bem como \u00e0 oferta de solu\u00e7\u00f5es eficientes, o processo de formaliza\u00e7\u00e3o de novos contratos \u00e9 constantemente revisado e adaptado ao cen\u00e1rio do mercado.<\/p>\n<p style=\"text-align: justify;\">Dessa forma, foram iniciados estudos internos para desenvolvimento de solu\u00e7\u00f5es simplificadas espec\u00edficas para as pequenas empresas que ainda n\u00e3o possuem alto n\u00edvel de consumo de nossos servi\u00e7os.<\/p>\n<p style=\"text-align: justify;\">Assim, at\u00e9 que tais solu\u00e7\u00f5es estejam dispon\u00edveis para o mercado, ser\u00e3o renovados e\/ou firmados novos contratos que atendam aos requisitos a seguir:<\/p>\n<p style=\"text-align: justify;\">Adquiram o pacote \u201cEncomendas 2\u201d que possui um valor m\u00ednimo de gastos de R$ 2.000,00 por m\u00eas, caso desejem contratar os servi\u00e7os de encomendas; ou,<br \/>\nTenham perspectiva de utiliza\u00e7\u00e3o mensal superior a R$ 1.000,00, caso desejem contratar outros servi\u00e7os do portf\u00f3lio dos Correios.<\/p>\n<p>Importante esclarecer que essas regras aplicam-se apenas aos novos contratos e renova\u00e7\u00f5es. Dessa maneira, a regra descrita acima n\u00e3o se aplica aos contratos j\u00e1 vigentes, os quais podem continuar sendo utilizados normalmente.<\/p>\n<p style=\"text-align: justify;\">Vale esclarecer tamb\u00e9m que tais regras n\u00e3o se aplicam aos clientes classificados como \u201c\u00d3rg\u00e3os P\u00fablicos\u201d, devido ao disposto nas Leis 8.666\/93 e 13.303\/96.<\/p>\n<p style=\"text-align: justify;\">Ressaltamos tamb\u00e9m que, caso o cliente n\u00e3o se enquadre em nenhum desses crit\u00e9rios, suas postagens poder\u00e3o ser realizadas na modalidade \u00e0 vista em todas as nossas ag\u00eancias.<\/p>\n<p style=\"text-align: justify;\">Por \u00faltimo informamos que permanecemos priorizando a implanta\u00e7\u00e3o de a\u00e7\u00f5es que t\u00eam como objetivo tornar nossa presta\u00e7\u00e3o de servi\u00e7os ainda mais aderente ao mercado de com\u00e9rcio eletr\u00f4nico.\u201d<\/p>\n<p style=\"text-align: justify;\">\n<p style=\"text-align: justify;\"><strong>Dire\u00e7\u00e3o Nacional da ADCAP.<\/strong><\/p>\n","protected":false},"excerpt":{"rendered":"<p>Mentiras e tempo perdido Blog Uni\u00e3o Para Fazer Acontecer 9 de agosto de 2018 Em minha vida pessoal e profissional, sempre prezei pela verdade. Penso que, quando falta a verdade,&hellip;<\/p>\n","protected":false},"author":3,"featured_media":0,"comment_status":"open","ping_status":"open","sticky":false,"template":"","format":"standard","meta":{"_editorskit_title_hidden":false,"_editorskit_reading_time":0,"_editorskit_is_block_options_detached":false,"_editorskit_block_options_position":"{}","footnotes":""},"categories":[3,43],"tags":[],"aioseo_notices":[],"_links":{"self":[{"href":"https:\/\/adcap.org.br\/index.php\/wp-json\/wp\/v2\/posts\/11088"}],"collection":[{"href":"https:\/\/adcap.org.br\/index.php\/wp-json\/wp\/v2\/posts"}],"about":[{"href":"https:\/\/adcap.org.br\/index.php\/wp-json\/wp\/v2\/types\/post"}],"author":[{"embeddable":true,"href":"https:\/\/adcap.org.br\/index.php\/wp-json\/wp\/v2\/users\/3"}],"replies":[{"embeddable":true,"href":"https:\/\/adcap.org.br\/index.php\/wp-json\/wp\/v2\/comments?post=11088"}],"version-history":[{"count":0,"href":"https:\/\/adcap.org.br\/index.php\/wp-json\/wp\/v2\/posts\/11088\/revisions"}],"wp:attachment":[{"href":"https:\/\/adcap.org.br\/index.php\/wp-json\/wp\/v2\/media?parent=11088"}],"wp:term":[{"taxonomy":"category","embeddable":true,"href":"https:\/\/adcap.org.br\/index.php\/wp-json\/wp\/v2\/categories?post=11088"},{"taxonomy":"post_tag","embeddable":true,"href":"https:\/\/adcap.org.br\/index.php\/wp-json\/wp\/v2\/tags?post=11088"}],"curies":[{"name":"wp","href":"https:\/\/api.w.org\/{rel}","templated":true}]}}